{"id":6643,"date":"2019-03-06T17:28:11","date_gmt":"2019-03-06T16:28:11","guid":{"rendered":"http:\/\/www.fisheco.se\/blogg\/sussissymfoni\/?p=6643"},"modified":"2019-03-06T17:28:11","modified_gmt":"2019-03-06T16:28:11","slug":"oforberedd-och-nytt-personbasta","status":"publish","type":"post","link":"https:\/\/blogg.fisheco.se\/sussissymfoni\/2019\/03\/06\/oforberedd-och-nytt-personbasta\/","title":{"rendered":"Of\u00f6rberedd och nytt personb\u00e4sta!"},"content":{"rendered":"\n<p>I \u00e5r missar jag havs\u00f6ringpremi\u00e4ren p\u00e5 v\u00e4stkusten den 1:a april men jag missade inte premi\u00e4ren i Lyckeby\u00e5n.<\/p>\n\n\n\n<p>Efter otroligt mycket jobb och en hj\u00e4rna som var segare \u00e4n kola s\u00e5 missade jag helt och h\u00e5llet att det var havs\u00f6ring Jens och jag skulle satsa p\u00e5 de f\u00f6rsta timmarna n\u00e4r fisket i Lyckeby\u00e5n \u00f6ppnade f\u00f6r s\u00e4songen. Jag hade sett framemot g\u00e4ddfiske och var s\u00e5 glad att f\u00e5 m\u00f6jlighet att testa mitt nya spinnsp\u00f6 GR100 fr\u00e5n Greys s\u00e5 jag hade helt missat att ta med havs\u00f6ringprylarna. Hur som hur s\u00e5 testade jag \u00e4nd\u00e5 att kasta ett litet 18grams tobydrag och f\u00f6r att j\u00e4mf\u00f6ra upplevelsen s\u00e5 att ni ska f\u00f6rst\u00e5 hur det k\u00e4ndes s\u00e5 skulle man kunna beskriva det hela som om att man kastar sm\u00e5 flugor, typ nymfer, med ett g\u00e4ddflugsp\u00f6 eller att man sl\u00e5r i sm\u00e5 nubb med en sl\u00e4gga (fast det senare alternativet kan g\u00f6ra ont, riktigt ont om man har otur)&#8230; det g\u00e5r, men det \u00e4r inte optimalt.<\/p>\n\n\n\n<figure class=\"wp-block-image\"><img loading=\"lazy\" decoding=\"async\" width=\"1014\" height=\"1024\" src=\"https:\/\/blogg.fisheco.se\/sussissymfoni\/wp-content\/uploads\/sites\/5\/2019\/03\/C763ABF6-9933-4BD8-A479-611862F399AC-1014x1024.jpg\" alt=\"\" class=\"wp-image-6639\" srcset=\"https:\/\/blogg.fisheco.se\/sussissymfoni\/wp-content\/uploads\/sites\/5\/2019\/03\/C763ABF6-9933-4BD8-A479-611862F399AC-1014x1024.jpg 1014w, https:\/\/blogg.fisheco.se\/sussissymfoni\/wp-content\/uploads\/sites\/5\/2019\/03\/C763ABF6-9933-4BD8-A479-611862F399AC-297x300.jpg 297w, https:\/\/blogg.fisheco.se\/sussissymfoni\/wp-content\/uploads\/sites\/5\/2019\/03\/C763ABF6-9933-4BD8-A479-611862F399AC-150x150.jpg 150w, https:\/\/blogg.fisheco.se\/sussissymfoni\/wp-content\/uploads\/sites\/5\/2019\/03\/C763ABF6-9933-4BD8-A479-611862F399AC-768x776.jpg 768w, https:\/\/blogg.fisheco.se\/sussissymfoni\/wp-content\/uploads\/sites\/5\/2019\/03\/C763ABF6-9933-4BD8-A479-611862F399AC-1521x1536.jpg 1521w, https:\/\/blogg.fisheco.se\/sussissymfoni\/wp-content\/uploads\/sites\/5\/2019\/03\/C763ABF6-9933-4BD8-A479-611862F399AC-2028x2048.jpg 2028w\" sizes=\"auto, (max-width: 1014px) 100vw, 1014px\" \/><figcaption>Tobydrag med utr\u00e4tad krok<\/figcaption><\/figure>\n\n\n\n<p>P\u00e5passligt nog s\u00e5 skulle Jens g\u00e5 upp och h\u00e4mta n\u00e5got i sin bil och jag var inte sen med att testa hans sp\u00f6. Vilken skillnad! Nu kunde jag \u00e5tminstone k\u00e4nna vibrationerna av draget i sp\u00f6toppen och ha n\u00e5gorlunda kontroll \u00f6ver vart draget befann sig d\u00e4r under ytan. Jag tog ytterligare ett kast och det tog tv\u00e4rstopp n\u00e5gon millisekund innan jag k\u00e4nde att det var tungt och att det var en fisk p\u00e5 kroken och inte ett bottennapp. <\/p>\n\n\n\n<p>Jens kom kutandes ner f\u00f6r sl\u00e4nten till \u00e5n och grep tag om den stora g\u00e4ddh\u00e5ven, ja f\u00f6r n\u00e5gon mindre h\u00e5v hade vi inte med oss, det visade sig att jag lyckats kroka en havs\u00f6ring. Det var dessutom \u00e5rets f\u00f6rsta p\u00e5 den str\u00e4ckan vi fiskade p\u00e5 d\u00e5 de andra som fiskade bredvid oss lyckades kroka g\u00e4ddor ist\u00e4llet f\u00f6r havs\u00f6ring.<\/p>\n\n\n\n<p> <\/p>\n\n\n\n<figure class=\"wp-block-image\"><img loading=\"lazy\" decoding=\"async\" width=\"768\" height=\"1024\" src=\"https:\/\/blogg.fisheco.se\/sussissymfoni\/wp-content\/uploads\/sites\/5\/2019\/03\/Fishflopp-768x1024.jpg\" alt=\"\" class=\"wp-image-6642\" srcset=\"https:\/\/blogg.fisheco.se\/sussissymfoni\/wp-content\/uploads\/sites\/5\/2019\/03\/Fishflopp-768x1024.jpg 768w, https:\/\/blogg.fisheco.se\/sussissymfoni\/wp-content\/uploads\/sites\/5\/2019\/03\/Fishflopp-225x300.jpg 225w, https:\/\/blogg.fisheco.se\/sussissymfoni\/wp-content\/uploads\/sites\/5\/2019\/03\/Fishflopp-1152x1536.jpg 1152w, https:\/\/blogg.fisheco.se\/sussissymfoni\/wp-content\/uploads\/sites\/5\/2019\/03\/Fishflopp-1536x2048.jpg 1536w, https:\/\/blogg.fisheco.se\/sussissymfoni\/wp-content\/uploads\/sites\/5\/2019\/03\/Fishflopp-scaled.jpg 1920w\" sizes=\"auto, (max-width: 768px) 100vw, 768px\" \/><figcaption>Pigg havs\u00f6ring<\/figcaption><\/figure>\n\n\n\n<p>Efter m\u00e4tning och v\u00e4gning visade det sig att denna firre var 74cm l\u00e5ng och v\u00e4gde 3,44kg. Tack vare l\u00e4ngden s\u00e5 slog den mitt gamla pb med 4cm. Mitt huvud var ju fortfarande segt som kola s\u00e5 jag f\u00f6rstod inte riktigt vad som h\u00e4nde och vad jag upplevde d\u00e4r och d\u00e5.<\/p>\n\n\n\n<figure class=\"wp-block-image\"><img decoding=\"async\" src=\"https:\/\/blogg.fisheco.se\/sussissymfoni\/wp-content\/uploads\/sites\/5\/2019\/03\/PB-havs\u00f6ring-768x1024.jpg\" alt=\"\" class=\"wp-image-6640\" \/><figcaption>Poseringsbild<\/figcaption><\/figure>\n\n\n\n<p>Jens tog en hel del bilder och firren simma tillbaka i \u00e5n. Jag tog en liten paus f\u00f6r att skriva f\u00e5ngstrapport. Det ryktades n\u00e4mligen om att Lyckeby\u00e5ns Fvof brukade ge ett pris f\u00f6r f\u00f6rsta och ett pris f\u00f6r st\u00f6rsta havs\u00f6ringen p\u00e5 premi\u00e4rdagen. Vi hade ingen aning om, om min var f\u00f6rst d\u00e5jag krokade den 25 minuter efter starten eller st\u00f6rts eller b\u00e5de och d\u00e5 \u00e5n \u00e4r l\u00e5ng och m\u00e5nga fiskar l\u00e4ngs andra str\u00e4ckor \u00e4n d\u00e4r vi var.<\/p>\n\n\n\n<p>Efter att g\u00e5tt upp kl 05 p\u00e5 morgonen s\u00e5 vart jag mer \u00e4n lovligt sliten s\u00e5 jag br\u00f6t fisket efter bara en timma, f\u00f6r att g\u00e5 hem, \u00e4ta frukost, sova ett par timmar f\u00f6r att sedan bege mig ut och flugfiska g\u00e4dda i ett par timmar.<\/p>\n\n\n\n<figure class=\"wp-block-image\"><img decoding=\"async\" src=\"https:\/\/blogg.fisheco.se\/sussissymfoni\/wp-content\/uploads\/sites\/5\/2019\/03\/G\u00e4dda-1024x732.jpg\" alt=\"\" class=\"wp-image-6644\" \/><figcaption>Efterl\u00e4ngtad fisk<\/figcaption><\/figure>\n\n\n\n<p>Jag har tv\u00e5 nya g\u00e4ddflugsp\u00f6n fr\u00e5n Greys som ska f\u00e5 bek\u00e4nna f\u00e4rg och d\u00e5 kr\u00e4vs det att jag l\u00e4gger lite mer tid p\u00e5 g\u00e4ddflugfiske s\u00e5 det blir troligtvis inte mer havs\u00f6ringfiske innan sportfiskem\u00e4ssan&#8230; Det blev en del g\u00e4ddor som glupskt bet i min g\u00e4ddfluga innan det var dags att m\u00f6ta upp Jens f\u00f6r ytterligare ett pass i \u00e5n p\u00e5 seneftermiddagen, men denna g\u00e5ng var det full fokus p\u00e5 spinnfiske efter \u00e5ns beryktade stormadammer. <\/p>\n\n\n\n<p>Just denna eftermiddag var madammerna p\u00e5 hugget, \u00e5tminstone p\u00e5 jenzzas beten och det kom upp en riktigt fin g\u00e4dda som landade p\u00e5 10 kilo blankt men det \u00e4r tyv\u00e4rr inte min historia att ber\u00e4tta \ud83d\ude09 Missa inte att f\u00f6lja Jens nya blogg h\u00e4r p\u00e5 FishEco klicka p\u00e5 &#8212;&gt;<a rel=\"noreferrer noopener\" aria-label=\" jenzzaluresblogg (opens in a new tab)\" href=\"http:\/\/www.fisheco.se\/blogg\/jenzzalures\/\" target=\"_blank\"> jenzzaluresblogg<\/a><\/p>\n\n\n\n<figure class=\"wp-block-image\"><img decoding=\"async\" src=\"https:\/\/blogg.fisheco.se\/sussissymfoni\/wp-content\/uploads\/sites\/5\/2019\/03\/\u00e5l-i-gapet-768x1024.jpg\" alt=\"10:an med en \u00e5l i gapet\" class=\"wp-image-6645\" \/><figcaption>10:an med en \u00e5l i gapet<\/figcaption><\/figure>\n\n\n\n<p>Vilken fantastisk premi\u00e4r det var! Nytt PB f\u00f6r mig!!!  <\/p>\n\n\n\n<p>Jag lyckades inte ta priset f\u00f6r f\u00f6rsta fisken men d\u00e4remot fick jag pris f\u00f6r st\u00f6rsta \ud83d\ude42 <\/p>\n","protected":false},"excerpt":{"rendered":"<p>I \u00e5r missar jag havs\u00f6ringpremi\u00e4ren p\u00e5 v\u00e4stkusten den 1:a april men jag missade inte premi\u00e4ren i Lyckeby\u00e5n. Efter otroligt mycket jobb och en hj\u00e4rna som var segare \u00e4n kola s\u00e5 missade jag helt och h\u00e5llet att det var havs\u00f6ring Jens &hellip; <a href=\"https:\/\/blogg.fisheco.se\/sussissymfoni\/2019\/03\/06\/oforberedd-och-nytt-personbasta\/\">Forts\u00e4tt l\u00e4sa <span class=\"meta-nav\">&rarr;<\/span><\/a><\/p>\n","protected":false},"author":14,"featured_media":0,"comment_status":"open","ping_status":"closed","sticky":false,"template":"","format":"standard","meta":{"footnotes":""},"categories":[2],"tags":[],"class_list":["post-6643","post","type-post","status-publish","format-standard","hentry","category-fiske"],"_links":{"self":[{"href":"https:\/\/blogg.fisheco.se\/sussissymfoni\/wp-json\/wp\/v2\/posts\/6643","targetHints":{"allow":["GET"]}}],"collection":[{"href":"https:\/\/blogg.fisheco.se\/sussissymfoni\/wp-json\/wp\/v2\/posts"}],"about":[{"href":"https:\/\/blogg.fisheco.se\/sussissymfoni\/wp-json\/wp\/v2\/types\/post"}],"author":[{"embeddable":true,"href":"https:\/\/blogg.fisheco.se\/sussissymfoni\/wp-json\/wp\/v2\/users\/14"}],"replies":[{"embeddable":true,"href":"https:\/\/blogg.fisheco.se\/sussissymfoni\/wp-json\/wp\/v2\/comments?post=6643"}],"version-history":[{"count":0,"href":"https:\/\/blogg.fisheco.se\/sussissymfoni\/wp-json\/wp\/v2\/posts\/6643\/revisions"}],"wp:attachment":[{"href":"https:\/\/blogg.fisheco.se\/sussissymfoni\/wp-json\/wp\/v2\/media?parent=6643"}],"wp:term":[{"taxonomy":"category","embeddable":true,"href":"https:\/\/blogg.fisheco.se\/sussissymfoni\/wp-json\/wp\/v2\/categories?post=6643"},{"taxonomy":"post_tag","embeddable":true,"href":"https:\/\/blogg.fisheco.se\/sussissymfoni\/wp-json\/wp\/v2\/tags?post=6643"}],"curies":[{"name":"wp","href":"https:\/\/api.w.org\/{rel}","templated":true}]}}