{"id":551,"date":"2012-02-20T21:35:59","date_gmt":"2012-02-20T20:35:59","guid":{"rendered":"https:\/\/sussissymfoni.wordpress.com\/?p=551"},"modified":"2012-02-20T21:35:59","modified_gmt":"2012-02-20T20:35:59","slug":"blasigt-varre","status":"publish","type":"post","link":"https:\/\/blogg.fisheco.se\/sussissymfoni\/2012\/02\/20\/blasigt-varre\/","title":{"rendered":"Bl\u00e5sigt v\u00e4rre!!"},"content":{"rendered":"<p>I morgon \u00e4r jag ledig, efter att jobbat hela helgen och idag. Det \u00e4r planerat att  jag ska ut och fiska efter&#8230;<\/p>\n<p><a href=\"http:\/\/sussissymfoni.files.wordpress.com\/2012\/02\/20120220-213035.jpg\" target=\"_blank\" rel=\"noopener\"><img decoding=\"async\" src=\"http:\/\/sussissymfoni.files.wordpress.com\/2012\/02\/20120220-213035.jpg\" alt=\"20120220-213035.jpg\" class=\"alignnone size-full\" \/><\/a><\/p>\n<p>och&#8230;<\/p>\n<p><a href=\"http:\/\/sussissymfoni.files.wordpress.com\/2012\/02\/20120220-213123.jpg\" target=\"_blank\" rel=\"noopener\"><img decoding=\"async\" src=\"http:\/\/sussissymfoni.files.wordpress.com\/2012\/02\/20120220-213123.jpg\" alt=\"20120220-213123.jpg\" class=\"alignnone size-full\" \/><\/a><\/p>\n<p>Men just nu bl\u00e5ser det som fasen ute, hoppas verkligen att det lugnar sig tills i morgon bitti!!<\/p>\n<p>Det var ju l\u00e4nge sedan jag var ute och isfiskade! Eller hur!!?? \ud83d\ude09<\/p>\n<p>Jag f\u00e5r s\u00e4llskap i morgon av mamma och pappa och det \u00e4r v\u00e4l f\u00e5 f\u00f6runnat att bjuda med sina f\u00f6r\u00e4ldrar ut, brukar ju oftast vara tv\u00e4rt om.. <\/p>\n<p>H\u00e5ll nu tummar, t\u00e5r och fenor p\u00e5 att v\u00e4dret inte st\u00e4ller till det s\u00e5 att vi inte kommer iv\u00e4g!!<br \/>\nSkitfiske till alla er andra!!<\/p>\n","protected":false},"excerpt":{"rendered":"<p>I morgon \u00e4r jag ledig, efter att jobbat hela helgen och idag. Det \u00e4r planerat att jag ska ut och fiska efter&#8230; och&#8230; Men just nu bl\u00e5ser det som fasen ute, hoppas verkligen att det lugnar sig tills i morgon &hellip; <a href=\"https:\/\/blogg.fisheco.se\/sussissymfoni\/2012\/02\/20\/blasigt-varre\/\">Forts\u00e4tt l\u00e4sa <span class=\"meta-nav\">&rarr;<\/span><\/a><\/p>\n","protected":false},"author":14,"featured_media":0,"comment_status":"open","ping_status":"open","sticky":false,"template":"","format":"standard","meta":{"footnotes":""},"categories":[2],"tags":[],"class_list":["post-551","post","type-post","status-publish","format-standard","hentry","category-fiske"],"_links":{"self":[{"href":"https:\/\/blogg.fisheco.se\/sussissymfoni\/wp-json\/wp\/v2\/posts\/551","targetHints":{"allow":["GET"]}}],"collection":[{"href":"https:\/\/blogg.fisheco.se\/sussissymfoni\/wp-json\/wp\/v2\/posts"}],"about":[{"href":"https:\/\/blogg.fisheco.se\/sussissymfoni\/wp-json\/wp\/v2\/types\/post"}],"author":[{"embeddable":true,"href":"https:\/\/blogg.fisheco.se\/sussissymfoni\/wp-json\/wp\/v2\/users\/14"}],"replies":[{"embeddable":true,"href":"https:\/\/blogg.fisheco.se\/sussissymfoni\/wp-json\/wp\/v2\/comments?post=551"}],"version-history":[{"count":0,"href":"https:\/\/blogg.fisheco.se\/sussissymfoni\/wp-json\/wp\/v2\/posts\/551\/revisions"}],"wp:attachment":[{"href":"https:\/\/blogg.fisheco.se\/sussissymfoni\/wp-json\/wp\/v2\/media?parent=551"}],"wp:term":[{"taxonomy":"category","embeddable":true,"href":"https:\/\/blogg.fisheco.se\/sussissymfoni\/wp-json\/wp\/v2\/categories?post=551"},{"taxonomy":"post_tag","embeddable":true,"href":"https:\/\/blogg.fisheco.se\/sussissymfoni\/wp-json\/wp\/v2\/tags?post=551"}],"curies":[{"name":"wp","href":"https:\/\/api.w.org\/{rel}","templated":true}]}}