{"id":543,"date":"2012-02-17T21:59:38","date_gmt":"2012-02-17T20:59:38","guid":{"rendered":"https:\/\/sussissymfoni.wordpress.com\/?p=543"},"modified":"2012-02-17T21:59:38","modified_gmt":"2012-02-17T20:59:38","slug":"fisk-och-lite-glamour","status":"publish","type":"post","link":"https:\/\/blogg.fisheco.se\/sussissymfoni\/2012\/02\/17\/fisk-och-lite-glamour\/","title":{"rendered":"Fisk och lite glamour!"},"content":{"rendered":"<p>Idag gick vi tjejer upp ganska tidigt, med tanke p\u00e5 hur sent vi gick och la oss i natt..<\/p>\n<p>Sarita lyckades f\u00e5nga en bild p\u00e5 mig i g\u00e5rkv\u00e4ll d\u00e4r jag satt och k\u00e4mpade med att binda flugor, s\u00e5 jag l\u00e4gger v\u00e4l ut bilden h\u00e4r till allm\u00e4n besk\u00e5dning..<\/p>\n<p>&#160;<\/p>\n<p><a href=\"http:\/\/sussissymfoni.files.wordpress.com\/2012\/02\/saritas-foto.jpg\" target=\"_blank\" rel=\"noopener\"><img loading=\"lazy\" decoding=\"async\" style=\"border-bottom:0;border-left:0;padding-left:0;padding-right:0;border-top:0;border-right:0;padding-top:0\" border=\"0\" alt=\"saritas-foto\" src=\"http:\/\/sussissymfoni.files.wordpress.com\/2012\/02\/saritas-foto_thumb.jpg\" width=\"506\" height=\"756\" \/><\/a><\/p>\n<p>&#160;<\/p>\n<p>Som jag koncentrerade mig!! Inte undra p\u00e5 att jag hade lite huvudv\u00e4rk idag, f\u00f6r inte katten berodde det p\u00e5 r\u00f6dvinet!!<\/p>\n<p>&#160;<\/p>\n<p>Efter frukost och lite kackel oss brudar emellan s\u00e5 tog vi en tur med flugsp\u00f6na l\u00e4ngs Norrbystr\u00f6mmen..<\/p>\n<p>&#160;<\/p>\n<p>Jeanette var f\u00f6rst ut..<\/p>\n<p>&#160;<\/p>\n<p><a href=\"http:\/\/sussissymfoni.files.wordpress.com\/2012\/02\/017.jpg\" target=\"_blank\" rel=\"noopener\"><img loading=\"lazy\" decoding=\"async\" style=\"border-bottom:0;border-left:0;padding-left:0;padding-right:0;border-top:0;border-right:0;padding-top:0\" border=\"0\" alt=\"017\" src=\"http:\/\/sussissymfoni.files.wordpress.com\/2012\/02\/017_thumb.jpg\" width=\"506\" height=\"339\" \/><\/a><\/p>\n<p>&#160;<\/p>\n<p>En fin liten regnb\u00e5ge! Inte s\u00e5 stor med j\u00e4ttefiiiiin!!! Fiskemorsan kan minsann b\u00e5de binda vackra flugor, kroka vackra fiskar och sj\u00e4lv vara v\u00e4ldigt vacker!! S\u00f6tsemlan!!<\/p>\n<p>&#160;<\/p>\n<p>Idag var det ett par plusgrader ute s\u00e5 isen hade gett med sig en hel del sedan ig\u00e5r kv\u00e4ll och det var lite roligare att l\u00e4gga ut flugorna utan en massa is i sp\u00f6ringarna\u2026<\/p>\n<p>&#160;<\/p>\n<p>Vi fick alla fiskkontakt s\u00e5 det k\u00e4ndes ju d\u00e5 extra roligt att glamma till det lite nu s\u00e5 h\u00e4r p\u00e5 vinterhalv\u00e5ret med!!<\/p>\n<p>&#160;<\/p>\n<p><a href=\"http:\/\/sussissymfoni.files.wordpress.com\/2012\/02\/028.jpg\" target=\"_blank\" rel=\"noopener\"><img loading=\"lazy\" decoding=\"async\" style=\"border-bottom:0;border-left:0;padding-left:0;padding-right:0;border-top:0;border-right:0;padding-top:0\" border=\"0\" alt=\"028\" src=\"http:\/\/sussissymfoni.files.wordpress.com\/2012\/02\/028_thumb.jpg\" width=\"506\" height=\"756\" \/><\/a><\/p>\n<p>&#160;<\/p>\n<p>Men denna g\u00e5ngen blev det inte l\u00e5ngkl\u00e4nning ( sorry Manni ) inte heller bikini men d\u00e4remot p\u00e4lskappa och p\u00e4lsm\u00f6ssa!! hahaha\u2026<\/p>\n<p>&#160;<\/p>\n<p><a href=\"http:\/\/sussissymfoni.files.wordpress.com\/2012\/02\/0391.jpg\" target=\"_blank\" rel=\"noopener\"><img loading=\"lazy\" decoding=\"async\" style=\"border-bottom:0;border-left:0;padding-left:0;padding-right:0;border-top:0;border-right:0;padding-top:0\" border=\"0\" alt=\"039\" src=\"http:\/\/sussissymfoni.files.wordpress.com\/2012\/02\/039_thumb1.jpg\" width=\"506\" height=\"439\" \/><\/a><\/p>\n<p>&#160;<\/p>\n<p>Anscha kn\u00e4ppte bilder f\u00f6r fullt med min kamera, jag var ju lite f\u00f6r bekv\u00e4m f\u00f6r att rigga stativet och k\u00f6ra med fj\u00e4rrutl\u00f6saren s\u00e5 n\u00e4r vi satt och tittade p\u00e5 bilderna s\u00e5 syntes min fotograf i mina pupiller!!<\/p>\n<p>&#160;<\/p>\n<p><a href=\"http:\/\/sussissymfoni.files.wordpress.com\/2012\/02\/anscha-i-pupill_redigerad-1.jpg\" target=\"_blank\" rel=\"noopener\"><img loading=\"lazy\" decoding=\"async\" style=\"border-bottom:0;border-left:0;padding-left:0;padding-right:0;border-top:0;border-right:0;padding-top:0\" border=\"0\" alt=\"anscha-i-pupill_redigerad-1\" src=\"http:\/\/sussissymfoni.files.wordpress.com\/2012\/02\/anscha-i-pupill_redigerad-1_thumb.jpg\" width=\"506\" height=\"230\" \/><\/a><\/p>\n<p>&#160;<\/p>\n<p>Kul med lite spexande!!<\/p>\n<p>&#160;<\/p>\n<p><a href=\"http:\/\/sussissymfoni.files.wordpress.com\/2012\/02\/048.jpg\" target=\"_blank\" rel=\"noopener\"><img loading=\"lazy\" decoding=\"async\" style=\"border-bottom:0;border-left:0;padding-left:0;padding-right:0;border-top:0;border-right:0;padding-top:0\" border=\"0\" alt=\"048\" src=\"http:\/\/sussissymfoni.files.wordpress.com\/2012\/02\/048_thumb.jpg\" width=\"506\" height=\"756\" \/><\/a><\/p>\n<p>&#160;<\/p>\n<p>Jag lyckades dessutom kroka en annan fotograf!! Sarita in action!!<\/p>\n<p>&#160;<\/p>\n<p>Ja s\u00e5 g\u00e5r det till n\u00e4r fisket \u00e4r som galnast och vi likas\u00e5!! Jag lyckades kroka en galen regnb\u00e5ge, p\u00e5 en montana, men b\u00e5ge drog iv\u00e4g med linan under ett stort isflak och valde sen att spotta ut flugan s\u00e5 det vart ingen bild p\u00e5 den fisken.<\/p>\n<p>&#160;<\/p>\n<p>N\u00f6jda och glada \u00f6ver dessa tv\u00e5 dagars tips och trix s\u00e5 packade vi ihop f\u00f6r denna g\u00e5ng och det blev skiftbyte i logen d\u00e5 Johan Nygren och hans polare kom precis i tid n\u00e4r vi skulle \u00e5ka! Fick ett sms ig\u00e5r kv\u00e4ll fr\u00e5n ett nummer jag inte k\u00e4nde igen och det var Johan som undrade hur fisket var och att de skulle anl\u00e4nda kl. 16 idag, s\u00e5 jag svarade med att vi skulle se till att ha l\u00e4mnat logen och vattnet innan de kom, men Johan menade p\u00e5 att det skulle vara roligt att tr\u00e4ffas. S\u00e5 sagt och gjort s\u00e5 blev det skiftbyte allt medans \u201cgrannen\u201d h\u00e4pet tittade p\u00e5 och utbrast att det var f\u00f6rsta g\u00e5ngen han sett tv\u00e5 fiskeg\u00e4ng avl\u00f6sa varandra p\u00e5 detta s\u00e4tt!! hahaha..&#160; Vi hade s\u00e5klart sett till att l\u00e4mna vattnet en stund innan s\u00e5 att det hann att vila innan killarna satte ig\u00e5ng med fisket, s\u00e5 sn\u00e4lla \u00e4r vi tjejer!! ( \u00d6nskar Johan och g\u00e4nget en trevlig vistelse och mycket t\u00f6!! )<\/p>\n<p>&#160;<\/p>\n<p>P\u00e5 v\u00e4gen hem blev det en vacker solnedg\u00e5ng strax efter Link\u00f6ping..<\/p>\n<p>&#160;<\/p>\n<p><a href=\"http:\/\/sussissymfoni.files.wordpress.com\/2012\/02\/059.jpg\" target=\"_blank\" rel=\"noopener\"><img loading=\"lazy\" decoding=\"async\" style=\"border-bottom:0;border-left:0;padding-left:0;padding-right:0;border-top:0;border-right:0;padding-top:0\" border=\"0\" alt=\"059\" src=\"http:\/\/sussissymfoni.files.wordpress.com\/2012\/02\/059_thumb.jpg\" width=\"506\" height=\"286\" \/><\/a><\/p>\n<p>&#160;<\/p>\n<p>och sista bilden f\u00f6r idag blev p\u00e5 Heliga Birgitta d\u00e4r hon st\u00e5r p\u00e5 en klippa och spanar ner \u00f6ver trafiken som passerar..<\/p>\n<p>&#160;<\/p>\n<p><a href=\"http:\/\/sussissymfoni.files.wordpress.com\/2012\/02\/064.jpg\" target=\"_blank\" rel=\"noopener\"><img loading=\"lazy\" decoding=\"async\" style=\"border-bottom:0;border-left:0;padding-left:0;padding-right:0;border-top:0;border-right:0;padding-top:0\" border=\"0\" alt=\"064\" src=\"http:\/\/sussissymfoni.files.wordpress.com\/2012\/02\/064_thumb.jpg\" width=\"506\" height=\"473\" \/><\/a><\/p>\n<p>&#160;<\/p>\n<p>&#160;<\/p>\n<p>Lite fler p\u00e4lsglamour bilder kommer nog att l\u00e4ggas ut h\u00e4r p\u00e5 bloggen fram\u00f6ver, kankse, om ni vill se??!!<\/p>\n<p>&#160;<\/p>\n<p>Tack Ingrid f\u00f6r att du \u00e4r s\u00e5 pedagogisk och l\u00e4rde mig binda ett par flugor p\u00e5 ett mycket bra s\u00e4tt!!<\/p>\n<p>Tack Anscha f\u00f6r fotograferingen, b\u00e5de jag med \u00f6ring och if\u00f6rd p\u00e4ls!<\/p>\n<p>Tack Jeanette f\u00f6r underbart god mat, kaffe, cheesecake, wordfeud och underbara bilder<\/p>\n<p>Tack Sarita f\u00f6r den fina kepsen, dina roliga videoklipp och din underbara humor!<\/p>\n<p>Tack alla f\u00f6r erat s\u00e4llskap och h\u00e4rliga <\/p>\n<p>Nu \u00e4r min helg \u00f6ver och i morgon bitti ska jag vara tillbaka p\u00e5 jobbet igen!<\/p>\n<p>Skitfiske \u00f6nskar jag er alla andra!!<\/p>\n","protected":false},"excerpt":{"rendered":"<p>Idag gick vi tjejer upp ganska tidigt, med tanke p\u00e5 hur sent vi gick och la oss i natt.. Sarita lyckades f\u00e5nga en bild p\u00e5 mig i g\u00e5rkv\u00e4ll d\u00e4r jag satt och k\u00e4mpade med att binda flugor, s\u00e5 jag l\u00e4gger &hellip; <a href=\"https:\/\/blogg.fisheco.se\/sussissymfoni\/2012\/02\/17\/fisk-och-lite-glamour\/\">Forts\u00e4tt l\u00e4sa <span class=\"meta-nav\">&rarr;<\/span><\/a><\/p>\n","protected":false},"author":14,"featured_media":0,"comment_status":"open","ping_status":"open","sticky":false,"template":"","format":"standard","meta":{"footnotes":""},"categories":[2],"tags":[],"class_list":["post-543","post","type-post","status-publish","format-standard","hentry","category-fiske"],"_links":{"self":[{"href":"https:\/\/blogg.fisheco.se\/sussissymfoni\/wp-json\/wp\/v2\/posts\/543","targetHints":{"allow":["GET"]}}],"collection":[{"href":"https:\/\/blogg.fisheco.se\/sussissymfoni\/wp-json\/wp\/v2\/posts"}],"about":[{"href":"https:\/\/blogg.fisheco.se\/sussissymfoni\/wp-json\/wp\/v2\/types\/post"}],"author":[{"embeddable":true,"href":"https:\/\/blogg.fisheco.se\/sussissymfoni\/wp-json\/wp\/v2\/users\/14"}],"replies":[{"embeddable":true,"href":"https:\/\/blogg.fisheco.se\/sussissymfoni\/wp-json\/wp\/v2\/comments?post=543"}],"version-history":[{"count":0,"href":"https:\/\/blogg.fisheco.se\/sussissymfoni\/wp-json\/wp\/v2\/posts\/543\/revisions"}],"wp:attachment":[{"href":"https:\/\/blogg.fisheco.se\/sussissymfoni\/wp-json\/wp\/v2\/media?parent=543"}],"wp:term":[{"taxonomy":"category","embeddable":true,"href":"https:\/\/blogg.fisheco.se\/sussissymfoni\/wp-json\/wp\/v2\/categories?post=543"},{"taxonomy":"post_tag","embeddable":true,"href":"https:\/\/blogg.fisheco.se\/sussissymfoni\/wp-json\/wp\/v2\/tags?post=543"}],"curies":[{"name":"wp","href":"https:\/\/api.w.org\/{rel}","templated":true}]}}