{"id":501,"date":"2012-02-15T22:52:56","date_gmt":"2012-02-15T21:52:56","guid":{"rendered":"https:\/\/sussissymfoni.wordpress.com\/?p=501"},"modified":"2012-02-15T22:52:56","modified_gmt":"2012-02-15T21:52:56","slug":"nya-klder","status":"publish","type":"post","link":"https:\/\/blogg.fisheco.se\/sussissymfoni\/2012\/02\/15\/nya-klder\/","title":{"rendered":"Nya kl\u00e4der!"},"content":{"rendered":"<p>I l\u00f6rdags \u00e5kte jag och Felix till Lerum f\u00f6r att h\u00e4lsa p\u00e5 min lillasyster, som fyllde \u00e5r, och hennes familj. <\/p>\n<p>&#160;<\/p>\n<p>Det blev ocks\u00e5 en tur till Skepplanda f\u00f6r att spana in lite vadarkl\u00e4der hos Johan.<\/p>\n<p>&#160;<\/p>\n<p>Det blev en del shopping f\u00f6r min del kan man lugnt s\u00e4ga..<\/p>\n<p>&#160;<\/p>\n<p><a href=\"http:\/\/sussissymfoni.files.wordpress.com\/2012\/02\/001.jpg\" target=\"_blank\" rel=\"noopener\"><img loading=\"lazy\" decoding=\"async\" style=\"border-bottom:0;border-left:0;padding-left:0;padding-right:0;border-top:0;border-right:0;padding-top:0\" border=\"0\" alt=\"001\" src=\"http:\/\/sussissymfoni.files.wordpress.com\/2012\/02\/001_thumb.jpg\" width=\"506\" height=\"756\" \/><\/a><\/p>\n<p>&#160;<\/p>\n<p>Nya andasvadare med en socka i min storlek vilket kommer att bli supersk\u00f6nt att slippa vika sockan vid t\u00e5rna eller h\u00e4len..<\/p>\n<p>&#160;<\/p>\n<p><a href=\"http:\/\/sussissymfoni.files.wordpress.com\/2012\/02\/002.jpg\" target=\"_blank\" rel=\"noopener\"><img loading=\"lazy\" decoding=\"async\" style=\"border-bottom:0;border-left:0;padding-left:0;padding-right:0;border-top:0;border-right:0;padding-top:0\" border=\"0\" alt=\"002\" src=\"http:\/\/sussissymfoni.files.wordpress.com\/2012\/02\/002_thumb.jpg\" width=\"506\" height=\"756\" \/><\/a><\/p>\n<p>&#160;<\/p>\n<p>En vadarjacka..<\/p>\n<p>&#160;<\/p>\n<p><a href=\"http:\/\/sussissymfoni.files.wordpress.com\/2012\/02\/004.jpg\" target=\"_blank\" rel=\"noopener\"><img loading=\"lazy\" decoding=\"async\" style=\"border-bottom:0;border-left:0;padding-left:0;padding-right:0;border-top:0;border-right:0;padding-top:0\" border=\"0\" alt=\"004\" src=\"http:\/\/sussissymfoni.files.wordpress.com\/2012\/02\/004_thumb.jpg\" width=\"506\" height=\"339\" \/><\/a><\/p>\n<p>&#160;<\/p>\n<p>h\u00e4rlig f\u00e4rg och underbar passform ( enligt Felix ) <img decoding=\"async\" style=\"border-style:none\" class=\"wlEmoticon wlEmoticon-winkingsmile\" alt=\"Blinkar\" src=\"http:\/\/sussissymfoni.files.wordpress.com\/2012\/02\/wlemoticon-winkingsmile.png\" \/><\/p>\n<p>&#160;<\/p>\n<p><a href=\"http:\/\/sussissymfoni.files.wordpress.com\/2012\/02\/0061.jpg\" target=\"_blank\" rel=\"noopener\"><img loading=\"lazy\" decoding=\"async\" style=\"border-bottom:0;border-left:0;padding-left:0;padding-right:0;border-top:0;border-right:0;padding-top:0\" border=\"0\" alt=\"006\" src=\"http:\/\/sussissymfoni.files.wordpress.com\/2012\/02\/006_thumb1.jpg\" width=\"506\" height=\"401\" \/><\/a><\/p>\n<p>&#160;<\/p>\n<p>Supersk\u00f6na vadarskor och \u201csn\u00f6rningen\u201d \u00e4r kanonsmidig!<\/p>\n<p>&#160;<\/p>\n<p><a href=\"http:\/\/sussissymfoni.files.wordpress.com\/2012\/02\/0102.jpg\" target=\"_blank\" rel=\"noopener\"><img loading=\"lazy\" decoding=\"async\" style=\"border-bottom:0;border-left:0;padding-left:0;padding-right:0;border-top:0;border-right:0;padding-top:0\" border=\"0\" alt=\"010\" src=\"http:\/\/sussissymfoni.files.wordpress.com\/2012\/02\/010_thumb2.jpg\" width=\"506\" height=\"339\" \/><\/a><\/p>\n<p>&#160;<\/p>\n<p>och \u00e4ven en v\u00e4st f\u00f6r allehanda prylar och flugaskar..<\/p>\n<p>&#160;<\/p>\n<p>S\u00e5 nu \u00e4r jag fit for fight f\u00f6r kommande \u00e4ventyr!<\/p>\n<p>&#160;<\/p>\n<p>I morgon b\u00e4r det av till Motala, ska m\u00f6ta upp ett g\u00e4ng underbara fiskebrudar och vi kommer att ha hur kul som helst i dagarna tv\u00e5!<\/p>\n<p>&#160;<\/p>\n<p>Skitfiske \u00f6nskar jag er alla och \u00e4ven oss sj\u00e4lva!!<\/p>\n","protected":false},"excerpt":{"rendered":"<p>I l\u00f6rdags \u00e5kte jag och Felix till Lerum f\u00f6r att h\u00e4lsa p\u00e5 min lillasyster, som fyllde \u00e5r, och hennes familj. &#160; Det blev ocks\u00e5 en tur till Skepplanda f\u00f6r att spana in lite vadarkl\u00e4der hos Johan. &#160; Det blev en &hellip; <a href=\"https:\/\/blogg.fisheco.se\/sussissymfoni\/2012\/02\/15\/nya-klder\/\">Forts\u00e4tt l\u00e4sa <span class=\"meta-nav\">&rarr;<\/span><\/a><\/p>\n","protected":false},"author":14,"featured_media":0,"comment_status":"open","ping_status":"open","sticky":false,"template":"","format":"standard","meta":{"footnotes":""},"categories":[2],"tags":[],"class_list":["post-501","post","type-post","status-publish","format-standard","hentry","category-fiske"],"_links":{"self":[{"href":"https:\/\/blogg.fisheco.se\/sussissymfoni\/wp-json\/wp\/v2\/posts\/501","targetHints":{"allow":["GET"]}}],"collection":[{"href":"https:\/\/blogg.fisheco.se\/sussissymfoni\/wp-json\/wp\/v2\/posts"}],"about":[{"href":"https:\/\/blogg.fisheco.se\/sussissymfoni\/wp-json\/wp\/v2\/types\/post"}],"author":[{"embeddable":true,"href":"https:\/\/blogg.fisheco.se\/sussissymfoni\/wp-json\/wp\/v2\/users\/14"}],"replies":[{"embeddable":true,"href":"https:\/\/blogg.fisheco.se\/sussissymfoni\/wp-json\/wp\/v2\/comments?post=501"}],"version-history":[{"count":0,"href":"https:\/\/blogg.fisheco.se\/sussissymfoni\/wp-json\/wp\/v2\/posts\/501\/revisions"}],"wp:attachment":[{"href":"https:\/\/blogg.fisheco.se\/sussissymfoni\/wp-json\/wp\/v2\/media?parent=501"}],"wp:term":[{"taxonomy":"category","embeddable":true,"href":"https:\/\/blogg.fisheco.se\/sussissymfoni\/wp-json\/wp\/v2\/categories?post=501"},{"taxonomy":"post_tag","embeddable":true,"href":"https:\/\/blogg.fisheco.se\/sussissymfoni\/wp-json\/wp\/v2\/tags?post=501"}],"curies":[{"name":"wp","href":"https:\/\/api.w.org\/{rel}","templated":true}]}}