{"id":468,"date":"2012-02-12T15:55:50","date_gmt":"2012-02-12T14:55:50","guid":{"rendered":"https:\/\/sussissymfoni.wordpress.com\/?p=468"},"modified":"2012-02-12T15:55:50","modified_gmt":"2012-02-12T14:55:50","slug":"forsta-ismetet-i-ar","status":"publish","type":"post","link":"https:\/\/blogg.fisheco.se\/sussissymfoni\/2012\/02\/12\/forsta-ismetet-i-ar\/","title":{"rendered":"F\u00f6rsta ismetet i \u00e5r!"},"content":{"rendered":"<p>En underbar dag d\u00e5 solen \u00e4ntligen tittade fram och temperaturen gick lite \u00f6ver nollan.<\/p>\n<p><a href=\"http:\/\/sussissymfoni.files.wordpress.com\/2012\/02\/20120212-154434.jpg\" target=\"_blank\" rel=\"noopener\"><img decoding=\"async\" src=\"http:\/\/sussissymfoni.files.wordpress.com\/2012\/02\/20120212-154434.jpg\" alt=\"20120212-154434.jpg\" class=\"alignnone size-full\" \/><\/a><\/p>\n<p>Joel har tagit med mig och Felix ut p\u00e5 ett trevlig vatten, en bit utanf\u00f6r G\u00f6teborg. Joel visade direkt var sp\u00f6et ska st\u00e5!! <\/p>\n<p><a href=\"http:\/\/sussissymfoni.files.wordpress.com\/2012\/02\/20120212-1547231.jpg\" target=\"_blank\" rel=\"noopener\"><img decoding=\"async\" src=\"http:\/\/sussissymfoni.files.wordpress.com\/2012\/02\/20120212-1547231.jpg\" alt=\"20120212-154723.jpg\" class=\"alignnone size-full\" \/><\/a><\/p>\n<p>Jag f\u00f6rs\u00f6kte leta efter lite abborre och hittade n\u00e5gra i denna storlek..<\/p>\n<p><a href=\"http:\/\/sussissymfoni.files.wordpress.com\/2012\/02\/20120212-1550381.jpg\" target=\"_blank\" rel=\"noopener\"><img decoding=\"async\" src=\"http:\/\/sussissymfoni.files.wordpress.com\/2012\/02\/20120212-1550381.jpg\" alt=\"20120212-155038.jpg\" class=\"alignnone size-full\" \/><\/a><\/p>\n<p>En otroligt sp\u00e4nnande klarvattensj\u00f6 d\u00e4r botten syns under den 15 cm tjocka isen..<\/p>\n<p>\u00c4ven om inte jag fick k\u00e4nna p\u00e5 g\u00e4dda idag s\u00e5 vill jag g\u00e4rna \u00e5ka hit igen f\u00f6r det finns annan sp\u00e4nnande fisk h\u00e4r.. Helt klart v\u00e4rt ett bes\u00f6k p\u00e5 sommarhalv\u00e5ret!<\/p>\n<p>Provar att blogga fr\u00e5n iphonen s\u00e5 jag har ingen aning om hur inl\u00e4gget nu kommer att se ut, s\u00e5 blir det n\u00e5got konstigt h\u00e4r s\u00e5 beror det p\u00e5 det!<\/p>\n","protected":false},"excerpt":{"rendered":"<p>En underbar dag d\u00e5 solen \u00e4ntligen tittade fram och temperaturen gick lite \u00f6ver nollan. Joel har tagit med mig och Felix ut p\u00e5 ett trevlig vatten, en bit utanf\u00f6r G\u00f6teborg. Joel visade direkt var sp\u00f6et ska st\u00e5!! Jag f\u00f6rs\u00f6kte leta &hellip; <a href=\"https:\/\/blogg.fisheco.se\/sussissymfoni\/2012\/02\/12\/forsta-ismetet-i-ar\/\">Forts\u00e4tt l\u00e4sa <span class=\"meta-nav\">&rarr;<\/span><\/a><\/p>\n","protected":false},"author":14,"featured_media":0,"comment_status":"open","ping_status":"open","sticky":false,"template":"","format":"standard","meta":{"footnotes":""},"categories":[2],"tags":[3],"class_list":["post-468","post","type-post","status-publish","format-standard","hentry","category-fiske","tag-fiske"],"_links":{"self":[{"href":"https:\/\/blogg.fisheco.se\/sussissymfoni\/wp-json\/wp\/v2\/posts\/468","targetHints":{"allow":["GET"]}}],"collection":[{"href":"https:\/\/blogg.fisheco.se\/sussissymfoni\/wp-json\/wp\/v2\/posts"}],"about":[{"href":"https:\/\/blogg.fisheco.se\/sussissymfoni\/wp-json\/wp\/v2\/types\/post"}],"author":[{"embeddable":true,"href":"https:\/\/blogg.fisheco.se\/sussissymfoni\/wp-json\/wp\/v2\/users\/14"}],"replies":[{"embeddable":true,"href":"https:\/\/blogg.fisheco.se\/sussissymfoni\/wp-json\/wp\/v2\/comments?post=468"}],"version-history":[{"count":0,"href":"https:\/\/blogg.fisheco.se\/sussissymfoni\/wp-json\/wp\/v2\/posts\/468\/revisions"}],"wp:attachment":[{"href":"https:\/\/blogg.fisheco.se\/sussissymfoni\/wp-json\/wp\/v2\/media?parent=468"}],"wp:term":[{"taxonomy":"category","embeddable":true,"href":"https:\/\/blogg.fisheco.se\/sussissymfoni\/wp-json\/wp\/v2\/categories?post=468"},{"taxonomy":"post_tag","embeddable":true,"href":"https:\/\/blogg.fisheco.se\/sussissymfoni\/wp-json\/wp\/v2\/tags?post=468"}],"curies":[{"name":"wp","href":"https:\/\/api.w.org\/{rel}","templated":true}]}}