{"id":4672,"date":"2014-01-24T18:30:43","date_gmt":"2014-01-24T17:30:43","guid":{"rendered":"http:\/\/www.fisheco.se\/blogg\/sussissymfoni\/?p=4672"},"modified":"2014-01-24T18:30:43","modified_gmt":"2014-01-24T17:30:43","slug":"sussi-in-net","status":"publish","type":"post","link":"https:\/\/blogg.fisheco.se\/sussissymfoni\/2014\/01\/24\/sussi-in-net\/","title":{"rendered":"Sussi in net!"},"content":{"rendered":"<p>I <a href=\"http:\/\/www.fisheco.se\/blogg\/sussissymfoni\/2014\/01\/21\/tro-det\/\" target=\"_blank\" rel=\"noopener\">f\u00f6rra inl\u00e4gget<\/a> skrev jag att jag blivit med n\u00e4t.<\/p>\n<p>Sen blev det radio silence h\u00e4r p\u00e5 bloggen.<\/p>\n<p>Ja, det \u00e4r inte alltid att vardagen blir som man t\u00e4nkt sig. Jobbet strular, arbetstiderna \u00e4ndras och jag har nu jobbat vaken natt f\u00f6r f\u00f6rsta g\u00e5ngen p\u00e5 flera \u00e5r.<\/p>\n<p>Om nu detta inl\u00e4gg blir lite konstigt skrivet s\u00e5 kan det bero p\u00e5 att mina tv\u00e5 hj\u00e4rnceller inte alls \u00e4r i fas med varandra. Det \u00e4r som att traska runt i ett slags vakuum. <\/p>\n<p>Men hur som hur..<\/p>\n<p>Det kom ett stort paket hem till mig med massor av sp\u00e4nnande grejer fr\u00e5n <a href=\"http:\/\/www.aclima.no\/index.php?lang=se\" target=\"_blank\" rel=\"noopener\">Aclima<\/a>.<\/p>\n<p>&#160;<\/p>\n<p><a href=\"https:\/\/blogg.fisheco.se\/sussissymfoni\/wp-content\/uploads\/sites\/5\/2014\/01\/Aclima-produkter.jpg\"><img loading=\"lazy\" decoding=\"async\" title=\"Aclima produkter\" style=\"border-top: 0px;border-right: 0px;border-bottom: 0px;padding-top: 0px;padding-left: 0px;border-left: 0px;padding-right: 0px\" border=\"0\" alt=\"Aclima produkter\" src=\"https:\/\/blogg.fisheco.se\/sussissymfoni\/wp-content\/uploads\/sites\/5\/2014\/01\/Aclima-produkter_thumb.jpg\" width=\"594\" height=\"447\" \/><\/a><\/p>\n<p>&#160;<\/p>\n<p>Underst\u00e4ll i n\u00e4t, m\u00f6ssor, sockar, sport BH och annat bra ha mot kylan d\u00e4r ute. Ja, en del av dessa kl\u00e4der ska tydligen funka fint \u00e4ven varma dagar..<\/p>\n<p>&#160;<\/p>\n<p>Allt detta har jag \u201c<a href=\"http:\/\/fiskegubben.se\/\" target=\"_blank\" rel=\"noopener\">Heikki Fiskegubben Vainionp\u00e4\u00e4<\/a>\u201d&#160; att tacka f\u00f6r!<\/p>\n<p>&#160;<\/p>\n<p><a href=\"https:\/\/blogg.fisheco.se\/sussissymfoni\/wp-content\/uploads\/sites\/5\/2014\/01\/Aclima-nt.jpg\"><img loading=\"lazy\" decoding=\"async\" title=\"Aclima n\u00e4t\" style=\"border-top: 0px;border-right: 0px;border-bottom: 0px;padding-top: 0px;padding-left: 0px;border-left: 0px;padding-right: 0px\" border=\"0\" alt=\"Aclima n\u00e4t\" src=\"https:\/\/blogg.fisheco.se\/sussissymfoni\/wp-content\/uploads\/sites\/5\/2014\/01\/Aclima-nt_thumb.jpg\" width=\"594\" height=\"986\" \/><\/a><\/p>\n<p>&#160;<\/p>\n<p>S\u00e5 ig\u00e5r hoppade jag i n\u00e4tunderst\u00e4llet.<\/p>\n<p>&#160;<\/p>\n<p><a href=\"https:\/\/blogg.fisheco.se\/sussissymfoni\/wp-content\/uploads\/sites\/5\/2014\/01\/aclima-nttrja.jpg\"><img loading=\"lazy\" decoding=\"async\" title=\"aclima n\u00e4ttr\u00f6ja\" style=\"border-top: 0px;border-right: 0px;border-bottom: 0px;padding-top: 0px;padding-left: 0px;border-left: 0px;padding-right: 0px\" border=\"0\" alt=\"aclima n\u00e4ttr\u00f6ja\" src=\"https:\/\/blogg.fisheco.se\/sussissymfoni\/wp-content\/uploads\/sites\/5\/2014\/01\/aclima-nttrja_thumb.jpg\" width=\"594\" height=\"894\" \/><\/a><\/p>\n<p>&#160;<\/p>\n<p>och redan h\u00e4r \u00e4r jag v\u00e4ldigt positiv till kl\u00e4dernas utformande. Tr\u00f6jan \u00e4r lite l\u00e4ngre och g\u00e5r ner under bakpartiet vilket f\u00f6rhindrar att det blir en glipa mellan byxor och tr\u00f6ja och d\u00e4rmed inget kallras p\u00e5 l\u00e4ndryggen!<\/p>\n<p>&#160;<\/p>\n<p><a href=\"https:\/\/blogg.fisheco.se\/sussissymfoni\/wp-content\/uploads\/sites\/5\/2014\/01\/Sussi-provar-Aclima.jpg\"><img loading=\"lazy\" decoding=\"async\" title=\"Sussi provar Aclima\" style=\"border-top: 0px;border-right: 0px;border-bottom: 0px;padding-top: 0px;padding-left: 0px;border-left: 0px;padding-right: 0px\" border=\"0\" alt=\"Sussi provar Aclima\" src=\"https:\/\/blogg.fisheco.se\/sussissymfoni\/wp-content\/uploads\/sites\/5\/2014\/01\/Sussi-provar-Aclima_thumb.jpg\" width=\"594\" height=\"790\" \/><\/a><\/p>\n<p>&#160;<\/p>\n<p>S\u00e5 jag begav mig ut till stallet och tog en ridtur i g\u00e5rdagens v\u00e4der som bj\u00f6d p\u00e5 7 minus och l\u00e4tt sn\u00f6fall.<\/p>\n<p>Det s\u00e4gs att dessa underkl\u00e4der ska funka bra b\u00e5de vid fysisk aktivitet och vid stillast\u00e5ende och de klarade f\u00f6rsta testet. DVS rej\u00e4l fysisk aktivitet!!<\/p>\n<p>&#160;<\/p>\n<p>Jag ska g\u00f6ra en l\u00e4ngre artikel och verkligen prova kl\u00e4derna p\u00e5 alla m\u00f6jliga s\u00e4tt innan ni f\u00e5r veta mer, dessutom ska det tas b\u00e4ttre bilder \u00e4n dessa men ibland latar man sig med att inte plocka fram systemkameran. Kvalit\u00e9n blir ju d\u00e4refter ocks\u00e5 <img decoding=\"async\" class=\"wlEmoticon wlEmoticon-winkingsmile\" style=\"border-top-style: none;border-bottom-style: none;border-right-style: none;border-left-style: none\" alt=\"Blinkar\" src=\"https:\/\/blogg.fisheco.se\/sussissymfoni\/wp-content\/uploads\/sites\/5\/2014\/01\/wlEmoticon-winkingsmile5.png\" \/>&#160;<\/p>\n<p>Det kommer att bli en artikel i n\u00e4sta <a href=\"http:\/\/fisheco.se\/\" target=\"_blank\" rel=\"noopener\">FishEco<\/a> Magazinet <\/p>\n","protected":false},"excerpt":{"rendered":"<p>I f\u00f6rra inl\u00e4gget skrev jag att jag blivit med n\u00e4t. Sen blev det radio silence h\u00e4r p\u00e5 bloggen. Ja, det \u00e4r inte alltid att vardagen blir som man t\u00e4nkt sig. Jobbet strular, arbetstiderna \u00e4ndras och jag har nu jobbat vaken &hellip; <a href=\"https:\/\/blogg.fisheco.se\/sussissymfoni\/2014\/01\/24\/sussi-in-net\/\">Forts\u00e4tt l\u00e4sa <span class=\"meta-nav\">&rarr;<\/span><\/a><\/p>\n","protected":false},"author":14,"featured_media":0,"comment_status":"open","ping_status":"closed","sticky":false,"template":"","format":"standard","meta":{"footnotes":""},"categories":[6],"tags":[190,188],"class_list":["post-4672","post","type-post","status-publish","format-standard","hentry","category-kuriosa","tag-aclima","tag-fiskeklader"],"_links":{"self":[{"href":"https:\/\/blogg.fisheco.se\/sussissymfoni\/wp-json\/wp\/v2\/posts\/4672","targetHints":{"allow":["GET"]}}],"collection":[{"href":"https:\/\/blogg.fisheco.se\/sussissymfoni\/wp-json\/wp\/v2\/posts"}],"about":[{"href":"https:\/\/blogg.fisheco.se\/sussissymfoni\/wp-json\/wp\/v2\/types\/post"}],"author":[{"embeddable":true,"href":"https:\/\/blogg.fisheco.se\/sussissymfoni\/wp-json\/wp\/v2\/users\/14"}],"replies":[{"embeddable":true,"href":"https:\/\/blogg.fisheco.se\/sussissymfoni\/wp-json\/wp\/v2\/comments?post=4672"}],"version-history":[{"count":0,"href":"https:\/\/blogg.fisheco.se\/sussissymfoni\/wp-json\/wp\/v2\/posts\/4672\/revisions"}],"wp:attachment":[{"href":"https:\/\/blogg.fisheco.se\/sussissymfoni\/wp-json\/wp\/v2\/media?parent=4672"}],"wp:term":[{"taxonomy":"category","embeddable":true,"href":"https:\/\/blogg.fisheco.se\/sussissymfoni\/wp-json\/wp\/v2\/categories?post=4672"},{"taxonomy":"post_tag","embeddable":true,"href":"https:\/\/blogg.fisheco.se\/sussissymfoni\/wp-json\/wp\/v2\/tags?post=4672"}],"curies":[{"name":"wp","href":"https:\/\/api.w.org\/{rel}","templated":true}]}}