{"id":4580,"date":"2014-01-10T14:34:10","date_gmt":"2014-01-10T13:34:10","guid":{"rendered":"http:\/\/www.fisheco.se\/blogg\/sussissymfoni\/?p=4580"},"modified":"2014-01-10T14:34:10","modified_gmt":"2014-01-10T13:34:10","slug":"vrmande-inunder","status":"publish","type":"post","link":"https:\/\/blogg.fisheco.se\/sussissymfoni\/2014\/01\/10\/vrmande-inunder\/","title":{"rendered":"V\u00e4rmande inunder.."},"content":{"rendered":"<p>\u00c5tskilliga \u00e4r de timmar jag huttrat och frusit d\u00e5 vintern och k\u00f6ldgraderna drabbat v\u00e5rt land.<\/p>\n<p>Att frysa tar v\u00e4ldigt mycket energi och f\u00f6rst\u00f6r ocks\u00e5 tjusningen med att vara ute, speciellt n\u00e4r det g\u00e4ller fisket.<\/p>\n<p>Bilderna blir inte heller bra d\u00e5 man skakar s\u00e5 pass av k\u00f6ld, att inte ens bildstabilisatorn p\u00e5 kameran hj\u00e4lper att f\u00e5 sk\u00e4rpan perfekt.<\/p>\n<p>N\u00e4, nu \u00e4r det slut med en huttrande Sussi!!<\/p>\n<p>Ig\u00e5r anl\u00e4nde en stor s\u00e4ck kl\u00e4der fr\u00e5n <a href=\"http:\/\/www.engelsons.se\/\" target=\"_blank\" rel=\"noopener\">engelsons<\/a>.<\/p>\n<p>Varma sk\u00f6na kl\u00e4der som jag best\u00e4llde f\u00f6rra veckan.<\/p>\n<p>&#160;<\/p>\n<p><a href=\"https:\/\/blogg.fisheco.se\/sussissymfoni\/wp-content\/uploads\/sites\/5\/2014\/01\/bomboo-understll.jpg\"><img loading=\"lazy\" decoding=\"async\" title=\"bomboo underst\u00e4ll\" style=\"border-top: 0px;border-right: 0px;border-bottom: 0px;padding-top: 0px;padding-left: 0px;border-left: 0px;padding-right: 0px\" border=\"0\" alt=\"bomboo underst\u00e4ll\" src=\"https:\/\/blogg.fisheco.se\/sussissymfoni\/wp-content\/uploads\/sites\/5\/2014\/01\/bomboo-understll_thumb.jpg\" width=\"594\" height=\"684\" \/><\/a><\/p>\n<p>&#160;<\/p>\n<p>Men n\u00e4rmast kroppen, lager 1, har jag ett bamboounderst\u00e4ll ink\u00f6pt f\u00f6r en rimlig summa p\u00e5 Gek\u00e5s i Ullared. Likas\u00e5 sockarna i merinoull.<\/p>\n<p>&#160;<\/p>\n<p>Som lager 2 har jag en onepice, men den kommer jag att blogga om i n\u00e4sta inl\u00e4gg d\u00e5 den kr\u00e4ver sitt egna inl\u00e4gg.<\/p>\n<p>&#160;<\/p>\n<p><a href=\"http:\/\/www.engelsons.se\/vindtat-fleecevast\" target=\"_blank\" rel=\"noopener\"><img loading=\"lazy\" decoding=\"async\" title=\"fleecev\u00e4st\" style=\"border-top: 0px;border-right: 0px;border-bottom: 0px;padding-top: 0px;padding-left: 0px;border-left: 0px;padding-right: 0px\" border=\"0\" alt=\"fleecev\u00e4st\" src=\"https:\/\/blogg.fisheco.se\/sussissymfoni\/wp-content\/uploads\/sites\/5\/2014\/01\/fleecevst.jpg\" width=\"594\" height=\"712\" \/><\/a><\/p>\n<p>&#160;<\/p>\n<p>Utanp\u00e5 lager 2 ska jag nu anv\u00e4nda denna fleecev\u00e4st som \u00e4r vindt\u00e4t.<\/p>\n<p>&#160;<\/p>\n<p><a href=\"http:\/\/www.engelsons.se\/catalogsearch\/result\/?q=fiberp%C3%A4ls\" target=\"_blank\" rel=\"noopener\"><img loading=\"lazy\" decoding=\"async\" title=\"fiberp\u00e4ls\" style=\"border-top: 0px;border-right: 0px;border-bottom: 0px;padding-top: 0px;padding-left: 0px;border-left: 0px;padding-right: 0px\" border=\"0\" alt=\"fiberp\u00e4ls\" src=\"https:\/\/blogg.fisheco.se\/sussissymfoni\/wp-content\/uploads\/sites\/5\/2014\/01\/fiberpls.jpg\" width=\"594\" height=\"846\" \/><\/a><\/p>\n<p>&#160;<\/p>\n<p>Som lager tre har jag nu k\u00f6pt denna outfit i fiberp\u00e4ls, sockar, l\u00e5ngkalsong och jacka.<\/p>\n<p>&#160;<\/p>\n<p><a href=\"http:\/\/www.engelsons.se\/mossor-vantar\/vantar\/torgvante-varmare\" target=\"_blank\" rel=\"noopener\"><img loading=\"lazy\" decoding=\"async\" title=\"vantar\" style=\"border-top: 0px;border-right: 0px;border-bottom: 0px;padding-top: 0px;padding-left: 0px;border-left: 0px;padding-right: 0px\" border=\"0\" alt=\"vantar\" src=\"https:\/\/blogg.fisheco.se\/sussissymfoni\/wp-content\/uploads\/sites\/5\/2014\/01\/vantar.jpg\" width=\"594\" height=\"911\" \/><\/a><\/p>\n<p>&#160;<\/p>\n<p>Till h\u00e4nderna valde jag dessa jakt\/torg vantar med ficka f\u00f6r handv\u00e4rmare. Ett paket handv\u00e4rmare ingick.<\/p>\n<p>&#160;<\/p>\n<p><a href=\"https:\/\/blogg.fisheco.se\/sussissymfoni\/wp-content\/uploads\/sites\/5\/2014\/01\/handvrmare.jpg\"><img loading=\"lazy\" decoding=\"async\" title=\"handv\u00e4rmare\" style=\"border-top: 0px;border-right: 0px;border-bottom: 0px;padding-top: 0px;padding-left: 0px;border-left: 0px;padding-right: 0px\" border=\"0\" alt=\"handv\u00e4rmare\" src=\"https:\/\/blogg.fisheco.se\/sussissymfoni\/wp-content\/uploads\/sites\/5\/2014\/01\/handvrmare_thumb.jpg\" width=\"594\" height=\"589\" \/><\/a><\/p>\n<p>&#160;<\/p>\n<p>Tidigare \u00e5r har jag inf\u00f6rskaffat mig ett g\u00e4ng handv\u00e4rmare som man kan \u00e5teranv\u00e4nda. <\/p>\n<p>De \u00e4r supersk\u00f6na att anv\u00e4nda n\u00e4r fingrarna \u00e4r stela av k\u00f6ld. <\/p>\n<p>Inuti dessa p\u00e5sar finns en metallknapp, n\u00e4r man b\u00e4nder den s\u00e5 f\u00f6rvandlas v\u00e4tskan till en stel massa och ger ifr\u00e5n sig v\u00e4rme. <\/p>\n<p>V\u00e4rmen h\u00e5ller i sig fr\u00e5n 2-6 timmar beroende p\u00e5 vilket m\u00e4rke man k\u00f6pt och temperaturen ute. <\/p>\n<p>Jag brukar l\u00e4gga dessa i fickorna och stoppar sedan h\u00e4nderna d\u00e4r i f\u00f6r att f\u00e5 upp v\u00e4rmen igen. <\/p>\n<p>N\u00e4r dessa handv\u00e4rmare \u00e4r f\u00f6rbrukade s\u00e5 \u00e4r det bara att koka dem i vatten tills massan blir flytande igen och s\u00e5 \u00e4r det bara till att l\u00e4gga ner dem i fiskev\u00e4sten\/v\u00e4skan s\u00e5 finns de tillg\u00e4ngliga tills n\u00e4sta pass. Dessa finns att k\u00f6pa lite varstans tex Jula, Biltema, Naturkompaniet m.fl.<\/p>\n<p>&#160;<\/p>\n<p>S\u00e5 nu ska jag v\u00e4l klara av att st\u00e5 ute i det kalla vattnet och fiska en hel dag utan att beh\u00f6va frysa halv ihj\u00e4l.<\/p>\n<p>&#160;<\/p>\n<p>Jo just det, ett par vadarskor i ett par storlekar st\u00f6rre kr\u00e4vs ocks\u00e5 f\u00f6r att f\u00e5 plats med extra sockar och neoprenvadarsockan. <\/p>\n","protected":false},"excerpt":{"rendered":"<p>\u00c5tskilliga \u00e4r de timmar jag huttrat och frusit d\u00e5 vintern och k\u00f6ldgraderna drabbat v\u00e5rt land. Att frysa tar v\u00e4ldigt mycket energi och f\u00f6rst\u00f6r ocks\u00e5 tjusningen med att vara ute, speciellt n\u00e4r det g\u00e4ller fisket. Bilderna blir inte heller bra d\u00e5 &hellip; <a href=\"https:\/\/blogg.fisheco.se\/sussissymfoni\/2014\/01\/10\/vrmande-inunder\/\">Forts\u00e4tt l\u00e4sa <span class=\"meta-nav\">&rarr;<\/span><\/a><\/p>\n","protected":false},"author":14,"featured_media":0,"comment_status":"open","ping_status":"closed","sticky":false,"template":"","format":"standard","meta":{"footnotes":""},"categories":[7],"tags":[188,189],"class_list":["post-4580","post","type-post","status-publish","format-standard","hentry","category-tips","tag-fiskeklader","tag-understall"],"_links":{"self":[{"href":"https:\/\/blogg.fisheco.se\/sussissymfoni\/wp-json\/wp\/v2\/posts\/4580","targetHints":{"allow":["GET"]}}],"collection":[{"href":"https:\/\/blogg.fisheco.se\/sussissymfoni\/wp-json\/wp\/v2\/posts"}],"about":[{"href":"https:\/\/blogg.fisheco.se\/sussissymfoni\/wp-json\/wp\/v2\/types\/post"}],"author":[{"embeddable":true,"href":"https:\/\/blogg.fisheco.se\/sussissymfoni\/wp-json\/wp\/v2\/users\/14"}],"replies":[{"embeddable":true,"href":"https:\/\/blogg.fisheco.se\/sussissymfoni\/wp-json\/wp\/v2\/comments?post=4580"}],"version-history":[{"count":0,"href":"https:\/\/blogg.fisheco.se\/sussissymfoni\/wp-json\/wp\/v2\/posts\/4580\/revisions"}],"wp:attachment":[{"href":"https:\/\/blogg.fisheco.se\/sussissymfoni\/wp-json\/wp\/v2\/media?parent=4580"}],"wp:term":[{"taxonomy":"category","embeddable":true,"href":"https:\/\/blogg.fisheco.se\/sussissymfoni\/wp-json\/wp\/v2\/categories?post=4580"},{"taxonomy":"post_tag","embeddable":true,"href":"https:\/\/blogg.fisheco.se\/sussissymfoni\/wp-json\/wp\/v2\/tags?post=4580"}],"curies":[{"name":"wp","href":"https:\/\/api.w.org\/{rel}","templated":true}]}}