{"id":3750,"date":"2013-06-17T11:55:32","date_gmt":"2013-06-17T09:55:32","guid":{"rendered":"http:\/\/www.fisheco.se\/blogg\/sussissymfoni\/?p=3750"},"modified":"2013-06-17T11:55:32","modified_gmt":"2013-06-17T09:55:32","slug":"tjejfiskets-dag-2013","status":"publish","type":"post","link":"https:\/\/blogg.fisheco.se\/sussissymfoni\/2013\/06\/17\/tjejfiskets-dag-2013\/","title":{"rendered":"Tjejfiskets dag 2013"},"content":{"rendered":"<p>F\u00f6r 4:e \u00e5ret i rad har nu Tjejfiskets dag anordnats i Abborrag\u00f6len i Eksj\u00f6.<\/p>\n<p>\u00c5terigen var vi ett g\u00e4ng Fj\u00e4llor, Mats Aronsson fr\u00e5n Fiskestig och Stig Dolk fr\u00e5n Eksj\u00f6 Fiskeklubb som tog oss an ett g\u00e4ng fiskesugna tjejer, n\u00e4rmare best\u00e4mt 15 stycken.<\/p>\n<p>Det \u00e4r s\u00e5 kul att det dyker upp tjejer fr\u00e5n n\u00e4r och fj\u00e4rran, bara f\u00f6r att fiska en stund och prata om b\u00e5de det ena och det andra, f\u00e5 tips och testa p\u00e5 lite olika fiskemetoder.<\/p>\n<p>&#160;<\/p>\n<p>&#160;<\/p>\n<p><a href=\"https:\/\/blogg.fisheco.se\/sussissymfoni\/wp-content\/uploads\/sites\/5\/2013\/06\/Mia-och-Nellie.jpg\"><img loading=\"lazy\" decoding=\"async\" title=\"Mia-och-Nellie\" style=\"border-top: 0px;border-right: 0px;border-bottom: 0px;padding-top: 0px;padding-left: 0px;border-left: 0px;padding-right: 0px\" border=\"0\" alt=\"Mia-och-Nellie\" src=\"https:\/\/blogg.fisheco.se\/sussissymfoni\/wp-content\/uploads\/sites\/5\/2013\/06\/Mia-och-Nellie_thumb.jpg\" width=\"594\" height=\"449\" \/><\/a><\/p>\n<p>&#160;<\/p>\n<p>Fj\u00e4llan Mia W\u00e4rnbring hade tagit med sig sina tv\u00e5 d\u00f6ttrar och just h\u00e4r hj\u00e4lper hon Nellie.<\/p>\n<p>Nellie fick en n\u00e4stan fisk, den sl\u00e4ppte precis invid bryggan.<\/p>\n<p>&#160;<\/p>\n<p><a href=\"https:\/\/blogg.fisheco.se\/sussissymfoni\/wp-content\/uploads\/sites\/5\/2013\/06\/Mats-Aronsson.jpg\"><img loading=\"lazy\" decoding=\"async\" title=\"Mats-Aronsson\" style=\"border-top: 0px;border-right: 0px;border-bottom: 0px;padding-top: 0px;padding-left: 0px;border-left: 0px;padding-right: 0px\" border=\"0\" alt=\"Mats-Aronsson\" src=\"https:\/\/blogg.fisheco.se\/sussissymfoni\/wp-content\/uploads\/sites\/5\/2013\/06\/Mats-Aronsson_thumb.jpg\" width=\"594\" height=\"398\" \/><\/a><\/p>\n<p>&#160;<\/p>\n<p>Mats Aronsson fr\u00e5n Fiskestig f\u00f6rs\u00f6kte locka in regnb\u00e5garna till tjejerna som stod p\u00e5 land och fiskade men det var tr\u00f6gt att f\u00e5 fiskarna till att hugga p\u00e5 dragen och flugorna.<\/p>\n<p>&#160;<\/p>\n<p><a href=\"https:\/\/blogg.fisheco.se\/sussissymfoni\/wp-content\/uploads\/sites\/5\/2013\/06\/carro.jpg\"><img loading=\"lazy\" decoding=\"async\" title=\"carro\" style=\"border-top: 0px;border-right: 0px;border-bottom: 0px;padding-top: 0px;padding-left: 0px;border-left: 0px;padding-right: 0px\" border=\"0\" alt=\"carro\" src=\"https:\/\/blogg.fisheco.se\/sussissymfoni\/wp-content\/uploads\/sites\/5\/2013\/06\/carro_thumb.jpg\" width=\"594\" height=\"366\" \/><\/a><\/p>\n<p>&#160;<\/p>\n<p>Caroline Bjerne provade p\u00e5 b\u00e5de flugfiske och kastsp\u00f6 med skeddrag, men inga fiskar vart sugna p\u00e5 varken det ena eller det andra.<\/p>\n<p>&#160;<\/p>\n<p><a href=\"https:\/\/blogg.fisheco.se\/sussissymfoni\/wp-content\/uploads\/sites\/5\/2013\/06\/fjllorna-fikar.jpg\"><img loading=\"lazy\" decoding=\"async\" title=\"fj\u00e4llorna-fikar\" style=\"border-top: 0px;border-right: 0px;border-bottom: 0px;padding-top: 0px;padding-left: 0px;border-left: 0px;padding-right: 0px\" border=\"0\" alt=\"fj\u00e4llorna-fikar\" src=\"https:\/\/blogg.fisheco.se\/sussissymfoni\/wp-content\/uploads\/sites\/5\/2013\/06\/fjllorna-fikar_thumb.jpg\" width=\"594\" height=\"398\" \/><\/a><\/p>\n<p>&#160;<\/p>\n<p>Fikasugna vart vi s\u00e5klart efter ett tag och h\u00e4r sitter ett g\u00e4ng fr\u00e5n <a href=\"http:\/\/fjallorna.se\/\" target=\"_blank\" rel=\"noopener\">Fj\u00e4llorna<\/a>, Jennie Wallentin, Jessica Karman och Mia W\u00e4rnbring. <\/p>\n<p>Alla fick fika som var med denna dag, d\u00e5 Elsies konditori i N\u00e4ssj\u00f6 sponsrade oss med fikabr\u00f6d och kakor.<\/p>\n<p>&#160;<\/p>\n<p><a href=\"https:\/\/blogg.fisheco.se\/sussissymfoni\/wp-content\/uploads\/sites\/5\/2013\/06\/Lintrassel.jpg\"><img loading=\"lazy\" decoding=\"async\" title=\"Lintrassel\" style=\"border-top: 0px;border-right: 0px;border-bottom: 0px;padding-top: 0px;padding-left: 0px;border-left: 0px;padding-right: 0px\" border=\"0\" alt=\"Lintrassel\" src=\"https:\/\/blogg.fisheco.se\/sussissymfoni\/wp-content\/uploads\/sites\/5\/2013\/06\/Lintrassel_thumb.jpg\" width=\"594\" height=\"888\" \/><\/a>&#160;<\/p>\n<p>&#160;<\/p>\n<p>Linstrassel \u00e4r inget roligt, tur att det fanns en Fj\u00e4lla vid bryggan som kunde komma ut och hj\u00e4lpa till efter att bilden togs <img decoding=\"async\" class=\"wlEmoticon wlEmoticon-winkingsmile\" style=\"border-top-style: none;border-left-style: none;border-bottom-style: none;border-right-style: none\" alt=\"Blinkar\" src=\"https:\/\/blogg.fisheco.se\/sussissymfoni\/wp-content\/uploads\/sites\/5\/2013\/06\/wlEmoticon-winkingsmile3.png\" \/>&#160;<\/p>\n<p>&#160;<\/p>\n<p><a href=\"https:\/\/blogg.fisheco.se\/sussissymfoni\/wp-content\/uploads\/sites\/5\/2013\/06\/Anne-Catrin.jpg\"><img loading=\"lazy\" decoding=\"async\" title=\"Anne-Catrin\" style=\"border-top: 0px;border-right: 0px;border-bottom: 0px;padding-top: 0px;padding-left: 0px;border-left: 0px;padding-right: 0px\" border=\"0\" alt=\"Anne-Catrin\" src=\"https:\/\/blogg.fisheco.se\/sussissymfoni\/wp-content\/uploads\/sites\/5\/2013\/06\/Anne-Catrin_thumb.jpg\" width=\"594\" height=\"888\" \/><\/a><\/p>\n<p>&#160;<\/p>\n<p>F\u00f6rutom Nellies \u201cn\u00e4stan\u201dfisk s\u00e5 lyckades \u00e4ven Anne-Catrin Alm\u00e9r kroka en regnb\u00e5ge p\u00e5 0,9 kg och d\u00e4rmed kom hon p\u00e5 andra plats denna dag.<\/p>\n<p>&#160;<\/p>\n<p><a href=\"https:\/\/blogg.fisheco.se\/sussissymfoni\/wp-content\/uploads\/sites\/5\/2013\/06\/Maria-och-Clara.jpg\"><img loading=\"lazy\" decoding=\"async\" title=\"Maria-och-Clara\" style=\"border-top: 0px;border-right: 0px;border-bottom: 0px;padding-top: 0px;padding-left: 0px;border-left: 0px;padding-right: 0px\" border=\"0\" alt=\"Maria-och-Clara\" src=\"https:\/\/blogg.fisheco.se\/sussissymfoni\/wp-content\/uploads\/sites\/5\/2013\/06\/Maria-och-Clara_thumb.jpg\" width=\"594\" height=\"888\" \/><\/a><\/p>\n<p>&#160;<\/p>\n<p>F\u00f6rsta platsen knep Maria Karlsson och hennes h\u00e5vdam Clara Grandin, de lyckades landa denna regnb\u00e5ge p\u00e5 1,5 kg<\/p>\n<p>Ingen gick lottl\u00f6s fr\u00e5n denna dag d\u00e5 alla som deltog fick ett pris med sig hem.<\/p>\n<p>&#160;<\/p>\n<p>Vi vill tacka alla som kom och fiskade, Mats Aronsson som sk\u00e4nkte lite priser, Stig Dolk och Eksj\u00f6 Fiskeklubb f\u00f6r att vi f\u00e5r vara vid abborrag\u00f6len, Elsies konditori f\u00f6r sponsring av fikabr\u00f6d och sist men inte minst Fj\u00e4llorna f\u00f6r att vi har en Tjejfiskets dag.<\/p>\n<p>Vi har redan nu best\u00e4mt att vi k\u00f6r n\u00e4sta \u00e5r igen, 5-\u00e5rsjubileum!!<\/p>\n<p>S\u00e5 spika datumet 15 juni redan nu!! kl. 10:00-14:00 Abborrag\u00f6len i Eksj\u00f6.<\/p>\n","protected":false},"excerpt":{"rendered":"<p>F\u00f6r 4:e \u00e5ret i rad har nu Tjejfiskets dag anordnats i Abborrag\u00f6len i Eksj\u00f6. \u00c5terigen var vi ett g\u00e4ng Fj\u00e4llor, Mats Aronsson fr\u00e5n Fiskestig och Stig Dolk fr\u00e5n Eksj\u00f6 Fiskeklubb som tog oss an ett g\u00e4ng fiskesugna tjejer, n\u00e4rmare best\u00e4mt &hellip; <a href=\"https:\/\/blogg.fisheco.se\/sussissymfoni\/2013\/06\/17\/tjejfiskets-dag-2013\/\">Forts\u00e4tt l\u00e4sa <span class=\"meta-nav\">&rarr;<\/span><\/a><\/p>\n","protected":false},"author":14,"featured_media":0,"comment_status":"open","ping_status":"closed","sticky":false,"template":"","format":"standard","meta":{"footnotes":""},"categories":[2],"tags":[148,149,150,44,151],"class_list":["post-3750","post","type-post","status-publish","format-standard","hentry","category-fiske","tag-abborragolen","tag-eksjo-fiskeklubb","tag-fiskestig","tag-fjallorna","tag-tjejfiskets-dag"],"_links":{"self":[{"href":"https:\/\/blogg.fisheco.se\/sussissymfoni\/wp-json\/wp\/v2\/posts\/3750","targetHints":{"allow":["GET"]}}],"collection":[{"href":"https:\/\/blogg.fisheco.se\/sussissymfoni\/wp-json\/wp\/v2\/posts"}],"about":[{"href":"https:\/\/blogg.fisheco.se\/sussissymfoni\/wp-json\/wp\/v2\/types\/post"}],"author":[{"embeddable":true,"href":"https:\/\/blogg.fisheco.se\/sussissymfoni\/wp-json\/wp\/v2\/users\/14"}],"replies":[{"embeddable":true,"href":"https:\/\/blogg.fisheco.se\/sussissymfoni\/wp-json\/wp\/v2\/comments?post=3750"}],"version-history":[{"count":0,"href":"https:\/\/blogg.fisheco.se\/sussissymfoni\/wp-json\/wp\/v2\/posts\/3750\/revisions"}],"wp:attachment":[{"href":"https:\/\/blogg.fisheco.se\/sussissymfoni\/wp-json\/wp\/v2\/media?parent=3750"}],"wp:term":[{"taxonomy":"category","embeddable":true,"href":"https:\/\/blogg.fisheco.se\/sussissymfoni\/wp-json\/wp\/v2\/categories?post=3750"},{"taxonomy":"post_tag","embeddable":true,"href":"https:\/\/blogg.fisheco.se\/sussissymfoni\/wp-json\/wp\/v2\/tags?post=3750"}],"curies":[{"name":"wp","href":"https:\/\/api.w.org\/{rel}","templated":true}]}}