{"id":3555,"date":"2013-05-07T20:27:31","date_gmt":"2013-05-07T18:27:31","guid":{"rendered":"http:\/\/www.fisheco.se\/blogg\/sussissymfoni\/?p=3555"},"modified":"2013-05-07T20:27:31","modified_gmt":"2013-05-07T18:27:31","slug":"huggvilliga-gddor","status":"publish","type":"post","link":"https:\/\/blogg.fisheco.se\/sussissymfoni\/2013\/05\/07\/huggvilliga-gddor\/","title":{"rendered":"Huggvilliga g\u00e4ddor!"},"content":{"rendered":"<p>1 maj rattade vi bilen till Sveriges tr\u00e4dg\u00e5rd, Blekinge, och p\u00e5 v\u00e4gen dit stannade vi f\u00f6rst till i Vetlanda f\u00f6r att m\u00f6ta upp v\u00e5r v\u00e4n Magnus Hammarstr\u00f6m. Av Magnus fick jag l\u00e5na ett flugsp\u00f6 i #10 f\u00f6r att testa kustfisket med det.<\/p>\n<p>N\u00e4sta stopp blev i Lenhovda f\u00f6r att m\u00f6ta upp Anton Tsvetkov, denna spralliga, intelligenta, filosofiska unga man som representerar <a href=\"http:\/\/metebolaget.se\/\" target=\"_blank\" rel=\"noopener\">Metebolaget<\/a>.<\/p>\n<p>Denna resa var inte n\u00e5got spontan ryck utan faktum \u00e4r att den b\u00f6rjade planeras redan i vintras.<\/p>\n<p>\u00c4lvr\u00e4ddarJohn och jag tycket att vi skulle se till att tr\u00e4ffas och fiska ihop, representanter fr\u00e5n <a href=\"http:\/\/www.alvraddarna.se\/\" target=\"_blank\" rel=\"noopener\">\u00c4lvr\u00e4ddarna<\/a>, <a href=\"http:\/\/www.flugor.se\/\" target=\"_blank\" rel=\"noopener\">Sameo<\/a>, <a href=\"http:\/\/svenskagaddklubben.se\" target=\"_blank\" rel=\"noopener\">Svenska G\u00e4ddklubben<\/a>, <a href=\"http:\/\/www.fisheco.se\/\" target=\"_blank\" rel=\"noopener\">FishEco<\/a> och s\u00e5 kom \u00e4ven <a href=\"http:\/\/metebolaget.se\/\" target=\"_blank\" rel=\"noopener\">Metebolaget<\/a> med p\u00e5 ett h\u00f6rn.<\/p>\n<p>Anton tr\u00e4ffade jag p\u00e5 <a href=\"http:\/\/www.sportfiskemassan.se\/\" target=\"_blank\" rel=\"noopener\">sportfiskem\u00e4ssan<\/a> s\u00e5 redan d\u00e4r k\u00e4nde jag att detta \u00e4r en kul kille som sj\u00e4lvklart borde f\u00e5 haka p\u00e5 detta jippo och det ville han s\u00e5klart g\u00e4rna g\u00f6ra. Detta \u00e4r en av anledningarna till varf\u00f6r det \u00e4r s\u00e5 roligt med sportfiskem\u00e4ssan, att tr\u00e4ffa p\u00e5 fler h\u00e4rliga v\u00e4nner och sedan se till att bege sig ut och fiska ihop!<\/p>\n<p>&#160;<\/p>\n<p>Vi hade f\u00e5tt tips av Sameog\u00e4nget att ordna boende p\u00e5 <a href=\"http:\/\/sandhamnmarine.se\/\" target=\"_blank\" rel=\"noopener\">Sandhamn Marine<\/a> och n\u00e4r vi v\u00e4l kom dit och klev ur bilarna s\u00e5 m\u00f6ttes vi av en v\u00e4lkomnande man som presenterade sig sj\u00e4lv som Uffe.<\/p>\n<p>Han gissade genast r\u00e4tt p\u00e5 att jag var fr\u00f6ken Stridh, att Felix var Felix men Anton hade han inte koll p\u00e5 s\u00e5 Anton presenterade sig sj\u00e4lv som min och Felix lilla gosse.<\/p>\n<p>Men den gick inte Uffe p\u00e5 utan Anton blev ist\u00e4llet kallad f\u00f6r pojken bakom fl\u00f6tet \ud83d\ude09<\/p>\n<p>&#160;<\/p>\n<p><a href=\"https:\/\/blogg.fisheco.se\/sussissymfoni\/wp-content\/uploads\/sites\/5\/2013\/05\/trappameddetaljer.jpg\"><img loading=\"lazy\" decoding=\"async\" style=\"border-top: 0px;border-right: 0px;border-bottom: 0px;border-left: 0px\" border=\"0\" alt=\"trappa-med-detaljer\" src=\"https:\/\/blogg.fisheco.se\/sussissymfoni\/wp-content\/uploads\/sites\/5\/2013\/05\/trappameddetaljer_thumb.jpg\" width=\"594\" height=\"888\" \/><\/a> <\/p>\n<p>&#160;<\/p>\n<p>Uffe tog med oss in till butiken f\u00f6r att informera lite om fisket.<\/p>\n<p>Han sp\u00e4nde \u00f6gonen i oss (mig, Felix och Anton) och sa\u2026 1 g\u00e4dda f\u00e5r ni ta opp, men om ni tar opp 2 s\u00e5 blir ni avhysta direkt fr\u00e5n detta st\u00e4lle!!<\/p>\n<p>Vi tittade p\u00e5 varandra och undrade om Uffe sk\u00e4mtade med oss??<\/p>\n<p>Ta upp g\u00e4dda? \u2013Utbrast vi, \u00e4r du inte klok?? G\u00e4dda tar vi inte upp, de s\u00e4tter vi sj\u00e4lvklart tillbaka!!<\/p>\n<p>Och d\u00e4r med vart isen bruten p\u00e5 riktigt.<\/p>\n<p>&#160;<\/p>\n<p>Vi valde att inte hyra n\u00e5gon b\u00e5t denna g\u00e5ng, f\u00f6r vem vill bli f\u00f6revigad p\u00e5 denna v\u00e4gg?<\/p>\n<p>&#160;<\/p>\n<p><a href=\"https:\/\/blogg.fisheco.se\/sussissymfoni\/wp-content\/uploads\/sites\/5\/2013\/05\/wallofshame.jpg\"><img loading=\"lazy\" decoding=\"async\" style=\"border-top: 0px;border-right: 0px;border-bottom: 0px;border-left: 0px\" border=\"0\" alt=\"wall-of-shame\" src=\"https:\/\/blogg.fisheco.se\/sussissymfoni\/wp-content\/uploads\/sites\/5\/2013\/05\/wallofshame_thumb.jpg\" width=\"594\" height=\"398\" \/><\/a> <\/p>\n<p>&#160;<\/p>\n<p>N\u00e4, hela vistelsen valde vi att fiska fr\u00e5n land mer eller mindre.<\/p>\n<p>Fast Anton hade med sig sin kajak s\u00e5 lite fiske fr\u00e5n den blev det allt.<\/p>\n<p>&#160;<\/p>\n<p><a href=\"https:\/\/blogg.fisheco.se\/sussissymfoni\/wp-content\/uploads\/sites\/5\/2013\/05\/Felixpaddlar.jpg\"><img loading=\"lazy\" decoding=\"async\" style=\"border-top: 0px;border-right: 0px;border-bottom: 0px;border-left: 0px\" border=\"0\" alt=\"Felix-paddlar\" src=\"https:\/\/blogg.fisheco.se\/sussissymfoni\/wp-content\/uploads\/sites\/5\/2013\/05\/Felixpaddlar_thumb.jpg\" width=\"594\" height=\"398\" \/><\/a> <\/p>\n<p>&#160;<\/p>\n<p>Felix provade att paddla ut och ta n\u00e5gra kast.<\/p>\n<p>Jag sj\u00e4lv har provat denna typ av kajak p\u00e5 en m\u00e4ssa i Varberg 2010<\/p>\n<p>&#160;<\/p>\n<p><a href=\"https:\/\/blogg.fisheco.se\/sussissymfoni\/wp-content\/uploads\/sites\/5\/2013\/05\/Sussiflugarfrnkajak.jpg\"><img loading=\"lazy\" decoding=\"async\" style=\"border-top: 0px;border-right: 0px;border-bottom: 0px;border-left: 0px\" border=\"0\" alt=\"Sussi flugar fr\u00e5n kajak\" src=\"https:\/\/blogg.fisheco.se\/sussissymfoni\/wp-content\/uploads\/sites\/5\/2013\/05\/Sussiflugarfrnkajak_thumb.jpg\" width=\"594\" height=\"447\" \/><\/a> <\/p>\n<p>&#160;<\/p>\n<p>men det var d\u00e5 det \ud83d\ude09<\/p>\n<p>&#160;<\/p>\n<p>Redan f\u00f6rsta kv\u00e4llen visade Uffe oss en intressant vik p\u00e5 g\u00e5ngavst\u00e5nd fr\u00e5n boendet.<\/p>\n<p>&#160;<\/p>\n<p><a href=\"https:\/\/blogg.fisheco.se\/sussissymfoni\/wp-content\/uploads\/sites\/5\/2013\/05\/Sussidrillar.jpg\"><img loading=\"lazy\" decoding=\"async\" style=\"border-top: 0px;border-right: 0px;border-bottom: 0px;border-left: 0px\" border=\"0\" alt=\"Sussi drillar\" src=\"https:\/\/blogg.fisheco.se\/sussissymfoni\/wp-content\/uploads\/sites\/5\/2013\/05\/Sussidrillar_thumb.jpg\" width=\"594\" height=\"342\" \/><\/a> <\/p>\n<p>&#160;<\/p>\n<p>S\u00e5 underbart att \u00e4ntligen f\u00e5 flugfiska och drilla galna g\u00e4ddor!<\/p>\n<p>&#160;<\/p>\n<p><a href=\"https:\/\/blogg.fisheco.se\/sussissymfoni\/wp-content\/uploads\/sites\/5\/2013\/05\/galengdda.jpg\"><img loading=\"lazy\" decoding=\"async\" style=\"border-top: 0px;border-right: 0px;border-bottom: 0px;border-left: 0px\" border=\"0\" alt=\"galen g\u00e4dda\" src=\"https:\/\/blogg.fisheco.se\/sussissymfoni\/wp-content\/uploads\/sites\/5\/2013\/05\/galengdda_thumb.jpg\" width=\"594\" height=\"369\" \/><\/a> <\/p>\n<p>&#160;<\/p>\n<p>Anton visade snabbt vart sk\u00e5pet skulle st\u00e5!<\/p>\n<p>&#160;<\/p>\n<p><a href=\"https:\/\/blogg.fisheco.se\/sussissymfoni\/wp-content\/uploads\/sites\/5\/2013\/05\/Antondrillarmergdda.jpg\"><img loading=\"lazy\" decoding=\"async\" style=\"border-top: 0px;border-right: 0px;border-bottom: 0px;border-left: 0px\" border=\"0\" alt=\"Anton drillar mer g\u00e4dda\" src=\"https:\/\/blogg.fisheco.se\/sussissymfoni\/wp-content\/uploads\/sites\/5\/2013\/05\/Antondrillarmergdda_thumb.jpg\" width=\"594\" height=\"398\" \/><\/a> <\/p>\n<p>&#160;<\/p>\n<p>Fast \u00e4r det s\u00e5 att man inte tar en fisk p\u00e5 fluga s\u00e5 r\u00e4knas det av en halvmeter p\u00e5 fisken, bara s\u00e5 att ni vet \ud83d\ude09<\/p>\n<p>&#160;<\/p>\n<p><a href=\"https:\/\/blogg.fisheco.se\/sussissymfoni\/wp-content\/uploads\/sites\/5\/2013\/05\/Sussikrokarav.jpg\"><img loading=\"lazy\" decoding=\"async\" style=\"border-top: 0px;border-right: 0px;border-bottom: 0px;border-left: 0px\" border=\"0\" alt=\"Sussi krokar av\" src=\"https:\/\/blogg.fisheco.se\/sussissymfoni\/wp-content\/uploads\/sites\/5\/2013\/05\/Sussikrokarav_thumb.jpg\" width=\"594\" height=\"398\" \/><\/a> <\/p>\n<p>&#160;<\/p>\n<p>G\u00e4lgreppet sitter fint nu, jisses som jag \u00f6vat p\u00e5 detta under isfisket och det k\u00e4nns riktigt bra att kunna lyfta fisken p\u00e5 ett sn\u00e4llare s\u00e4tt nu ist\u00e4llet f\u00f6r att anv\u00e4nda lipgrip.<\/p>\n<p>&#160;<\/p>\n<p><a href=\"https:\/\/blogg.fisheco.se\/sussissymfoni\/wp-content\/uploads\/sites\/5\/2013\/05\/Antonkrokarav.jpg\"><img loading=\"lazy\" decoding=\"async\" style=\"border-top: 0px;border-right: 0px;border-bottom: 0px;border-left: 0px\" border=\"0\" alt=\"Anton krokar av\" src=\"https:\/\/blogg.fisheco.se\/sussissymfoni\/wp-content\/uploads\/sites\/5\/2013\/05\/Antonkrokarav_thumb.jpg\" width=\"594\" height=\"574\" \/><\/a> <\/p>\n<p>&#160;<\/p>\n<p>Anton kopplar greppet och ni ser hans fina vadarskor ( l\u00e4s tofflor ) h\u00e4ngandes p\u00e5 hans v\u00e4nstra sida.<\/p>\n<p>&#160;<\/p>\n<p><a href=\"https:\/\/blogg.fisheco.se\/sussissymfoni\/wp-content\/uploads\/sites\/5\/2013\/05\/Sussiposerar.jpg\"><img loading=\"lazy\" decoding=\"async\" style=\"border-top: 0px;border-right: 0px;border-bottom: 0px;border-left: 0px\" border=\"0\" alt=\"Sussi poserar\" src=\"https:\/\/blogg.fisheco.se\/sussissymfoni\/wp-content\/uploads\/sites\/5\/2013\/05\/Sussiposerar_thumb.jpg\" width=\"594\" height=\"653\" \/><\/a> <\/p>\n<p>&#160;<\/p>\n<p>Inga j\u00e4ttestora g\u00e4ddor denna g\u00e5ng men hoppet \u00e4r det sista som \u00f6verger en..<\/p>\n<p>&#160;<\/p>\n<p><a href=\"https:\/\/blogg.fisheco.se\/sussissymfoni\/wp-content\/uploads\/sites\/5\/2013\/05\/Antonposerar.jpg\"><img loading=\"lazy\" decoding=\"async\" style=\"border-top: 0px;border-right: 0px;border-bottom: 0px;border-left: 0px\" border=\"0\" alt=\"Anton poserar\" src=\"https:\/\/blogg.fisheco.se\/sussissymfoni\/wp-content\/uploads\/sites\/5\/2013\/05\/Antonposerar_thumb.jpg\" width=\"594\" height=\"503\" \/><\/a> <\/p>\n<p>&#160;<\/p>\n<p>Vi hade i alla fall superkul tillsammans!!<\/p>\n<p>&#160;<\/p>\n<p>F\u00f6r att inte blogginl\u00e4gget ska bli f\u00f6r l\u00e5ngt s\u00e5 v\u00e4ljer jag att bryta h\u00e4r..<\/p>\n<p>forts\u00e4ttning f\u00f6ljer\u2026<\/p>\n","protected":false},"excerpt":{"rendered":"<p>1 maj rattade vi bilen till Sveriges tr\u00e4dg\u00e5rd, Blekinge, och p\u00e5 v\u00e4gen dit stannade vi f\u00f6rst till i Vetlanda f\u00f6r att m\u00f6ta upp v\u00e5r v\u00e4n Magnus Hammarstr\u00f6m. Av Magnus fick jag l\u00e5na ett flugsp\u00f6 i #10 f\u00f6r att testa kustfisket &hellip; <a href=\"https:\/\/blogg.fisheco.se\/sussissymfoni\/2013\/05\/07\/huggvilliga-gddor\/\">Forts\u00e4tt l\u00e4sa <span class=\"meta-nav\">&rarr;<\/span><\/a><\/p>\n","protected":false},"author":14,"featured_media":0,"comment_status":"open","ping_status":"closed","sticky":false,"template":"","format":"standard","meta":{"footnotes":""},"categories":[2],"tags":[56,55,135,25,136,84],"class_list":["post-3555","post","type-post","status-publish","format-standard","hentry","category-fiske","tag-blekinge","tag-gaddfiske","tag-metebolaget","tag-sameo","tag-sandhamn-marine","tag-svenska-gaddklubben"],"_links":{"self":[{"href":"https:\/\/blogg.fisheco.se\/sussissymfoni\/wp-json\/wp\/v2\/posts\/3555","targetHints":{"allow":["GET"]}}],"collection":[{"href":"https:\/\/blogg.fisheco.se\/sussissymfoni\/wp-json\/wp\/v2\/posts"}],"about":[{"href":"https:\/\/blogg.fisheco.se\/sussissymfoni\/wp-json\/wp\/v2\/types\/post"}],"author":[{"embeddable":true,"href":"https:\/\/blogg.fisheco.se\/sussissymfoni\/wp-json\/wp\/v2\/users\/14"}],"replies":[{"embeddable":true,"href":"https:\/\/blogg.fisheco.se\/sussissymfoni\/wp-json\/wp\/v2\/comments?post=3555"}],"version-history":[{"count":0,"href":"https:\/\/blogg.fisheco.se\/sussissymfoni\/wp-json\/wp\/v2\/posts\/3555\/revisions"}],"wp:attachment":[{"href":"https:\/\/blogg.fisheco.se\/sussissymfoni\/wp-json\/wp\/v2\/media?parent=3555"}],"wp:term":[{"taxonomy":"category","embeddable":true,"href":"https:\/\/blogg.fisheco.se\/sussissymfoni\/wp-json\/wp\/v2\/categories?post=3555"},{"taxonomy":"post_tag","embeddable":true,"href":"https:\/\/blogg.fisheco.se\/sussissymfoni\/wp-json\/wp\/v2\/tags?post=3555"}],"curies":[{"name":"wp","href":"https:\/\/api.w.org\/{rel}","templated":true}]}}