{"id":3011,"date":"2012-12-30T20:11:17","date_gmt":"2012-12-30T19:11:17","guid":{"rendered":"http:\/\/www.fisheco.se\/blogg\/sussissymfoni\/?p=3011"},"modified":"2012-12-30T20:11:17","modified_gmt":"2012-12-30T19:11:17","slug":"rospigg-och-jmte","status":"publish","type":"post","link":"https:\/\/blogg.fisheco.se\/sussissymfoni\/2012\/12\/30\/rospigg-och-jmte\/","title":{"rendered":"Rospigg och J\u00e4mte!!"},"content":{"rendered":"<p>Ja mina v\u00e4nner d\u00e4r ute! <\/p>\n<p>Jag fick ett mail ig\u00e5r av en mycket klok och engagerad man och de svar han l\u00e4mnat p\u00e5 mina fr\u00e5gor b\u00f6r verkligen l\u00e4sas igenom ordentligt! Personen jag skriver om \u00e4r ingen mindre \u00e4n Patrik \u201c<a href=\"http:\/\/rospiggenfiske.blogspot.se\/\" target=\"_blank\" rel=\"noopener\">rospiggenfiske<\/a>\u201d Bergqvist! Patrik har jag f\u00f6ljt via facebook, via hans blogg och numera \u00e4ven via hans och hans v\u00e4nners jobb med <a href=\"http:\/\/skeboanssportfiske.blogspot.se\/\" target=\"_blank\" rel=\"noopener\">Skebo\u00e5n<\/a> och jag tycker ni ska g\u00f6ra detsamma. Det finns s\u00e5 mycket att l\u00e4ra av v\u00e4nner som delar med sig av sina \u00e4ventyr, tips och id\u00e9er. Var s\u00e5 goda och l\u00e4sa Patriks svar nedan.<\/p>\n<p>&#160;<\/p>\n<p><a href=\"https:\/\/blogg.fisheco.se\/sussissymfoni\/wp-content\/uploads\/sites\/5\/2012\/12\/P1130101.jpg\"><img loading=\"lazy\" decoding=\"async\" style=\"border-bottom: 0px;border-left: 0px;border-top: 0px;border-right: 0px\" border=\"0\" alt=\"P1130101\" src=\"https:\/\/blogg.fisheco.se\/sussissymfoni\/wp-content\/uploads\/sites\/5\/2012\/12\/P1130101_thumb.jpg\" width=\"594\" height=\"790\" \/><\/a> <\/p>\n<p><strong><\/strong><\/p>\n<p><strong>Beskriv ditt fiskeintresse:<\/strong><\/p>\n<p>Fick mitt fiskeintresse via min pappa och morfar, och lite senare i livet via en v\u00e4n till familjen som vi kallade sig sj\u00e4lv f\u00f6r Kungsg\u00e5rdar\u00b4n.   <br \/>Redan i 5-7 \u00e5rs \u00e5ldern var jag med dem ut p\u00e5 fiske och d\u00e4r m\u00e5nga enbart b\u00f6rjar med mete efter abborre s\u00e5 blandade jag upp detta med doppmete p\u00e5 b\u00e4ck\u00f6ring med toppknutet l\u00e5ngsp\u00f6 p\u00e5 familjens resor till J\u00e4mtland.    <br \/>Jag var fast och \u00e4r s\u00e5 sedan dess.    <br \/>Gjorde under 2012 mitt 45;e \u00e5r p\u00e5 raken i V\u00e4stra J\u00e4mtland, en plats jag inte kan vara utan helt enkelt.     <br \/>Min dr\u00f6m \u00e4r och har alltid varit att f\u00e5 \u00e4nnu mera tid i J\u00e4mtland och kunna g\u00f6ra mina morgonpromenader med ett flugsp\u00f6 i handen utmed n\u00e5got str\u00f6mmande vattendrag.    <br \/>V\u00e4ckte liv i g\u00e4ddfisket efter att detta hade legat nere helt under m\u00e5nga \u00e5r och det plus fina omr\u00e5den f\u00f6r abborrfiske och havs\u00f6ringen g\u00f6r Roslagens sk\u00e4rg\u00e5rd till en underbar plats att ha bara n\u00e5gra kilometer bort.    <br \/>Idag \u00e4r en fisketur inte bara fisket, utan det inneh\u00e5ller flera saker s\u00e5 som fotograferandet, skrivandet och sj\u00e4lva fisket, plus d\u00e5 v\u00e4nnerna som jag mer \u00e4n g\u00e4rna delar mina stunder med.    <br \/>Det \u00e4r avkoppling och sp\u00e4nning i samma sekund.<\/p>\n<p>Jag \u00e4r inte kastkanonen, eller den som man stannar upp f\u00f6r att se kasta vackert, och jag \u00e4r absolut inte den som h\u00e5ller hela materialfloran inom flugfisket i huvudet.<\/p>\n<p>Nej, jag skulle snarare s\u00e4ga att jag \u00e4r mer intresserad av vattnet, str\u00f6mmen, utseende, strukturer, helt enkelt l\u00e4ran att l\u00e4sa ett vatten.    <br \/>D\u00e4r l\u00e4gger jag min energi vilket ocks\u00e5 funnits med sedan barnsben d\u00e5 jag i tidig \u00e5lder fick f\u00f6lja med min farbror som var flugfiskare och som jag ivrigt lyssnade p\u00e5, vilket i sin tur gjorde att jag fiskade min spinnfluga p\u00e5 samma s\u00e4tt som han med sitt flugsp\u00f6. Jag letade bakvatten, str\u00f6mkanter och uppgrundningar, jag fettade in mina v\u00e5tflugor och l\u00e4t de sedan fara fram i str\u00f6mmen \u00f6ver de platser jag t\u00e4nkt att fisken skulle st\u00e5 p\u00e5, hela tiden s\u00e5 l\u00e4t jag min kastkula och sp\u00f6topp styra flugan vidare genom str\u00f6mmen till n\u00e4stan t\u00e4nkta st\u00e5ndplats.<\/p>\n<p>&#160;<\/p>\n<p><a href=\"https:\/\/blogg.fisheco.se\/sussissymfoni\/wp-content\/uploads\/sites\/5\/2012\/12\/DSC_0104.jpg\"><img loading=\"lazy\" decoding=\"async\" style=\"border-bottom: 0px;border-left: 0px;border-top: 0px;border-right: 0px\" border=\"0\" alt=\"DSC_0104\" src=\"https:\/\/blogg.fisheco.se\/sussissymfoni\/wp-content\/uploads\/sites\/5\/2012\/12\/DSC_0104_thumb.jpg\" width=\"594\" height=\"883\" \/><\/a> <\/p>\n<p>&#160;<\/p>\n<p><strong>Var det n\u00e5got speciellt som h\u00e4nde under \u00e5ret 2012?<\/strong><\/p>\n<p>Under \u00e5ret som g\u00e5tt, gick jag fr\u00e5n att vara b\u00e5de spinn och flugfiskare till att enbart \u00e5ka ut med flugsp\u00f6 handen. Bara vid tre tillf\u00e4llen har ett spinnsp\u00f6 funnit med ut p\u00e5 mina turer.   <br \/>En liten dr\u00f6m jag burit p\u00e5 och som blev verklighet under 2012, d\u00e5 allt materiellt hade l\u00f6st sig.    <br \/>Och redan p\u00e5 min tredje tur med g\u00e4ddflugan s\u00e5 fick jag kroka, det som skulle visa sig bli, min st\u00f6rsta g\u00e4dda under s\u00e4songen p\u00e5 7,8kg.<\/p>\n<p>&#160;<\/p>\n<p><a href=\"https:\/\/blogg.fisheco.se\/sussissymfoni\/wp-content\/uploads\/sites\/5\/2012\/12\/P1110751.jpg\"><img loading=\"lazy\" decoding=\"async\" style=\"border-bottom: 0px;border-left: 0px;border-top: 0px;border-right: 0px\" border=\"0\" alt=\"P1110751\" src=\"https:\/\/blogg.fisheco.se\/sussissymfoni\/wp-content\/uploads\/sites\/5\/2012\/12\/P1110751_thumb.jpg\" width=\"594\" height=\"486\" \/><\/a> <\/p>\n<p>Jag har m\u00e5nga fina minnen fr\u00e5n \u00e5ret som jag t\u00e4nkt mig sammanfatta lite kort p\u00e5 min egna blogg, <a href=\"http:\/\/rospiggenfiske.blogspot.se\/\" target=\"_blank\" rel=\"noopener\">http:\/\/rospiggenfiske.blogspot.se\/<\/a> men en sak sitter f\u00f6r alltid kvar p\u00e5 n\u00e4thinnan fr\u00e5n detta \u00e5r och det \u00e4r en sen sommarkv\u00e4ll i Idsj\u00f6str\u00f6mmens klara vatten n\u00e4r en bj\u00f6rn jagar ut en \u00e4lg i str\u00f6mmen alldeles intill d\u00e4r vi st\u00e5r och l\u00e4gger nattsl\u00e4ndor p\u00e5 vakande storharr. Under n\u00e5gra korta sekunder stod bj\u00f6rnen kvar p\u00e5 strandkanten och tittade p\u00e5 oss innan den gjorde helt om och f\u00f6rsvann in i skogen igen.    <br \/>Farligast f\u00f6r oss blev den allt annat \u00e4n lugna \u00e4lgen som nu stormade fram i str\u00f6mmen med vattnet sprutande runt sina kl\u00f6var. Men allting slutade gott f\u00f6r alla utom bj\u00f6rnen d\u00e5 som fick se sin middag r\u00e4ddas av v\u00e5r n\u00e4rvaro.<\/p>\n<p>En annan sak som ocks\u00e5 \u00e4r speciell f\u00f6r \u00e5ret som g\u00e5tt \u00e4r v\u00e5rt arbete med Skebo\u00e5n och dess havs\u00f6ringar. Ett projekt som startade som en liten id\u00e9 hos n\u00e5gra v\u00e4nner och mig sj\u00e4lv, men som nu vuxit till sig ordentligt, speciellt under det senaste \u00e5ret.<\/p>\n<p>Och fr\u00e5n att ha haft siktet inst\u00e4llt enbart p\u00e5 havs\u00f6ringen s\u00e5 \u00e4r det nu ett projekt d\u00e4r vi fullt ut jobbar med hela \u00e5n och dess biologiska m\u00e5ngfald men, d\u00e4r ett av delm\u00e5len \u00e4r att kunna f\u00e5 ig\u00e5ng ett fiske p\u00e5 havs\u00f6ring i natursk\u00f6na Roslagen p\u00e5 egen reproducerande havs\u00f6ringsstam.   <br \/>De arbetet g\u00e5r att f\u00f6lja b\u00e5de p\u00e5 v\u00e5r blogg <a href=\"http:\/\/skeboanssportfiske.blogspot.se\/\" target=\"_blank\" rel=\"noopener\">http:\/\/skeboanssportfiske.blogspot.se\/<\/a> men ocks\u00e5 p\u00e5 facebook d\u00e4r man kan bli medlem i v\u00e5r grupp om man letar upp Skebo\u00e5ns Sportfiske.<\/p>\n<p>Och sen kan jag inte l\u00e5ta bli att n\u00e4mna Idsj\u00f6str\u00f6mmen igen d\u00e4r jag under n\u00e5gra vackra sommarn\u00e4tter i juli i \u00e5r fick gl\u00e4djen att kroka 11 harrar \u00f6ver 50cm och d\u00e4r de st\u00f6rsta l\u00e5g kring 56-58cm.<\/p>\n<p>Personliga rekordet fr\u00e5n str\u00f6mmen ligger p\u00e5 hela 61cm och var mitt livs fisk som steg mot min och mina fiskev\u00e4nners speciella nattfluga, sommaren 2011.<\/p>\n<p>&#160;<\/p>\n<p><a href=\"https:\/\/blogg.fisheco.se\/sussissymfoni\/wp-content\/uploads\/sites\/5\/2012\/12\/P1130141.jpg\"><img loading=\"lazy\" decoding=\"async\" style=\"border-bottom: 0px;border-left: 0px;border-top: 0px;border-right: 0px\" border=\"0\" alt=\"P1130141\" src=\"https:\/\/blogg.fisheco.se\/sussissymfoni\/wp-content\/uploads\/sites\/5\/2012\/12\/P1130141_thumb.jpg\" width=\"594\" height=\"447\" \/><\/a> <\/p>\n<p>&#160;<\/p>\n<p><strong>Vad siktar du p\u00e5 inf\u00f6r 2013?<\/strong><\/p>\n<p>Jag vill forts\u00e4tta utveckla mitt flugfiske \u00e4nnu mer, b\u00e5de h\u00e4r hemma i sk\u00e4rg\u00e5rden men ocks\u00e5 p\u00e5 mina resor till J\u00e4mtland. Det finns hela tiden nya saker att l\u00e4ra sig och jag tar alla tillf\u00e4llen jag kan f\u00f6r att f\u00f6rkovra mig i denna, den b\u00e4sta av alla hobbys.   <br \/>Jag hoppas kunna f\u00e5 pr\u00f6va ett nytt vatten i \u00e5r hos en fiskebroder i dalarna som sitter p\u00e5 en hel del sp\u00e4nnande str\u00f6mvatten.    <br \/>Och s\u00e5 naturligtvis V\u00e4stra J\u00e4mtland, f\u00f6r jag \u00e4r nog, eller i alla fall har jag blivit en s\u00e5dan, en Rospigg men en J\u00e4mte i sj\u00e4len.    <br \/>Naturligtvis s\u00e5 hoppas jag att v\u00e5rt arbete med Skebo\u00e5n skall n\u00e5 ut till fler som f\u00f6rst\u00e5r vilken oslipad diamant vi har h\u00e4r i norra Roslagen.    <br \/>Och s\u00e5 hoppas jag p\u00e5 m\u00e5nga sp\u00e4nnande och trevliga m\u00f6ten med gamla och nya fiskev\u00e4nner runt om i landet.<\/p>\n<p>&#160;<\/p>\n<p><a href=\"https:\/\/blogg.fisheco.se\/sussissymfoni\/wp-content\/uploads\/sites\/5\/2012\/12\/DSC_0301.jpg\"><img loading=\"lazy\" decoding=\"async\" style=\"border-bottom: 0px;border-left: 0px;border-top: 0px;border-right: 0px\" border=\"0\" alt=\"DSC_0301\" src=\"https:\/\/blogg.fisheco.se\/sussissymfoni\/wp-content\/uploads\/sites\/5\/2012\/12\/DSC_0301_thumb.jpg\" width=\"594\" height=\"396\" \/><\/a> <\/p>\n<p>&#160;<\/p>\n<p><strong>Vem eller vilka \u00e4r din\/dina f\u00f6rebilder inom fisket och varf\u00f6r?<\/strong><\/p>\n<p>Mikael Engstr\u00f6m, hans s\u00e4tt att skriva och beskriva sina fiskeresor \u00e4r b\u00e5de roliga och inspirerande. En ber\u00e4ttartalang jag sj\u00e4lv \u00f6nskar att jag hade.   <br \/>Christer Borg med flera inom \u00c4lvr\u00e4ddarna och det arbete som g\u00f6rs f\u00f6r v\u00e5ra vattendrag.    <br \/>Hans Lidman s\u00e5klart, b\u00e5de som flugfiskare men ocks\u00e5 som den seende m\u00e4nniskan vid ett str\u00f6mmande vattendrag.    <br \/>Inte att f\u00f6rgl\u00f6mma Gunnar Westrin och Lars-\u00c5ke Olsson som jag tycker b\u00e5da f\u00f6rkroppsligar sj\u00e4len i fj\u00e4llfisket och p\u00e5 vilket s\u00e4tt vi b\u00f6r f\u00f6rh\u00e5lla oss och uppskatta nuet under v\u00e5ra vistelser i v\u00e5r fantastiska fj\u00e4llv\u00e4rld, och som f\u00f6r mig, f\u00f6r Hans Lidmans dr\u00f6mmar om flugfisket vidare in i nutid.<strong> <\/strong><\/p>\n<p>&#160;<\/p>\n<p><a href=\"https:\/\/blogg.fisheco.se\/sussissymfoni\/wp-content\/uploads\/sites\/5\/2012\/12\/P1020093.jpg\"><img loading=\"lazy\" decoding=\"async\" style=\"border-bottom: 0px;border-left: 0px;border-top: 0px;border-right: 0px\" border=\"0\" alt=\"P1020093\" src=\"https:\/\/blogg.fisheco.se\/sussissymfoni\/wp-content\/uploads\/sites\/5\/2012\/12\/P1020093_thumb.jpg\" width=\"594\" height=\"447\" \/><\/a> <\/p>\n<p>&#160;<\/p>\n<p><strong>\u00c4r det n\u00e5got s\u00e4rskilt du vill s\u00e4ga mig eller mina l\u00e4sare?<\/strong><\/p>\n<p>V\u00e5ra vatten, sj\u00f6ar och str\u00f6mmande vattendrag beh\u00f6ver v\u00e5r hj\u00e4lp.   <br \/>Vi m\u00e5ste hj\u00e4lpas \u00e5t att jobba f\u00f6r att v\u00e5ra vattendrag restaureras.    <br \/>Vattenkraftverken \u00e4r n\u00e5got vi inte klarar oss utan heter det ju, men den m\u00e5ste milj\u00f6anpassas med fiskv\u00e4gar som den stora springande punkten. Alla vattendrag beh\u00f6vs, lax\u00e4lv till minsta lilla b\u00e4ck, engagera er och bry er om och v\u00e4rna inte bara v\u00e5ra stora hj\u00e4rtefr\u00e5gor som t.ex. laxen som just nu \u00e4r i ropet, utan b\u00f6rja hemmavid i den lilla \u00f6ringb\u00e4cken eller den gamla sj\u00f6\u00e4ngen dit ni alltid \u00e5kte som barn f\u00f6r att se p\u00e5 g\u00e4ddleken.    <br \/>Aldrig n\u00e5gonsin passar v\u00e4l uttalandet \u201dstorleken har ingen betydelse\u201d in s\u00e5 v\u00e4l som just i detta sammanhang.    <br \/><strong><em>G\u00e5 med i \u00c4lvr\u00e4ddarna och Sportfiskarna<\/em><\/strong> vilket utslaget p\u00e5 ett \u00e5r inte blir mer pengar \u00e4n vad som l\u00e4ggs p\u00e5 \u201dfredagsmyset\u201d f\u00f6r ju fler medlemmar vi \u00e4r ju starkare blir vi.    <br \/>Och till dig Sussi, s\u00e5 f\u00e5r jag hoppas att vi f\u00e5r anledning att tr\u00e4ffas p\u00e5 riktigt, kanske p\u00e5 en m\u00e4ssa eller \u00e4nnu hellre vid n\u00e5got vatten.    <br \/>Det har varit riktigt kul att f\u00f6lja din mycket fina blogg och l\u00e4sa om alla personligheter du intervjuat och naturligtvis blev jag b\u00e5da glad och v\u00e4ldigt smickrad att jag fick fr\u00e5gan om att bli ett av dessa portr\u00e4tt.<\/p>\n<p><em><strong>\u00b8.\u00b7\u00b4\u00af`\u00b7.\u00b8 Gott Nytt Skitfiske\u00e5r till er alla \u00b8.\u00b7\u00b4\u00af`\u00b7.\u00b8&gt;&lt; ((((\u00ba&gt;<\/strong><\/em><\/p>\n<p>\/Patrik Bergqvist<\/p>\n<\/p>\n<\/p>\n<\/p>\n<p>&#160;<\/p>\n<p>&#160;<\/p>\n<p>Patrik! Tusen tack f\u00f6r att du tog dig tid att svara p\u00e5 dessa fr\u00e5gor, och vilka svar sen!! J\u00f6sses!! Ja, jag hoppas verkligen vi tr\u00e4ffas d\u00e4r ute i verkliga livet. Forts\u00e4tt k\u00e4mpa p\u00e5 med fiskev\u00e5rd och dela med dig av dina upplevelser! Stor kram och gott nytt \u00e5r!!<\/p>\n","protected":false},"excerpt":{"rendered":"<p>Ja mina v\u00e4nner d\u00e4r ute! Jag fick ett mail ig\u00e5r av en mycket klok och engagerad man och de svar han l\u00e4mnat p\u00e5 mina fr\u00e5gor b\u00f6r verkligen l\u00e4sas igenom ordentligt! Personen jag skriver om \u00e4r ingen mindre \u00e4n Patrik \u201crospiggenfiske\u201d &hellip; <a href=\"https:\/\/blogg.fisheco.se\/sussissymfoni\/2012\/12\/30\/rospigg-och-jmte\/\">Forts\u00e4tt l\u00e4sa <span class=\"meta-nav\">&rarr;<\/span><\/a><\/p>\n","protected":false},"author":14,"featured_media":0,"comment_status":"open","ping_status":"closed","sticky":false,"template":"","format":"standard","meta":{"footnotes":""},"categories":[80],"tags":[90,91],"class_list":["post-3011","post","type-post","status-publish","format-standard","hentry","category-fiskevanner","tag-patrik-bergqvist","tag-rospiggenfiske"],"_links":{"self":[{"href":"https:\/\/blogg.fisheco.se\/sussissymfoni\/wp-json\/wp\/v2\/posts\/3011","targetHints":{"allow":["GET"]}}],"collection":[{"href":"https:\/\/blogg.fisheco.se\/sussissymfoni\/wp-json\/wp\/v2\/posts"}],"about":[{"href":"https:\/\/blogg.fisheco.se\/sussissymfoni\/wp-json\/wp\/v2\/types\/post"}],"author":[{"embeddable":true,"href":"https:\/\/blogg.fisheco.se\/sussissymfoni\/wp-json\/wp\/v2\/users\/14"}],"replies":[{"embeddable":true,"href":"https:\/\/blogg.fisheco.se\/sussissymfoni\/wp-json\/wp\/v2\/comments?post=3011"}],"version-history":[{"count":0,"href":"https:\/\/blogg.fisheco.se\/sussissymfoni\/wp-json\/wp\/v2\/posts\/3011\/revisions"}],"wp:attachment":[{"href":"https:\/\/blogg.fisheco.se\/sussissymfoni\/wp-json\/wp\/v2\/media?parent=3011"}],"wp:term":[{"taxonomy":"category","embeddable":true,"href":"https:\/\/blogg.fisheco.se\/sussissymfoni\/wp-json\/wp\/v2\/categories?post=3011"},{"taxonomy":"post_tag","embeddable":true,"href":"https:\/\/blogg.fisheco.se\/sussissymfoni\/wp-json\/wp\/v2\/tags?post=3011"}],"curies":[{"name":"wp","href":"https:\/\/api.w.org\/{rel}","templated":true}]}}