{"id":2880,"date":"2012-12-27T05:56:12","date_gmt":"2012-12-27T04:56:12","guid":{"rendered":"http:\/\/www.fisheco.se\/blogg\/sussissymfoni\/?p=2880"},"modified":"2012-12-27T05:56:12","modified_gmt":"2012-12-27T04:56:12","slug":"gsdrottningen","status":"publish","type":"post","link":"https:\/\/blogg.fisheco.se\/sussissymfoni\/2012\/12\/27\/gsdrottningen\/","title":{"rendered":"G\u00f6sdrottningen"},"content":{"rendered":"<p>Jag h\u00f6rde talas om Cecilia \u201c<a href=\"http:\/\/www.fisheco.se\/blogg\/gosdrottningen\/\" target=\"_blank\" rel=\"noopener\">g\u00f6sdrottningen<\/a>\u201d Gr\u00f6nberg f\u00f6rra sommaren. Felix och en v\u00e4n till honom var med Cissi ute p\u00e5 ett g\u00f6spass och han fr\u00e5gade mig d\u00e5 om jag visste vem Cissi var. N\u00e4 d\u00e5 visste jag inte det men sedan dess har vi h\u00e5llit kontakten, tr\u00e4ffats p\u00e5 bl.a. sportfiskem\u00e4ssan i Kista i \u00e5r och \u00e4ven hunnit med att fiska tillsammans d\u00e5 jag, Felix och FishEco\u00b4s Jan O h\u00e4lsade p\u00e5 Cissi i Marma nu i november. Vilken h\u00e4rlig tjej det \u00e4r och j\u00f6sses vilken vinnarskalle hon har!! <\/p>\n<p>H\u00e4r kommer svaren fr\u00e5n Cissi:<\/p>\n<p>&#160;<\/p>\n<p><a href=\"https:\/\/blogg.fisheco.se\/sussissymfoni\/wp-content\/uploads\/sites\/5\/2012\/12\/IMG_2143.jpg\"><img loading=\"lazy\" decoding=\"async\" style=\"border-right-width: 0px;border-top-width: 0px;border-bottom-width: 0px;border-left-width: 0px\" border=\"0\" alt=\"IMG_2143\" src=\"https:\/\/blogg.fisheco.se\/sussissymfoni\/wp-content\/uploads\/sites\/5\/2012\/12\/IMG_2143_thumb.jpg\" width=\"594\" height=\"567\" \/><\/a> <\/p>\n<p>&#160;<\/p>\n<p><strong><\/strong><\/p>\n<p><strong>Beskriv ditt fiskeintresse:<\/strong><\/p>\n<p>Mitt fiskeintresse har varit stort \u00e4nda sen barnsben. Jag alltid \u00e4lskat att vara ute i b\u00e5ten, f\u00e5r en h\u00e4rlig frihetsk\u00e4nsla n\u00e4r jag \u00e4r ute p\u00e5 vattnet.<\/p>\n<p>Fr\u00e5n b\u00f6rjan fiskade jag vad som helst och tyckte det var kul. Men f\u00f6r 10 \u00e5r sen s\u00e5 b\u00f6rjade jag med g\u00f6sfisket och blev helt fascinerad av det.<\/p>\n<p>Jag fick en g\u00f6s p\u00e5 8.3 kg ganska snart och det var den som gjorde att jag sen fastnade helt f\u00f6r g\u00f6s. Det blev mest bottenmete f\u00f6rsta \u00e5ren, men n\u00e4r jag sen<\/p>\n<p>b\u00f6rjade med vertikalfisket s\u00e5 var det det som g\u00e4llde. Dom explosiva huggen i vertikalfisket k\u00e4ndes i hela kroppen och var beroendeframkallande.<\/p>\n<p>Jag har alltid varit v\u00e4ldigt envis och n\u00e4r jag det h\u00e4r \u00e5ret b\u00f6rjade med det pelagiska vertikalfisket s\u00e5 best\u00e4mde jag mig f\u00f6r att bli duktig p\u00e5 det.<\/p>\n<p>Det kr\u00e4vdes m\u00e5nga timmar och mycket t\u00e5lamod eftersom det \u00e4r ett kr\u00e4vande och sv\u00e5rt fiske. Men det var det som triggade mig och jag fick &quot;aha-upplevelser&quot;<\/p>\n<p>d\u00e5 och d\u00e5 n\u00e4r jag v\u00e5gade prova och experimentera och det \u00e4r det som har gjort att jag har haft ett fantastiskt g\u00f6sfiske i \u00e5r.<\/p>\n<p>&#160;<\/p>\n<p>&#160;<\/p>\n<p><strong>Var det n\u00e5got speciellt som h\u00e4nde under \u00e5ret 2012?<\/strong><\/p>\n<p>Efter 10 \u00e5rs v\u00e4ntan s\u00e5 fick jag \u00e4ntligen nytt PB och inte bara en utan tv\u00e5 g\u00e5nger! Jag satte ju h\u00f6g ribba direkt med 8.3 kilosg\u00f6sen f\u00f6r 10 \u00e5r sen,<\/p>\n<p>men i somras fick jag f\u00f6rst nytt PB med en g\u00f6s p\u00e5 8.7 kg. K\u00e4ndes otroligt kul och jag t\u00e4nkte d\u00e5 att det skulle dr\u00f6ja l\u00e4nge innan jag skulle sl\u00e5 det.<\/p>\n<p>Men det dr\u00f6jde bara 3 m\u00e5nader s\u00e5 fick jag en monsterg\u00f6s p\u00e5 9.7 kg och lyckan var total!!<\/p>\n<p>&#160;<\/p>\n<p><a href=\"https:\/\/blogg.fisheco.se\/sussissymfoni\/wp-content\/uploads\/sites\/5\/2012\/12\/9.7kgfixad.jpg\"><img loading=\"lazy\" decoding=\"async\" style=\"border-right-width: 0px;border-top-width: 0px;border-bottom-width: 0px;border-left-width: 0px\" border=\"0\" alt=\"9.7 kg fixad\" src=\"https:\/\/blogg.fisheco.se\/sussissymfoni\/wp-content\/uploads\/sites\/5\/2012\/12\/9.7kgfixad_thumb.jpg\" width=\"594\" height=\"888\" \/><\/a> <\/p>\n<p>&#160;<\/p>\n<p><strong>Vad siktar du p\u00e5 inf\u00f6r 2013?<\/strong><\/p>\n<p>Jag siktar naturligtvis p\u00e5 att komma \u00f6ver den magiska 10-kilosgr\u00e4nsen p\u00e5 g\u00f6s. Jag siktar \u00e4ven p\u00e5 att f\u00e5 flera storg\u00e4ddor.<\/p>\n<p>Sen har jag som m\u00e5l att prova nya sp\u00e4nnande fiskevatten.<\/p>\n<p>&#160;<\/p>\n<p><strong>Vem eller vilka \u00e4r din\/dina f\u00f6rebilder inom fisket och varf\u00f6r?<\/strong><\/p>\n<p>Min st\u00f6rsta f\u00f6rebild inom vertikalfisket har varit Klas Hagert. Han var en av dom som b\u00f6rjade med det pelagiska vertikalfisket.<\/p>\n<p>Har dessutom en otrolig kunskap om ekolod och har designat grymt bra vertikalsp\u00f6n.<\/p>\n<p>&#160;<\/p>\n<p><strong>\u00c4r det n\u00e5got s\u00e4rskilt du vill s\u00e4ga mig eller mina l\u00e4sare?<\/strong><\/p>\n<p>God jul och skitfiske p\u00e5 er !!!!<\/p>\n<\/p>\n<p>&#160;<\/p>\n<p><a href=\"https:\/\/blogg.fisheco.se\/sussissymfoni\/wp-content\/uploads\/sites\/5\/2012\/12\/7.jpg\"><img loading=\"lazy\" decoding=\"async\" style=\"border-right-width: 0px;border-top-width: 0px;border-bottom-width: 0px;border-left-width: 0px\" border=\"0\" alt=\"7\" src=\"https:\/\/blogg.fisheco.se\/sussissymfoni\/wp-content\/uploads\/sites\/5\/2012\/12\/7_thumb.jpg\" width=\"594\" height=\"888\" \/><\/a> <\/p>\n<p>\/ Cecilia \u201cG\u00f6sdrottningen\u201d Gr\u00f6nberg<\/p>\n<p>&#160;<\/p>\n<p>Cissi, du \u00e4r helt otrolig! Jag hoppas verkligen att vi kan fiska ihop igen i sommar. Det var fantastiskt kul att h\u00e4lsa p\u00e5 dig och f\u00e5 uppleva din typ av fiske! Gott Nytt Skitfiske\u00c5R!!<\/p>\n","protected":false},"excerpt":{"rendered":"<p>Jag h\u00f6rde talas om Cecilia \u201cg\u00f6sdrottningen\u201d Gr\u00f6nberg f\u00f6rra sommaren. Felix och en v\u00e4n till honom var med Cissi ute p\u00e5 ett g\u00f6spass och han fr\u00e5gade mig d\u00e5 om jag visste vem Cissi var. N\u00e4 d\u00e5 visste jag inte det men &hellip; <a href=\"https:\/\/blogg.fisheco.se\/sussissymfoni\/2012\/12\/27\/gsdrottningen\/\">Forts\u00e4tt l\u00e4sa <span class=\"meta-nav\">&rarr;<\/span><\/a><\/p>\n","protected":false},"author":14,"featured_media":0,"comment_status":"open","ping_status":"closed","sticky":false,"template":"","format":"standard","meta":{"footnotes":""},"categories":[80],"tags":[86],"class_list":["post-2880","post","type-post","status-publish","format-standard","hentry","category-fiskevanner","tag-gosdrottningen"],"_links":{"self":[{"href":"https:\/\/blogg.fisheco.se\/sussissymfoni\/wp-json\/wp\/v2\/posts\/2880","targetHints":{"allow":["GET"]}}],"collection":[{"href":"https:\/\/blogg.fisheco.se\/sussissymfoni\/wp-json\/wp\/v2\/posts"}],"about":[{"href":"https:\/\/blogg.fisheco.se\/sussissymfoni\/wp-json\/wp\/v2\/types\/post"}],"author":[{"embeddable":true,"href":"https:\/\/blogg.fisheco.se\/sussissymfoni\/wp-json\/wp\/v2\/users\/14"}],"replies":[{"embeddable":true,"href":"https:\/\/blogg.fisheco.se\/sussissymfoni\/wp-json\/wp\/v2\/comments?post=2880"}],"version-history":[{"count":0,"href":"https:\/\/blogg.fisheco.se\/sussissymfoni\/wp-json\/wp\/v2\/posts\/2880\/revisions"}],"wp:attachment":[{"href":"https:\/\/blogg.fisheco.se\/sussissymfoni\/wp-json\/wp\/v2\/media?parent=2880"}],"wp:term":[{"taxonomy":"category","embeddable":true,"href":"https:\/\/blogg.fisheco.se\/sussissymfoni\/wp-json\/wp\/v2\/categories?post=2880"},{"taxonomy":"post_tag","embeddable":true,"href":"https:\/\/blogg.fisheco.se\/sussissymfoni\/wp-json\/wp\/v2\/tags?post=2880"}],"curies":[{"name":"wp","href":"https:\/\/api.w.org\/{rel}","templated":true}]}}