{"id":2871,"date":"2012-12-26T06:07:52","date_gmt":"2012-12-26T05:07:52","guid":{"rendered":"http:\/\/www.fisheco.se\/blogg\/sussissymfoni\/?p=2871"},"modified":"2012-12-26T06:07:52","modified_gmt":"2012-12-26T05:07:52","slug":"fdelsedagen","status":"publish","type":"post","link":"https:\/\/blogg.fisheco.se\/sussissymfoni\/2012\/12\/26\/fdelsedagen\/","title":{"rendered":"F\u00f6delsedagen!"},"content":{"rendered":"<p><a href=\"https:\/\/blogg.fisheco.se\/sussissymfoni\/wp-content\/uploads\/sites\/5\/2012\/12\/fdelsedag.jpg\"><img loading=\"lazy\" decoding=\"async\" style=\"border-bottom: 0px;border-left: 0px;border-top: 0px;border-right: 0px\" border=\"0\" alt=\"f\u00f6delsedag\" src=\"https:\/\/blogg.fisheco.se\/sussissymfoni\/wp-content\/uploads\/sites\/5\/2012\/12\/fdelsedag_thumb.jpg\" width=\"594\" height=\"447\" \/><\/a> <\/p>\n<p>&#160;<\/p>\n<p>Ja mina v\u00e4nner, d\u00e5 l\u00e4gger vi p\u00e5 en siffra till p\u00e5 min \u00e5lder.<\/p>\n<p>Hela detta \u00e5ret har ju varit som en f\u00f6delsedag d\u00e5 det h\u00e4nt s\u00e5 mycket och jag har f\u00e5tt s\u00e5 mycket s\u00e5 vad mer kan man beg\u00e4ra.<\/p>\n<p>Jag ska tillbringa dagen p\u00e5 jobbet och Felix \u00e5ker till sitt jobb s\u00e5 det blir inte s\u00e5 mycket firande just idag, mer \u00e4n att de n\u00e4smast s\u00f6rjande kommer f\u00f6rbi en sv\u00e4ng ikv\u00e4ll.<\/p>\n<p>Ig\u00e5r fick jag presenter av ett par av mina underbara kollegor och dessa juveler ska jag b\u00e4ra dagen till \u00e4ra, va underbara de \u00e4r!!<\/p>\n<p>&#160;<\/p>\n<p>F\u00f6rhoppningsvis kanske jag och Felix tar en liten tripp till <a href=\"http:\/\/hokensas.se\/page\/111\/baltak.htm\" target=\"_blank\" rel=\"noopener\">Baltak<\/a> i helgen d\u00e5 det ryktas om lite plusgrader, det f\u00e5r i s\u00e5 fall bli min f\u00f6delsedagsfirande oss emellan \ud83d\ude00<\/p>\n<p>&#160;<\/p>\n<p>Ha nu alla en god forts\u00e4ttning och hoppas ni hinner njuta av lite frisk luft mellan all julmat!!<\/p>\n<p>Stor kram till er alla!!<\/p>\n","protected":false},"excerpt":{"rendered":"<p>&#160; Ja mina v\u00e4nner, d\u00e5 l\u00e4gger vi p\u00e5 en siffra till p\u00e5 min \u00e5lder. Hela detta \u00e5ret har ju varit som en f\u00f6delsedag d\u00e5 det h\u00e4nt s\u00e5 mycket och jag har f\u00e5tt s\u00e5 mycket s\u00e5 vad mer kan man beg\u00e4ra. &hellip; <a href=\"https:\/\/blogg.fisheco.se\/sussissymfoni\/2012\/12\/26\/fdelsedagen\/\">Forts\u00e4tt l\u00e4sa <span class=\"meta-nav\">&rarr;<\/span><\/a><\/p>\n","protected":false},"author":14,"featured_media":0,"comment_status":"open","ping_status":"closed","sticky":false,"template":"","format":"standard","meta":{"footnotes":""},"categories":[6],"tags":[],"class_list":["post-2871","post","type-post","status-publish","format-standard","hentry","category-kuriosa"],"_links":{"self":[{"href":"https:\/\/blogg.fisheco.se\/sussissymfoni\/wp-json\/wp\/v2\/posts\/2871","targetHints":{"allow":["GET"]}}],"collection":[{"href":"https:\/\/blogg.fisheco.se\/sussissymfoni\/wp-json\/wp\/v2\/posts"}],"about":[{"href":"https:\/\/blogg.fisheco.se\/sussissymfoni\/wp-json\/wp\/v2\/types\/post"}],"author":[{"embeddable":true,"href":"https:\/\/blogg.fisheco.se\/sussissymfoni\/wp-json\/wp\/v2\/users\/14"}],"replies":[{"embeddable":true,"href":"https:\/\/blogg.fisheco.se\/sussissymfoni\/wp-json\/wp\/v2\/comments?post=2871"}],"version-history":[{"count":0,"href":"https:\/\/blogg.fisheco.se\/sussissymfoni\/wp-json\/wp\/v2\/posts\/2871\/revisions"}],"wp:attachment":[{"href":"https:\/\/blogg.fisheco.se\/sussissymfoni\/wp-json\/wp\/v2\/media?parent=2871"}],"wp:term":[{"taxonomy":"category","embeddable":true,"href":"https:\/\/blogg.fisheco.se\/sussissymfoni\/wp-json\/wp\/v2\/categories?post=2871"},{"taxonomy":"post_tag","embeddable":true,"href":"https:\/\/blogg.fisheco.se\/sussissymfoni\/wp-json\/wp\/v2\/tags?post=2871"}],"curies":[{"name":"wp","href":"https:\/\/api.w.org\/{rel}","templated":true}]}}