{"id":2838,"date":"2012-12-23T08:34:50","date_gmt":"2012-12-23T07:34:50","guid":{"rendered":"http:\/\/www.fisheco.se\/blogg\/sussissymfoni\/?p=2838"},"modified":"2012-12-23T08:34:50","modified_gmt":"2012-12-23T07:34:50","slug":"fiskemorsan","status":"publish","type":"post","link":"https:\/\/blogg.fisheco.se\/sussissymfoni\/2012\/12\/23\/fiskemorsan\/","title":{"rendered":"FiskeMorsan!!"},"content":{"rendered":"<p>F\u00f6rst vill jag b\u00f6rja med att s\u00e4ga GRATTIS UNDERBARA JEANETTE p\u00e5 f\u00f6delsedagen! Hoppas du blir uppvaktad av n\u00e4ra och k\u00e4ra denna dag!!<\/p>\n<p>Jeanette \u201c<a href=\"http:\/\/fiskemorsan.wordpress.com\/\" target=\"_blank\" rel=\"noopener\">fiskemorsan<\/a>\u201d Linnarud har jag h\u00e5llit \u00f6gonen p\u00e5 i m\u00e5nga \u00e5r, hon var den f\u00f6rsta fiskebloggande tjejen jag snubblade in p\u00e5 via n\u00e4tet. Sen blev vi s\u00e5klart v\u00e4nner p\u00e5 facebook ocks\u00e5, men vi tr\u00e4ffades inte IRL f\u00f6rens p\u00e5 sportfiskem\u00e4ssan i Elmia 2011. Nu har vi tr\u00e4ffats ett antal g\u00e5nger och \u00e4ven fiskat ihop. Detta \u00e4r en underbar tjej och jag \u00e4r s\u00e5 glad att ha henne som v\u00e4n!<\/p>\n<p>&#160;<\/p>\n<p>H\u00e4r kommer svaren fr\u00e5n Jeanette:<\/p>\n<p>&#160;<\/p>\n<p><a href=\"https:\/\/blogg.fisheco.se\/sussissymfoni\/wp-content\/uploads\/sites\/5\/2012\/12\/DSC06795.jpg\"><img loading=\"lazy\" decoding=\"async\" style=\"border-right-width: 0px;border-top-width: 0px;border-bottom-width: 0px;border-left-width: 0px\" border=\"0\" alt=\"\" src=\"https:\/\/blogg.fisheco.se\/sussissymfoni\/wp-content\/uploads\/sites\/5\/2012\/12\/DSC06795_thumb.jpg\" width=\"594\" height=\"596\" \/><\/a> <\/p>\n<p>&#160;<\/p>\n<p><strong>Beskriv ditt fiskeintresse:<\/strong><\/p>\n<p>Fr\u00e5n barndomens tj\u00e4rdoftande tr\u00e4b\u00e5t med abborrmete tillsammans med morfar i den finska sk\u00e4rg\u00e5rden lades nog en genuin grund f\u00f6r ett fortsatt fiskeintresse \u00e4ven om det dr\u00f6jde till strax efter millenniumskiftet innan jag fick ett flugsp\u00f6 i min hand och blev fast i f\u00f6rsta kastet&#8230; Det \u00e4r fr\u00e4mst flugfiske och flugbindning som dominerar mitt intresse idag&#8230;Men jag \u00e4r inte fr\u00e4mmande f\u00f6r att testa andra delar inom fisket..driver ocks\u00e5 sedan 2008, fiskebloggen&#160; &quot;<a href=\"http:\/\/fiskemorsan.wordpress.com\/\" target=\"_blank\" rel=\"noopener\">fiskemorsan<\/a>&quot;<\/p>\n<p>&#160;<\/p>\n<p><a href=\"https:\/\/blogg.fisheco.se\/sussissymfoni\/wp-content\/uploads\/sites\/5\/2012\/12\/redcopper2.jpg\"><img loading=\"lazy\" decoding=\"async\" style=\"border-right-width: 0px;border-top-width: 0px;border-bottom-width: 0px;border-left-width: 0px\" border=\"0\" alt=\"\" src=\"https:\/\/blogg.fisheco.se\/sussissymfoni\/wp-content\/uploads\/sites\/5\/2012\/12\/redcopper2_thumb.jpg\" width=\"594\" height=\"361\" \/><\/a> <\/p>\n<p>&#160;<\/p>\n<p><strong>Var det n\u00e5got speciellt som h\u00e4nde under \u00e5ret 2012?<\/strong><\/p>\n<p>D\u00e5 sjukdom gjort att jag h\u00e5llit mig lite &quot;bakom kulisserna&quot; s\u00e5 har det varit ett minst sagt lugnt \u00e5r vad g\u00e4ller fisket&#8230;men visst har det funnits guldkorn&#8230; Hade \u00e4ran att f\u00e5 delta p\u00e5 b\u00e5de flugfiskem\u00e4ssan och sportfiskem\u00e4ssan som flugbindare&#8230;det var f\u00f6r mig enormt l\u00e4rande och utvecklande&#8230;Och grymt roligt!! Nytt PB p\u00e5 harr fick jag ocks\u00e5 till uppe i Sorsele men det mest minnesv\u00e4rda var nog i augusti d\u00e5 jag f\u00f6r f\u00f6rsta g\u00e5ngen provade laxfiske och tv\u00e5handsp\u00f6, vilket resulterade i 9,6kg lax&#8230;fan, vad h\u00e4ftigt!!!!!<\/p>\n<p>&#160;<\/p>\n<p><a href=\"https:\/\/blogg.fisheco.se\/sussissymfoni\/wp-content\/uploads\/sites\/5\/2012\/12\/thelax2.jpg\"><img loading=\"lazy\" decoding=\"async\" style=\"border-right-width: 0px;border-top-width: 0px;border-bottom-width: 0px;border-left-width: 0px\" border=\"0\" alt=\"\" src=\"https:\/\/blogg.fisheco.se\/sussissymfoni\/wp-content\/uploads\/sites\/5\/2012\/12\/thelax2_thumb.jpg\" width=\"594\" height=\"447\" \/><\/a> <\/p>\n<p>&#160;<\/p>\n<p><strong>Vad siktar du p\u00e5 inf\u00f6r 2013?<\/strong><\/p>\n<p>F\u00f6r det f\u00f6rsta att bli s\u00e5 pass frisk s\u00e5 jag obehindrat kan g\u00f6ra det jag vill och lite till.. d\u00e4rut\u00f6ver kommer jag med all sannolikhet att utveckla laxfisket&#8230;japp, s\u00e5 f\u00e5r det nog bli..<\/p>\n<p>&#160;<\/p>\n<p><a href=\"https:\/\/blogg.fisheco.se\/sussissymfoni\/wp-content\/uploads\/sites\/5\/2012\/12\/DSC04734.jpg\"><img loading=\"lazy\" decoding=\"async\" style=\"border-right-width: 0px;border-top-width: 0px;border-bottom-width: 0px;border-left-width: 0px\" border=\"0\" alt=\"AppleMark\" src=\"https:\/\/blogg.fisheco.se\/sussissymfoni\/wp-content\/uploads\/sites\/5\/2012\/12\/DSC04734_thumb.jpg\" width=\"594\" height=\"888\" \/><\/a> <\/p>\n<p>&#160;<\/p>\n<p><strong>Vem eller vilka \u00e4r din\/dina f\u00f6rebilder inom fisket och varf\u00f6r?<\/strong><\/p>\n<p>Alla de som v\u00e4rnar om milj\u00f6n, och jobbar f\u00f6r ett framtida fiske f\u00f6r v\u00e5ra barn och ungdomar har nog ett litet plus i kanten&#8230;Inom flugbindningen var det Ulf Hagstr\u00f6m som inspirerade mig mest till att b\u00f6rja binda egna flugor&#8230;Fr\u00e4mst f\u00f6r hans kunskaper och grymt snygga flugor&#8230;men ocks\u00e5 f\u00f6r hans engagemang och trevliga bem\u00f6tande..<\/p>\n<p>&#160;<\/p>\n<p><a href=\"https:\/\/blogg.fisheco.se\/sussissymfoni\/wp-content\/uploads\/sites\/5\/2012\/12\/flies.jpg\"><img loading=\"lazy\" decoding=\"async\" style=\"border-right-width: 0px;border-top-width: 0px;border-bottom-width: 0px;border-left-width: 0px\" border=\"0\" alt=\"flies\" src=\"https:\/\/blogg.fisheco.se\/sussissymfoni\/wp-content\/uploads\/sites\/5\/2012\/12\/flies_thumb.jpg\" width=\"594\" height=\"594\" \/><\/a> <\/p>\n<p>&#160;<\/p>\n<p><strong>\u00c4r det n\u00e5got s\u00e4rskilt du vill s\u00e4ga mig eller mina l\u00e4sare?<\/strong><\/p>\n<p>Ja, fantastiskt roligt att f\u00e5tt chansen att l\u00e4ra k\u00e4nna dig Sussi&#8230;f\u00f6rst som &quot;blogg-grannar&quot; och sen som fiskekompisar IRL&#8230; Att du dessutom \u00e4r s\u00e5 s\u00f6t s\u00e5 man f\u00e5r h\u00e5l i t\u00e4nderna skadar ju inte ;)&#160; sp\u00e4nnande och \u00e4rofyllt f\u00e5 vara med i din blogg!! ser fram emot v\u00e5r f\u00f6rsta, men inte sista, inplanerade fisketripp 2013&#8230; Kul ocks\u00e5 att se att vi blir fler tjejer som skriver om fiske&#8230;d\u00e5 vi lyser med v\u00e5ran fr\u00e5nvaro i fiskeforum, \u00e4r nog bloggandet ett bra s\u00e4tt f\u00f6r oss att n\u00e5 ut, inspirera andra och visa p\u00e5 att fiske\/flugbindning \u00e4r det roligaste som finns..<\/p>\n<p>Varma kramar en God Jul och ett riktigt gott nytt \u00e5r till er alla!!!<\/p>\n<\/p>\n<\/p>\n<p>&#160;<\/p>\n<p><a href=\"https:\/\/blogg.fisheco.se\/sussissymfoni\/wp-content\/uploads\/sites\/5\/2012\/12\/minfirre640x4271.jpg\"><img loading=\"lazy\" decoding=\"async\" style=\"border-right-width: 0px;border-top-width: 0px;border-bottom-width: 0px;border-left-width: 0px\" border=\"0\" alt=\"min-firre-640x4271\" src=\"https:\/\/blogg.fisheco.se\/sussissymfoni\/wp-content\/uploads\/sites\/5\/2012\/12\/minfirre640x4271_thumb.jpg\" width=\"594\" height=\"398\" \/><\/a> <\/p>\n<p>\/ Jeanette Linnarud <\/p>\n<\/p>\n<p>&#160;<\/p>\n<p>Tusen tack Jeanette f\u00f6r att du tog dig tid och st\u00e4llde upp p\u00e5 min lilla intervju! Jag l\u00e4ngtar s\u00e5\u00e5\u00e5 tills vi tr\u00e4ffas n\u00e4sta g\u00e5ng och det \u00e4r ju ganska s\u00e5 snart det \ud83d\ude42 Hoppas du f\u00e5r en underbar Jul och ett h\u00e4rligt ny\u00e5r, det har du s\u00e5 f\u00f6rtj\u00e4nat min fina v\u00e4n!! Kram i massor till dig och grattis \u00e4nnu en g\u00e5ng p\u00e5 f\u00f6delsedagen!! &lt;3<\/p>\n","protected":false},"excerpt":{"rendered":"<p>F\u00f6rst vill jag b\u00f6rja med att s\u00e4ga GRATTIS UNDERBARA JEANETTE p\u00e5 f\u00f6delsedagen! Hoppas du blir uppvaktad av n\u00e4ra och k\u00e4ra denna dag!! Jeanette \u201cfiskemorsan\u201d Linnarud har jag h\u00e5llit \u00f6gonen p\u00e5 i m\u00e5nga \u00e5r, hon var den f\u00f6rsta fiskebloggande tjejen jag &hellip; <a href=\"https:\/\/blogg.fisheco.se\/sussissymfoni\/2012\/12\/23\/fiskemorsan\/\">Forts\u00e4tt l\u00e4sa <span class=\"meta-nav\">&rarr;<\/span><\/a><\/p>\n","protected":false},"author":14,"featured_media":0,"comment_status":"open","ping_status":"closed","sticky":false,"template":"","format":"standard","meta":{"footnotes":""},"categories":[80],"tags":[83],"class_list":["post-2838","post","type-post","status-publish","format-standard","hentry","category-fiskevanner","tag-fiskemorsan"],"_links":{"self":[{"href":"https:\/\/blogg.fisheco.se\/sussissymfoni\/wp-json\/wp\/v2\/posts\/2838","targetHints":{"allow":["GET"]}}],"collection":[{"href":"https:\/\/blogg.fisheco.se\/sussissymfoni\/wp-json\/wp\/v2\/posts"}],"about":[{"href":"https:\/\/blogg.fisheco.se\/sussissymfoni\/wp-json\/wp\/v2\/types\/post"}],"author":[{"embeddable":true,"href":"https:\/\/blogg.fisheco.se\/sussissymfoni\/wp-json\/wp\/v2\/users\/14"}],"replies":[{"embeddable":true,"href":"https:\/\/blogg.fisheco.se\/sussissymfoni\/wp-json\/wp\/v2\/comments?post=2838"}],"version-history":[{"count":0,"href":"https:\/\/blogg.fisheco.se\/sussissymfoni\/wp-json\/wp\/v2\/posts\/2838\/revisions"}],"wp:attachment":[{"href":"https:\/\/blogg.fisheco.se\/sussissymfoni\/wp-json\/wp\/v2\/media?parent=2838"}],"wp:term":[{"taxonomy":"category","embeddable":true,"href":"https:\/\/blogg.fisheco.se\/sussissymfoni\/wp-json\/wp\/v2\/categories?post=2838"},{"taxonomy":"post_tag","embeddable":true,"href":"https:\/\/blogg.fisheco.se\/sussissymfoni\/wp-json\/wp\/v2\/tags?post=2838"}],"curies":[{"name":"wp","href":"https:\/\/api.w.org\/{rel}","templated":true}]}}