{"id":2771,"date":"2012-12-17T11:17:34","date_gmt":"2012-12-17T10:17:34","guid":{"rendered":"http:\/\/www.fisheco.se\/blogg\/sussissymfoni\/?p=2771"},"modified":"2012-12-17T11:17:34","modified_gmt":"2012-12-17T10:17:34","slug":"fisheco-jano","status":"publish","type":"post","link":"https:\/\/blogg.fisheco.se\/sussissymfoni\/2012\/12\/17\/fisheco-jano\/","title":{"rendered":"+FishEco JanO!"},"content":{"rendered":"<p>JanO tr\u00e4ffade jag f\u00f6r f\u00f6rsta g\u00e5ngen IRL p\u00e5 flugfiskem\u00e4ssan i \u00c4lvsj\u00f6 i \u00e5r.<\/p>\n<p>Sedan dess har det eskalerat d\u00e5 jag fick \u00e4ran att vara med i <a href=\"http:\/\/www.fisheco.se\/\" target=\"_blank\" rel=\"noopener\">FishEco<\/a> med min blogg.<\/p>\n<p>Vi har tr\u00e4ffats p\u00e5 fler platser efter det, bl.a. Lord Of The fly, Sportfiskem\u00e4ssan och dessutom hunnit med ett par fiskepass ihop. <\/p>\n<p>&#160;<\/p>\n<p>H\u00e4r kommer svaren fr\u00e5n Jan O!<\/p>\n<p><a href=\"https:\/\/blogg.fisheco.se\/sussissymfoni\/wp-content\/uploads\/sites\/5\/2012\/12\/jano.jpg\"><img loading=\"lazy\" decoding=\"async\" style=\"border-bottom: 0px;border-left: 0px;border-top: 0px;border-right: 0px\" border=\"0\" alt=\"jano\" src=\"https:\/\/blogg.fisheco.se\/sussissymfoni\/wp-content\/uploads\/sites\/5\/2012\/12\/jano_thumb.jpg\" width=\"594\" height=\"400\" \/><\/a> <\/p>\n<p>&#160;<\/p>\n<p><strong>Beskriv ditt fiskeintresse:<\/strong> Passionerat och lustfullt, jag kan f\u00e5 en adrenalinkick bara av att t\u00e4nka p\u00e5 fiske. Jag fiskar alla fiskar, p\u00e5 alla s\u00e4tt och s\u00e5 ofta jag kan. Skulle vilja \u00e4gna mer tid p\u00e5 havsfiske. N\u00e4sta \u00e5r m\u00e5ste jag prova att fiska efter de stora starka norska h\u00e4lleflundrorna. Det har varit p\u00e5 g\u00e5ng s\u00e5 l\u00e4nge och nu m\u00e5ste jag helt enkelt g\u00f6ra det.<\/p>\n<p>&#160;<\/p>\n<p><a href=\"https:\/\/blogg.fisheco.se\/sussissymfoni\/wp-content\/uploads\/sites\/5\/2012\/12\/abb_kilo.jpg\"><img loading=\"lazy\" decoding=\"async\" style=\"border-bottom: 0px;border-left: 0px;border-top: 0px;border-right: 0px\" border=\"0\" alt=\"abb_kilo\" src=\"https:\/\/blogg.fisheco.se\/sussissymfoni\/wp-content\/uploads\/sites\/5\/2012\/12\/abb_kilo_thumb.jpg\" width=\"594\" height=\"361\" \/><\/a> <\/p>\n<p>&#160;<\/p>\n<p><strong>Var det n\u00e5got speciellt som h\u00e4nde under \u00e5ret 2012?<\/strong> Ja, tillsammans med Sebastian Wiman startade jag <a href=\"http:\/\/www.fisheco.se\/index.php?modulID=2&amp;kat=25\" target=\"_blank\" rel=\"noopener\">+MagazineFishEco<\/a> under slutet av 2011. Sveriges f\u00f6rsta \u00e4kta e-magazine f\u00f6r sportfiskare. Under 2012 har +Magazinet utvecklats och etablerats som ett reellt alternativ till den tryckta pressen. Vi har f\u00e5tt mycket ber\u00f6m av v\u00e5ra kollegor i branschen men samtidigt ocks\u00e5 en hel del \u201dhugg i ryggen\u201d. Det sistn\u00e4mnda har vi valt att betrakta som n\u00e5got i grunden positivt, vi tolkar det som att man faktiskt \u00e4r b\u00e5de lite imponerade och lite skr\u00e4mda \u00f6ver v\u00e5r framg\u00e5ng. En framg\u00e5ng som skapats med mycket sm\u00e5 ekonomiska medel vilket vi kompenserat med h\u00e5rt arbete, stort kontaktn\u00e4t (fantastiska v\u00e4nner) och ren vilja.<\/p>\n<p>&#160;<\/p>\n<p><strong>Vad siktar du p\u00e5 inf\u00f6r 2013?<\/strong> Jag vill verkligen f\u00e5nga en g\u00f6s \u00f6ver nio kilo\u2026 Det \u00e4r min dr\u00f6mfisk. Skulle den v\u00e4ga \u00f6ver tio s\u00e5 \u00e4r det ju \u00e4n mer fantastiskt men den tanken t\u00f6rs jag inte ens t\u00e4nka\u2026 Tillsammans med <a href=\"http:\/\/www.fisheco.se\/index.php?contentID=32\" target=\"_blank\" rel=\"noopener\">+FishEcog\u00e4nget<\/a> vill jag ocks\u00e5 forts\u00e4tta att s\u00e4tta b\u00e5de nyhetssidan <a href=\"http:\/\/www.fisheco.se\/\" target=\"_blank\" rel=\"noopener\">+FishEco<\/a> och <a href=\"http:\/\/www.fisheco.se\/index.php?modulID=2&amp;kat=25\" target=\"_blank\" rel=\"noopener\">+Magazinet<\/a> p\u00e5 kartan. Vi hoppas att vi kan etablera oss i v\u00e5ra nordiska grannl\u00e4nder, kanske redan under 2013\u2026 Vem vet\u2026<\/p>\n<p>&#160;<\/p>\n<p><strong>Vem eller vilka \u00e4r din\/dina f\u00f6rebilder inom fisket och varf\u00f6r?<\/strong> Det finns flera m\u00e4nniskor inom fisket och lite vid sidan om som jag har stor respekt f\u00f6r. Jag skulle vilja kunna argumentera som <a href=\"http:\/\/www.alvraddarna.se\/\" target=\"_blank\" rel=\"noopener\">\u00c4lvr\u00e4ddarnas Christer Borg<\/a>, vilken kille! Jag skulle vilja kunna filma som <a href=\"http:\/\/fiskejournalen.se\/etikett\/martin-falklind\/\" target=\"_blank\" rel=\"noopener\">Martin Falklind<\/a>. Jag skulle vilja kunna skriva med den stundtals briljanta humor som Mikael Engstr\u00f6m f\u00f6rmedlar. Jag skulle vilja ha det intelligenta fokus och t\u00e4nk kring fisket som t.ex. H\u00e5kan Fransson, J\u00f6rgen Larsson och Jonas Hellstr\u00f6m har\u2026 Ja, listan kan faktiskt g\u00f6ras ganska l\u00e5ng\u2026<\/p>\n<p>&#160;<\/p>\n<p><a href=\"https:\/\/blogg.fisheco.se\/sussissymfoni\/wp-content\/uploads\/sites\/5\/2012\/12\/gos_jo_ett1.jpg\"><img loading=\"lazy\" decoding=\"async\" style=\"border-bottom: 0px;border-left: 0px;border-top: 0px;border-right: 0px\" border=\"0\" alt=\"gos_jo_ett (1)\" src=\"https:\/\/blogg.fisheco.se\/sussissymfoni\/wp-content\/uploads\/sites\/5\/2012\/12\/gos_jo_ett1_thumb.jpg\" width=\"594\" height=\"773\" \/><\/a> <\/p>\n<p>&#160;<\/p>\n<p><strong>\u00c4r det n\u00e5got s\u00e4rskilt du vill s\u00e4ga mig eller mina l\u00e4sare?<\/strong> Ja, du \u00e4r ocks\u00e5 en f\u00f6rebild, du driver din blogg med energi, humor och ber\u00e4ttargl\u00e4dje p\u00e5 ett fantastiskt s\u00e4tt. Det \u00e4r dessutom j\u00e4tteroligt att ser hur du utvecklats, p\u00e5 kort tid, till en riktigt kompetent fotograf med \u00f6ga f\u00f6r motiven\u2026 Att du dessutom \u00e4r tjej g\u00f6r det \u00e4n mer roligt. Jag tror att din blogg kan vara en brygga f\u00f6r andra tjejer till sportfisket och jag hoppas att du kommer att forts\u00e4tta att uppdatera och blogga lika mycket under 2013 som detta \u00e5r. Ha en underbar Jul med mycket skratt och k\u00e4rlek. M\u00e5nga kramar fr\u00e5n mig till dig och din fina sambo Felix.<\/p>\n<\/p>\n<p>&#160;<\/p>\n<p>&#160;<\/p>\n<p>Tusen tack f\u00f6r svaren JanO!! Till dig \u00f6nskar jag en riktigt h\u00e4rlig jul och ett gott nytt SKITFISKE \u00e5r!<\/p>\n<p>Hoppas vi hinner med lite fler \u00e4ventyr n\u00e4sta \u00e5r och tack f\u00f6r allt du gjort f\u00f6r mig detta \u00e5ret, BAMSEKRAM! <\/p>\n<p>&#160;<\/p>\n<p>Som vanligt \u00e4r de gr\u00f6nmarkerade texterna l\u00e4nkade till andra sidor..<\/p>\n<p><a href=\"https:\/\/www.facebook.com\/FishEco\" target=\"_blank\" rel=\"noopener\">Har du missat att f\u00f6lja +fishEcos nyheter via facebook s\u00e5 hoppa in p\u00e5 denna sida och gilla!!<\/a><\/p>\n","protected":false},"excerpt":{"rendered":"<p>JanO tr\u00e4ffade jag f\u00f6r f\u00f6rsta g\u00e5ngen IRL p\u00e5 flugfiskem\u00e4ssan i \u00c4lvsj\u00f6 i \u00e5r. Sedan dess har det eskalerat d\u00e5 jag fick \u00e4ran att vara med i FishEco med min blogg. Vi har tr\u00e4ffats p\u00e5 fler platser efter det, bl.a. Lord &hellip; <a href=\"https:\/\/blogg.fisheco.se\/sussissymfoni\/2012\/12\/17\/fisheco-jano\/\">Forts\u00e4tt l\u00e4sa <span class=\"meta-nav\">&rarr;<\/span><\/a><\/p>\n","protected":false},"author":14,"featured_media":0,"comment_status":"open","ping_status":"closed","sticky":false,"template":"","format":"standard","meta":{"footnotes":""},"categories":[80],"tags":[76],"class_list":["post-2771","post","type-post","status-publish","format-standard","hentry","category-fiskevanner","tag-fisheco"],"_links":{"self":[{"href":"https:\/\/blogg.fisheco.se\/sussissymfoni\/wp-json\/wp\/v2\/posts\/2771","targetHints":{"allow":["GET"]}}],"collection":[{"href":"https:\/\/blogg.fisheco.se\/sussissymfoni\/wp-json\/wp\/v2\/posts"}],"about":[{"href":"https:\/\/blogg.fisheco.se\/sussissymfoni\/wp-json\/wp\/v2\/types\/post"}],"author":[{"embeddable":true,"href":"https:\/\/blogg.fisheco.se\/sussissymfoni\/wp-json\/wp\/v2\/users\/14"}],"replies":[{"embeddable":true,"href":"https:\/\/blogg.fisheco.se\/sussissymfoni\/wp-json\/wp\/v2\/comments?post=2771"}],"version-history":[{"count":0,"href":"https:\/\/blogg.fisheco.se\/sussissymfoni\/wp-json\/wp\/v2\/posts\/2771\/revisions"}],"wp:attachment":[{"href":"https:\/\/blogg.fisheco.se\/sussissymfoni\/wp-json\/wp\/v2\/media?parent=2771"}],"wp:term":[{"taxonomy":"category","embeddable":true,"href":"https:\/\/blogg.fisheco.se\/sussissymfoni\/wp-json\/wp\/v2\/categories?post=2771"},{"taxonomy":"post_tag","embeddable":true,"href":"https:\/\/blogg.fisheco.se\/sussissymfoni\/wp-json\/wp\/v2\/tags?post=2771"}],"curies":[{"name":"wp","href":"https:\/\/api.w.org\/{rel}","templated":true}]}}