{"id":2763,"date":"2012-12-16T21:46:57","date_gmt":"2012-12-16T20:46:57","guid":{"rendered":"http:\/\/www.fisheco.se\/blogg\/sussissymfoni\/?p=2763"},"modified":"2012-12-16T21:46:57","modified_gmt":"2012-12-16T20:46:57","slug":"intervjuaren-blir-intervjuad","status":"publish","type":"post","link":"https:\/\/blogg.fisheco.se\/sussissymfoni\/2012\/12\/16\/intervjuaren-blir-intervjuad\/","title":{"rendered":"Intervjuaren blir intervjuad!"},"content":{"rendered":"<p>Japp, nu var det min tur att grilla <a href=\"http:\/\/riktigasten.blogspot.se\/\" target=\"_blank\" rel=\"noopener\">Andreas \u201cRiktiga\u201d Sten<\/a> och han fick minsann gnugga genikn\u00f6len lite extra och dessutom f\u00e5 k\u00e4nna hur det \u00e4r att bli intervjuad ist\u00e4llet f\u00f6r att intervjua!!<\/p>\n<p>S\u00e5 h\u00e4r kommer fr\u00e5gor och svar fr\u00e5n<\/p>\n<p><a href=\"http:\/\/riktigasten.blogspot.se\/\" target=\"_blank\" rel=\"noopener\">Andreas \u201cRiktiga\u201d Sten<\/a>:<\/p>\n<p>&#160;<\/p>\n<p><a href=\"http:\/\/riktigasten.blogspot.se\/\" target=\"_blank\" rel=\"noopener\"><img loading=\"lazy\" decoding=\"async\" style=\"border-bottom: 0px;border-left: 0px;border-top: 0px;border-right: 0px\" border=\"0\" alt=\"64644_381993821889363_1266289506_n\" src=\"https:\/\/blogg.fisheco.se\/sussissymfoni\/wp-content\/uploads\/sites\/5\/2012\/12\/64644_381993821889363_1266289506_n.jpg\" width=\"594\" height=\"447\" \/><\/a> <\/p>\n<p>&#160;<\/p>\n<p><strong><u>Beskriv ditt fiskeintresse:<\/u><\/strong><\/p>\n<p>Vet inte riktigt hur jag ska b\u00f6rja. Men vi k\u00f6r s\u00e5 h\u00e4r.&#160; Mitt intresse f\u00f6r fisket \u00e4r nog mer \u00e4n vanligt. Jag brinner verkligen f\u00f6r fisket och det jag h\u00e5ller p\u00e5 med. K\u00e4nslan n\u00e4r man kommer ner till \u00e4lven precis innan solen g\u00e5r upp, det \u00e4r magiskt och det borde varenda m\u00e4nniska uppleva n\u00e5gon g\u00e5ng i sitt liv. T\u00e4nk er sj\u00e4lv, n\u00e4r ni st\u00e5r d\u00e4r nere med sp\u00f6t i handen och bara v\u00e4ntar p\u00e5 att det ska dra till! Nervositeten \u00f6kar, blodtrycket \u00f6kar, man blir helt till sig och vet inte vart man ska ta v\u00e4gen. Sedan en annan sak varf\u00f6r jag \u00e4r s\u00e5 f\u00f6r\u00e4lskad i fisket \u00e4r att man f\u00e5r s\u00e5 mycket nya v\u00e4nner och nya bekantskaper som man annars inte hade f\u00e5tt tr\u00e4ffat. Fisket har blivit en del av mitt liv nu och jag skulle inte kunna klara mig utan det, aldrig i livet.<\/p>\n<p>&#160;<\/p>\n<p><a href=\"http:\/\/riktigasten.blogspot.se\/\" target=\"_blank\" rel=\"noopener\"><img loading=\"lazy\" decoding=\"async\" style=\"border-bottom: 0px;border-left: 0px;border-top: 0px;border-right: 0px\" border=\"0\" alt=\"165798_324992064256206_7568853_n\" src=\"https:\/\/blogg.fisheco.se\/sussissymfoni\/wp-content\/uploads\/sites\/5\/2012\/12\/165798_324992064256206_7568853_n.jpg\" width=\"594\" height=\"376\" \/><\/a> <\/p>\n<p>&#160;<\/p>\n<p><strong><u>Var det n\u00e5got speciellt som h\u00e4nde under \u00e5ret 2012?<\/u><\/strong><\/p>\n<p>N\u00e4r jag fick min livs f\u00f6rsta Lax trippel. Jag kommer ih\u00e5g att jag och n\u00e5gra kompisar hade haft bra fisket i n\u00e5gra dagar och hade f\u00e5tt n\u00e5gon mindre Lax och \u00d6ring. Men just denna dag k\u00e4nde jag p\u00e5 mig att n\u00e5got skulle h\u00e4nda och s\u00e5 r\u00e4tt jag hade. Jag lyckades f\u00e5nga tre Laxar p\u00e5 mindre \u00e4n 45 minuter, och den st\u00f6rsta v\u00e4gde 12.5 kilo. Denna dag kommer jag aldrig att gl\u00f6mma, ett minne f\u00f6r livet. Kanske inte \u00e4r s\u00e5 speciellt, men f\u00f6r mig var det speciellt!<\/p>\n<p>En annan sak var n\u00e4r jag fick vara med p\u00e5 Tv inspelning med <a href=\"http:\/\/www.johan-broman.se\/blogg\/\" target=\"_blank\" rel=\"noopener\">Johan Broman<\/a> och Fredrik Sj\u00f6blom till programserien \u201cFiske Lite Djupare\u201d som kommer att visas p\u00e5 Tv nu till v\u00e5ren. Det var en dr\u00f6m som gick i uppfyllelse att f\u00e5 st\u00e5 och svinga sp\u00f6 med tv\u00e5 av Sveriges k\u00e4ndaste Sportfiskeprofiler, ocks\u00e5 ett minne f\u00f6r livet!<\/p>\n<p>&#160;<\/p>\n<p><a href=\"http:\/\/riktigasten.blogspot.se\/\" target=\"_blank\" rel=\"noopener\"><img loading=\"lazy\" decoding=\"async\" style=\"border-bottom: 0px;border-left: 0px;border-top: 0px;border-right: 0px\" border=\"0\" alt=\"532115_376296359125776_683268674_n\" src=\"https:\/\/blogg.fisheco.se\/sussissymfoni\/wp-content\/uploads\/sites\/5\/2012\/12\/532115_376296359125776_683268674_n.jpg\" width=\"594\" height=\"398\" \/><\/a> <\/p>\n<p>&#160;<\/p>\n<p><strong><u>Vad siktar du p\u00e5 inf\u00f6r 2013?<\/u><\/strong><\/p>\n<p><strong><em><u><\/u><\/em><\/strong><\/p>\n<p>Inf\u00f6r 2013 s\u00e5 siktar jag f\u00f6r det f\u00f6rsta att komma in p\u00e5 Forshagaakademin p\u00e5 Sportfiskelinjen s\u00e5 jag kan utveckla mitt fiske s\u00e5 mycket jag kan, l\u00e4ra mig nya tekniker, nya fiskes\u00e4tt osv. Sedan som alltid s\u00e5 siktar jag p\u00e5 att g\u00f6ra mitt b\u00e4sta, f\u00e5nga st\u00f6rre fiskar, f\u00e5nga mer fiskar och l\u00e4ra k\u00e4nna nya m\u00e4nniskor. Men jag har ett speciellt m\u00e5l inf\u00f6r n\u00e4sta \u00e5r och det \u00e4r att ta k\u00f6rkort s\u00e5 jag f\u00e5r ta med mig mina n\u00e4rmsta v\u00e4nner ut i Sverige och fiska p\u00e5 s\u00e5dana st\u00e4llen som vi bara ha kunnat dr\u00f6mma om innan.<\/p>\n<p>&#160;<\/p>\n<p><strong><u>Vem eller vilka \u00e4r din\/dina f\u00f6rebilder inom fisket och varf\u00f6r?<\/u><\/strong><\/p>\n<p><strong><em><u><\/u><\/em><\/strong><\/p>\n<p>Ojd\u00e5. Den var riktigt sv\u00e5r. Ska jag vara helt \u00e4rlig s\u00e5 \u00e4r det <a href=\"http:\/\/www.johan-broman.se\/blogg\/\" target=\"_blank\" rel=\"noopener\">Johan Broman<\/a>, och varf\u00f6r \u00e4r han min f\u00f6rebild? Jo, f\u00f6r han f\u00e5r g\u00f6ra allt det som jag endast kan dr\u00f6mma om. Tj\u00e4na pengar genom att h\u00e5lla p\u00e5 med det han \u00e4lskar, och det \u00e4r inte m\u00e5nga som f\u00e5r g\u00f6ra det. Sedan s\u00e5 pratar han inte massa nonsens utan bara det han sj\u00e4lv tror p\u00e5 och det \u00e4r grymt viktigt! Att man inte l\u00e5ter sig styras av vad andra s\u00e4ger och tycker. Han har lyckats riktigt bra inom Sportfisket och jag \u00f6nskar att en vacker dag s\u00e5 f\u00e5r jag g\u00f6ra allt det d\u00e4r som han f\u00e5r g\u00f6ra, \u00e4r ganska avundsjuk p\u00e5 honom. Hehe..<\/p>\n<p>&#160;<\/p>\n<p><a href=\"http:\/\/riktigasten.blogspot.se\/\" target=\"_blank\" rel=\"noopener\"><img loading=\"lazy\" decoding=\"async\" style=\"border-bottom: 0px;border-left: 0px;border-top: 0px;border-right: 0px\" border=\"0\" alt=\"557603_366617370093675_1424857151_n\" src=\"https:\/\/blogg.fisheco.se\/sussissymfoni\/wp-content\/uploads\/sites\/5\/2012\/12\/557603_366617370093675_1424857151_n.jpg\" width=\"594\" height=\"445\" \/><\/a> <\/p>\n<p>&#160;<\/p>\n<p><strong><u>\u00c4r det n\u00e5got s\u00e4rskilt du vill s\u00e4ga mig eller mina l\u00e4sare?<\/u><\/strong><\/p>\n<p><strong><em><u><\/u><\/em><\/strong><\/p>\n<p>Till dig Sussi s\u00e5 vill jag s\u00e4ga att det har varit j\u00e4tte trevligt att f\u00e5 l\u00e4ra k\u00e4nna dig lite n\u00e4rmre, och jag hoppas att det inte dr\u00f6jer l\u00e4nge innan vi f\u00e5 st\u00e5 och svinga sp\u00f6 tillsammans! Sedan till er alla som l\u00e4ser detta, ni kanske har det sv\u00e5rt med n\u00e5got h\u00e4r i livet eller \u00e4r lite os\u00e4kra p\u00e5 er sj\u00e4lv. V\u00e5ga st\u00e5 p\u00e5 er, v\u00e5ga tro, v\u00e5ga be om hj\u00e4lp och brinner ni f\u00f6r ett intresse d\u00e5 ska ni forts\u00e4tta med det ni \u00e4lskar!<\/p>\n<\/p>\n<\/p>\n<\/p>\n<p>\/<a href=\"http:\/\/riktigasten.blogspot.se\/\" target=\"_blank\" rel=\"noopener\">Andreas Riktiga Sten<\/a><\/p>\n<p>&#160;<\/p>\n<p>Tusen tack Andreas f\u00f6r att du tog dig tiden till detta!!<\/p>\n<p>Till dig s\u00e4ger jag, all lycka till och ha nu en riktigt god jul och ett gott nytt SKITFISKE \u00e5r!!<\/p>\n<p>Till l\u00e4sarna vill jag som vanligt s\u00e4ga att all gr\u00f6nmarkerad text \u00e4r l\u00e4nkad till sidor ni g\u00e4rna f\u00e5r bes\u00f6ka! \ud83d\ude42<\/p>\n","protected":false},"excerpt":{"rendered":"<p>Japp, nu var det min tur att grilla Andreas \u201cRiktiga\u201d Sten och han fick minsann gnugga genikn\u00f6len lite extra och dessutom f\u00e5 k\u00e4nna hur det \u00e4r att bli intervjuad ist\u00e4llet f\u00f6r att intervjua!! S\u00e5 h\u00e4r kommer fr\u00e5gor och svar fr\u00e5n &hellip; <a href=\"https:\/\/blogg.fisheco.se\/sussissymfoni\/2012\/12\/16\/intervjuaren-blir-intervjuad\/\">Forts\u00e4tt l\u00e4sa <span class=\"meta-nav\">&rarr;<\/span><\/a><\/p>\n","protected":false},"author":14,"featured_media":0,"comment_status":"open","ping_status":"closed","sticky":false,"template":"","format":"standard","meta":{"footnotes":""},"categories":[2],"tags":[],"class_list":["post-2763","post","type-post","status-publish","format-standard","hentry","category-fiske"],"_links":{"self":[{"href":"https:\/\/blogg.fisheco.se\/sussissymfoni\/wp-json\/wp\/v2\/posts\/2763","targetHints":{"allow":["GET"]}}],"collection":[{"href":"https:\/\/blogg.fisheco.se\/sussissymfoni\/wp-json\/wp\/v2\/posts"}],"about":[{"href":"https:\/\/blogg.fisheco.se\/sussissymfoni\/wp-json\/wp\/v2\/types\/post"}],"author":[{"embeddable":true,"href":"https:\/\/blogg.fisheco.se\/sussissymfoni\/wp-json\/wp\/v2\/users\/14"}],"replies":[{"embeddable":true,"href":"https:\/\/blogg.fisheco.se\/sussissymfoni\/wp-json\/wp\/v2\/comments?post=2763"}],"version-history":[{"count":0,"href":"https:\/\/blogg.fisheco.se\/sussissymfoni\/wp-json\/wp\/v2\/posts\/2763\/revisions"}],"wp:attachment":[{"href":"https:\/\/blogg.fisheco.se\/sussissymfoni\/wp-json\/wp\/v2\/media?parent=2763"}],"wp:term":[{"taxonomy":"category","embeddable":true,"href":"https:\/\/blogg.fisheco.se\/sussissymfoni\/wp-json\/wp\/v2\/categories?post=2763"},{"taxonomy":"post_tag","embeddable":true,"href":"https:\/\/blogg.fisheco.se\/sussissymfoni\/wp-json\/wp\/v2\/tags?post=2763"}],"curies":[{"name":"wp","href":"https:\/\/api.w.org\/{rel}","templated":true}]}}