{"id":2726,"date":"2012-12-09T21:07:34","date_gmt":"2012-12-09T20:07:34","guid":{"rendered":"http:\/\/www.fisheco.se\/blogg\/sussissymfoni\/?p=2726"},"modified":"2012-12-09T21:07:34","modified_gmt":"2012-12-09T20:07:34","slug":"familjr-mssa","status":"publish","type":"post","link":"https:\/\/blogg.fisheco.se\/sussissymfoni\/2012\/12\/09\/familjr-mssa\/","title":{"rendered":"Familj\u00e4r m\u00e4ssa!"},"content":{"rendered":"<p>Ig\u00e5r \u00e5kte jag med mina v\u00e4nner Virpi, <a href=\"http:\/\/trollslandan.wordpress.com\/\" target=\"_blank\" rel=\"noopener\">Anscha<\/a> och Ingrid till Uppsala f\u00f6r att g\u00e5 p\u00e5 m\u00e4ssan \u201cFr\u00e5n fluga till antispinn\u201d p\u00e5 M\u00f6llers bil.<\/p>\n<p>&#160;<\/p>\n<p><a href=\"https:\/\/blogg.fisheco.se\/sussissymfoni\/wp-content\/uploads\/sites\/5\/2012\/12\/globen.jpg\"><img loading=\"lazy\" decoding=\"async\" style=\"border-right-width: 0px;border-top-width: 0px;border-bottom-width: 0px;border-left-width: 0px\" border=\"0\" alt=\"globen\" src=\"https:\/\/blogg.fisheco.se\/sussissymfoni\/wp-content\/uploads\/sites\/5\/2012\/12\/globen_thumb.jpg\" width=\"594\" height=\"398\" \/><\/a> <\/p>\n<p>&#160;<\/p>\n<p>Det var mysigt att passera ett vinterkl\u00e4tt Stockholm och stora bollen Globen p\u00e5 v\u00e4gen till m\u00e4ssan.<\/p>\n<p>&#160;<\/p>\n<p><a href=\"https:\/\/blogg.fisheco.se\/sussissymfoni\/wp-content\/uploads\/sites\/5\/2012\/12\/LordOftheFly.jpg\"><img loading=\"lazy\" decoding=\"async\" style=\"border-right-width: 0px;border-top-width: 0px;border-bottom-width: 0px;border-left-width: 0px\" border=\"0\" alt=\"Lord-Of-the-Fly\" src=\"https:\/\/blogg.fisheco.se\/sussissymfoni\/wp-content\/uploads\/sites\/5\/2012\/12\/LordOftheFly_thumb.jpg\" width=\"594\" height=\"888\" \/><\/a> <\/p>\n<p>&#160;<\/p>\n<p>Tr\u00e4ffade Stefan och Robert som arrangerar Lord of the fly och har sj\u00e4lvklart redan bokat in dessa datum i kalendern f\u00f6r n\u00e4sta \u00e5rs event.<\/p>\n<p>&#160;<\/p>\n<p><a href=\"https:\/\/blogg.fisheco.se\/sussissymfoni\/wp-content\/uploads\/sites\/5\/2012\/12\/Klingbergfilmer.jpg\"><img loading=\"lazy\" decoding=\"async\" style=\"border-right-width: 0px;border-top-width: 0px;border-bottom-width: 0px;border-left-width: 0px\" border=\"0\" alt=\"Klingbergfilmer\" src=\"https:\/\/blogg.fisheco.se\/sussissymfoni\/wp-content\/uploads\/sites\/5\/2012\/12\/Klingbergfilmer_thumb.jpg\" width=\"594\" height=\"398\" \/><\/a> <\/p>\n<p>&#160;<\/p>\n<p>F\u00f6rl\u00e4ngde prenumerationen p\u00e5 Fly &amp; tie och fick med dessa filmer hem av Johan.<\/p>\n<p>&#160;<\/p>\n<p><a href=\"https:\/\/blogg.fisheco.se\/sussissymfoni\/wp-content\/uploads\/sites\/5\/2012\/12\/sportfiskarna.jpg\"><img loading=\"lazy\" decoding=\"async\" style=\"border-right-width: 0px;border-top-width: 0px;border-bottom-width: 0px;border-left-width: 0px\" border=\"0\" alt=\"sportfiskarna\" src=\"https:\/\/blogg.fisheco.se\/sussissymfoni\/wp-content\/uploads\/sites\/5\/2012\/12\/sportfiskarna_thumb.jpg\" width=\"594\" height=\"398\" \/><\/a> <\/p>\n<p>&#160;<\/p>\n<p>Ett par filmer fr\u00e5n sportfiskarna \u00e5kte ocks\u00e5 med i min lilla p\u00e5se och jag passade p\u00e5 att prata med Henrik och Sivan en liten stund.<\/p>\n<p>&#160;<\/p>\n<p><a href=\"https:\/\/blogg.fisheco.se\/sussissymfoni\/wp-content\/uploads\/sites\/5\/2012\/12\/Martingnellssjhstar.jpg\"><img loading=\"lazy\" decoding=\"async\" style=\"border-right-width: 0px;border-top-width: 0px;border-bottom-width: 0px;border-left-width: 0px\" border=\"0\" alt=\"Martin-\u00c5gnells-sj\u00f6h\u00e4star\" src=\"https:\/\/blogg.fisheco.se\/sussissymfoni\/wp-content\/uploads\/sites\/5\/2012\/12\/Martingnellssjhstar_thumb.jpg\" width=\"594\" height=\"398\" \/><\/a> <\/p>\n<\/p>\n<\/p>\n<p>&#160;<\/p>\n<p>Stannade en liten stund vid flugbindargatan och pratade med Martin \u00c5gnell och beundrade hans vackra flugor.. Sj\u00f6h\u00e4star och<\/p>\n<p>&#160;<\/p>\n<p><a href=\"https:\/\/blogg.fisheco.se\/sussissymfoni\/wp-content\/uploads\/sites\/5\/2012\/12\/Martingnellshusmask.jpg\"><img loading=\"lazy\" decoding=\"async\" style=\"border-right-width: 0px;border-top-width: 0px;border-bottom-width: 0px;border-left-width: 0px\" border=\"0\" alt=\"Martin-\u00c5gnells-husmask\" src=\"https:\/\/blogg.fisheco.se\/sussissymfoni\/wp-content\/uploads\/sites\/5\/2012\/12\/Martingnellshusmask_thumb.jpg\" width=\"594\" height=\"398\" \/><\/a> <\/p>\n<p>&#160;<\/p>\n<p>en liten husmask!!<\/p>\n<p>&#160;<\/p>\n<p><a href=\"https:\/\/blogg.fisheco.se\/sussissymfoni\/wp-content\/uploads\/sites\/5\/2012\/12\/ProFlyvattentt.jpg\"><img loading=\"lazy\" decoding=\"async\" style=\"border-right-width: 0px;border-top-width: 0px;border-bottom-width: 0px;border-left-width: 0px\" border=\"0\" alt=\"ProFly-vattent\u00e4t\" src=\"https:\/\/blogg.fisheco.se\/sussissymfoni\/wp-content\/uploads\/sites\/5\/2012\/12\/ProFlyvattentt_thumb.jpg\" width=\"594\" height=\"888\" \/><\/a> <\/p>\n<p>&#160;<\/p>\n<p>Hos ProFly k\u00f6pte jag ett vattent\u00e4tt fodral till Iphonen f\u00f6r en billig peng och \u00e4ven ett nytt skal<\/p>\n<p>&#160;<\/p>\n<p><a href=\"https:\/\/blogg.fisheco.se\/sussissymfoni\/wp-content\/uploads\/sites\/5\/2012\/12\/iphoneskal.jpg\"><img loading=\"lazy\" decoding=\"async\" style=\"border-right-width: 0px;border-top-width: 0px;border-bottom-width: 0px;border-left-width: 0px\" border=\"0\" alt=\"iphoneskal\" src=\"https:\/\/blogg.fisheco.se\/sussissymfoni\/wp-content\/uploads\/sites\/5\/2012\/12\/iphoneskal_thumb.jpg\" width=\"594\" height=\"398\" \/><\/a> <\/p>\n<p>&#160;<\/p>\n<p>Mitt Orvis skal b\u00f6rjade bli en aning slitet och detta passar v\u00e4l bra f\u00f6r att reta Felix lite d\u00e5 han inte har n\u00e5gon ajf\u00e5n \ud83d\ude09<\/p>\n<p>&#160;<\/p>\n<p><a href=\"https:\/\/blogg.fisheco.se\/sussissymfoni\/wp-content\/uploads\/sites\/5\/2012\/12\/ThomasBerggren.jpg\"><img loading=\"lazy\" decoding=\"async\" style=\"border-right-width: 0px;border-top-width: 0px;border-bottom-width: 0px;border-left-width: 0px\" border=\"0\" alt=\"Thomas-Berggren\" src=\"https:\/\/blogg.fisheco.se\/sussissymfoni\/wp-content\/uploads\/sites\/5\/2012\/12\/ThomasBerggren_thumb.jpg\" width=\"594\" height=\"888\" \/><\/a> <\/p>\n<p>&#160;<\/p>\n<p>N\u00e5got nytt sp\u00f6 blev det inte, Thomas Berggren visar h\u00e4r hur l\u00e4tt det \u00e4r att l\u00e4gga ut en fluglina och prickskjuta utan sp\u00f6 s\u00e5 vad ska jag d\u00e5 med ett sp\u00f6 till, bara hem och tr\u00e4na\u2026 \ud83d\ude42<\/p>\n<p>&#160;<\/p>\n<p><a href=\"https:\/\/blogg.fisheco.se\/sussissymfoni\/wp-content\/uploads\/sites\/5\/2012\/12\/miniglffs.jpg\"><img loading=\"lazy\" decoding=\"async\" style=\"border-right-width: 0px;border-top-width: 0px;border-bottom-width: 0px;border-left-width: 0px\" border=\"0\" alt=\"minigl\u00e4ffs\" src=\"https:\/\/blogg.fisheco.se\/sussissymfoni\/wp-content\/uploads\/sites\/5\/2012\/12\/miniglffs_thumb.jpg\" width=\"594\" height=\"398\" \/><\/a> <\/p>\n<p>&#160;<\/p>\n<p>P\u00e5 n\u00e5gra f\u00e5 timmar tr\u00e4ffade jag p\u00e5 v\u00e4ldigt m\u00e5nga v\u00e4nner och det var supertrevligt att bara strosa runt och snacka lite om b\u00e5de det ena och det andra. Tiden gick v\u00e4ldigt fort s\u00e5 efter 4 timmar var det lika bra att vi \u00e5kte d\u00e4rifr\u00e5n d\u00e5 jag mer och mer b\u00f6rjade cirkulera runt bland alla l\u00e4ckra bilar som stod d\u00e4r inne i hallen.. ojojoj.. Kanske vore n\u00e5got att \u00e5ka hem i efter n\u00e4sta \u00e5rs m\u00e4ssa, men denna g\u00e5ngen fick jag \u00e5ka hem med halva H\u00f6kens\u00e5s g\u00e4nget dvs M\u00e5rten (Mollgan), H\u00e5kan Karsn\u00e4ser och Marcus Hermansson. Tack grabbar f\u00f6r att ni h\u00e4mtade upp mig och sl\u00e4ppte av mig och tack f\u00f6r trevligt s\u00e4llskap p\u00e5 v\u00e4gen hem.<\/p>\n<p>&#160;<\/p>\n<p>Tack \u00e4ven till Anscha och Ingrid f\u00f6r att jag fick husera hos er hela helgen, ett stort tack till Virpi<\/p>\n<p>&#160;<\/p>\n<p><a href=\"https:\/\/blogg.fisheco.se\/sussissymfoni\/wp-content\/uploads\/sites\/5\/2012\/12\/presentfrnVirpi.jpg\"><img loading=\"lazy\" decoding=\"async\" style=\"border-right-width: 0px;border-top-width: 0px;border-bottom-width: 0px;border-left-width: 0px\" border=\"0\" alt=\"present-fr\u00e5n-Virpi\" src=\"https:\/\/blogg.fisheco.se\/sussissymfoni\/wp-content\/uploads\/sites\/5\/2012\/12\/presentfrnVirpi_thumb.jpg\" width=\"594\" height=\"398\" \/><\/a> <\/p>\n<p>&#160;<\/p>\n<p>som h\u00f6ll oss s\u00e4llskap och som dessutom l\u00e4mnade en massa fina prylar till mig som hon tagit med sig hem fr\u00e5n sin l\u00e5nga vistelse i Texas!!<\/p>\n<p>Ni \u00e4r B\u00c4ST!!!!<\/p>\n<p>&#160;<\/p>\n<p>Tusen tack till Niklas Dahlin f\u00f6r en fantastiskt bra m\u00e4ssa!!<\/p>\n","protected":false},"excerpt":{"rendered":"<p>Ig\u00e5r \u00e5kte jag med mina v\u00e4nner Virpi, Anscha och Ingrid till Uppsala f\u00f6r att g\u00e5 p\u00e5 m\u00e4ssan \u201cFr\u00e5n fluga till antispinn\u201d p\u00e5 M\u00f6llers bil. &#160; &#160; Det var mysigt att passera ett vinterkl\u00e4tt Stockholm och stora bollen Globen p\u00e5 v\u00e4gen &hellip; <a href=\"https:\/\/blogg.fisheco.se\/sussissymfoni\/2012\/12\/09\/familjr-mssa\/\">Forts\u00e4tt l\u00e4sa <span class=\"meta-nav\">&rarr;<\/span><\/a><\/p>\n","protected":false},"author":14,"featured_media":0,"comment_status":"open","ping_status":"closed","sticky":false,"template":"","format":"standard","meta":{"footnotes":""},"categories":[9],"tags":[],"class_list":["post-2726","post","type-post","status-publish","format-standard","hentry","category-massa"],"_links":{"self":[{"href":"https:\/\/blogg.fisheco.se\/sussissymfoni\/wp-json\/wp\/v2\/posts\/2726","targetHints":{"allow":["GET"]}}],"collection":[{"href":"https:\/\/blogg.fisheco.se\/sussissymfoni\/wp-json\/wp\/v2\/posts"}],"about":[{"href":"https:\/\/blogg.fisheco.se\/sussissymfoni\/wp-json\/wp\/v2\/types\/post"}],"author":[{"embeddable":true,"href":"https:\/\/blogg.fisheco.se\/sussissymfoni\/wp-json\/wp\/v2\/users\/14"}],"replies":[{"embeddable":true,"href":"https:\/\/blogg.fisheco.se\/sussissymfoni\/wp-json\/wp\/v2\/comments?post=2726"}],"version-history":[{"count":0,"href":"https:\/\/blogg.fisheco.se\/sussissymfoni\/wp-json\/wp\/v2\/posts\/2726\/revisions"}],"wp:attachment":[{"href":"https:\/\/blogg.fisheco.se\/sussissymfoni\/wp-json\/wp\/v2\/media?parent=2726"}],"wp:term":[{"taxonomy":"category","embeddable":true,"href":"https:\/\/blogg.fisheco.se\/sussissymfoni\/wp-json\/wp\/v2\/categories?post=2726"},{"taxonomy":"post_tag","embeddable":true,"href":"https:\/\/blogg.fisheco.se\/sussissymfoni\/wp-json\/wp\/v2\/tags?post=2726"}],"curies":[{"name":"wp","href":"https:\/\/api.w.org\/{rel}","templated":true}]}}