{"id":123,"date":"2011-11-06T21:16:50","date_gmt":"2011-11-06T20:16:50","guid":{"rendered":"https:\/\/sussissymfoni.wordpress.com\/2011\/11\/06\/krsen-sussi\/"},"modified":"2011-11-06T21:16:50","modified_gmt":"2011-11-06T20:16:50","slug":"krsen-sussi","status":"publish","type":"post","link":"https:\/\/blogg.fisheco.se\/sussissymfoni\/2011\/11\/06\/krsen-sussi\/","title":{"rendered":"Kr\u00e4sen Sussi!"},"content":{"rendered":"<p>Har suttit och tittat p\u00e5 gamla bilder fr\u00e5n olika fiskeresor genom \u00e5ren och kan s\u00e4ga att m\u00e5nga av bilderna har nu \u00e5kt i papperskorgen.. De duger helt enkelt inte!! Usel kvalitet och trista motiv som inte ens g\u00e5r att redigera till det b\u00e4ttre i photoshop, d\u00e5 \u00e4r det illa!!<\/p>\n<p>&#160;<\/p>\n<p>En resa jag skulle vilja g\u00f6ra om \u00e4r en tripp till Ammarn\u00e4s.<\/p>\n<p>&#160;<\/p>\n<p><a href=\"http:\/\/sussissymfoni.files.wordpress.com\/2011\/11\/peters-bilder-ammasns-052.jpg\" target=\"_blank\" rel=\"noopener\"><img loading=\"lazy\" decoding=\"async\" style=\"border-bottom:0;border-left:0;padding-left:0;padding-right:0;border-top:0;border-right:0;padding-top:0\" border=\"0\" alt=\"Peters bilder Ammasn\u00e4s 052\" src=\"http:\/\/sussissymfoni.files.wordpress.com\/2011\/11\/peters-bilder-ammasns-052_thumb.jpg\" width=\"506\" height=\"673\" \/><\/a><\/p>\n<p>&#160;<\/p>\n<p>T\u00e4nk att f\u00e5 ta om de flesta bilderna med en systemkamera ist\u00e4llet f\u00f6r en l\u00e5gbudget digitalkamera\u2026 H\u00e4r sitter jag uppe p\u00e5 potatisbacken och nedanf\u00f6r syns Tjul\u00e5n d\u00e4r den mynnar ut i Vindel\u00e4lven..<\/p>\n<p>&#160;<\/p>\n<p><a href=\"http:\/\/sussissymfoni.files.wordpress.com\/2011\/11\/ammarns-13-juli-2007-011.jpg\" target=\"_blank\" rel=\"noopener\"><img loading=\"lazy\" decoding=\"async\" style=\"border-bottom:0;border-left:0;padding-left:0;padding-right:0;border-top:0;border-right:0;padding-top:0\" border=\"0\" alt=\"Ammarn\u00e4s 13  juli 2007 011\" src=\"http:\/\/sussissymfoni.files.wordpress.com\/2011\/11\/ammarns-13-juli-2007-011_thumb.jpg\" width=\"506\" height=\"673\" \/><\/a><\/p>\n<p>&#160;<\/p>\n<p>Det var min f\u00f6rsta flugfiskeresa och det blev en och annan \u00f6ring p\u00e5 kroken..<\/p>\n<p>&#160;<\/p>\n<p><a href=\"http:\/\/sussissymfoni.files.wordpress.com\/2011\/11\/harforsen-17-juli-2007-001.jpg\" target=\"_blank\" rel=\"noopener\"><img loading=\"lazy\" decoding=\"async\" style=\"border-bottom:0;border-left:0;padding-left:0;padding-right:0;border-top:0;border-right:0;padding-top:0\" border=\"0\" alt=\"Harforsen 17  juli 2007 001\" src=\"http:\/\/sussissymfoni.files.wordpress.com\/2011\/11\/harforsen-17-juli-2007-001_thumb.jpg\" width=\"506\" height=\"381\" \/><\/a><\/p>\n<p>&#160;<\/p>\n<p>En del pyttesm\u00e5<\/p>\n<p>&#160;<\/p>\n<p><a href=\"http:\/\/sussissymfoni.files.wordpress.com\/2011\/11\/harforsen-17-juli-2007-003.jpg\" target=\"_blank\" rel=\"noopener\"><img loading=\"lazy\" decoding=\"async\" style=\"border-bottom:0;border-left:0;padding-left:0;padding-right:0;border-top:0;border-right:0;padding-top:0\" border=\"0\" alt=\"Harforsen 17  juli 2007 003\" src=\"http:\/\/sussissymfoni.files.wordpress.com\/2011\/11\/harforsen-17-juli-2007-003_thumb.jpg\" width=\"506\" height=\"381\" \/><\/a><\/p>\n<p>&#160;<\/p>\n<p>och en del n\u00e5got st\u00f6rre. Just denna \u00f6ring var ca 40 cm men \u00e4ven den fick sin frihet tillbaka..<\/p>\n<p>&#160;<\/p>\n<p><a href=\"http:\/\/sussissymfoni.files.wordpress.com\/2011\/11\/tjultrsk-16-juli-2007-001.jpg\" target=\"_blank\" rel=\"noopener\"><img loading=\"lazy\" decoding=\"async\" style=\"border-bottom:0;border-left:0;padding-left:0;padding-right:0;border-top:0;border-right:0;padding-top:0\" border=\"0\" alt=\"Tjultr\u00e4sk 16  juli 2007 001\" src=\"http:\/\/sussissymfoni.files.wordpress.com\/2011\/11\/tjultrsk-16-juli-2007-001_thumb.jpg\" width=\"506\" height=\"381\" \/><\/a><\/p>\n<p>&#160;<\/p>\n<p>Med Tjultr\u00e4sk i bakgrunden, med sitt kristallklara vatten och med mig som verkligen inte visste alls mycket om hur man skulle g\u00f6ra f\u00f6r att f\u00e5 ut maximalt av en resa till fj\u00e4llen.. Vare sig det handlade om fiske, vandringsryggs\u00e4ckar, v\u00e4der, kl\u00e4der eller hur naturen skulle se ut i verkliga livet. <\/p>\n<p>Nu vet jag mer och jag \u00e4r v\u00e4l den d\u00e4r typen av m\u00e4nniska som inte kan l\u00e4sa mig till saker och ting, eller se det p\u00e5 film utan m\u00e5ste uppleva det sj\u00e4lv f\u00f6r att bilda mig en uppfattning och f\u00e5 erfarenhet..<\/p>\n<p>S\u00e5 n\u00e4sta g\u00e5ng det \u00e4r dags att dra l\u00e5ngt norrut \u00e4r jag beredd med b\u00e4ttre utrustning och en s\u00e5 mycket b\u00e4ttre kamera, och sist men inte minst, ett reses\u00e4llskap som delar mitt foto, fiske och naturintresse och d\u00e5 kommer det bli gladare och b\u00e4ttre bilder att dela med sig utav!!<\/p>\n<p>( eller hur Felix mitt hj\u00e4rta!!?? )<\/p>\n<p>&#160;<\/p>\n<p>S\u00e5, nu ska jag forts\u00e4tta sortera ut gamla bilder och g\u00f6ra plats f\u00f6r nya..<\/p>\n","protected":false},"excerpt":{"rendered":"<p>Har suttit och tittat p\u00e5 gamla bilder fr\u00e5n olika fiskeresor genom \u00e5ren och kan s\u00e4ga att m\u00e5nga av bilderna har nu \u00e5kt i papperskorgen.. De duger helt enkelt inte!! Usel kvalitet och trista motiv som inte ens g\u00e5r att redigera &hellip; <a href=\"https:\/\/blogg.fisheco.se\/sussissymfoni\/2011\/11\/06\/krsen-sussi\/\">Forts\u00e4tt l\u00e4sa <span class=\"meta-nav\">&rarr;<\/span><\/a><\/p>\n","protected":false},"author":14,"featured_media":0,"comment_status":"open","ping_status":"open","sticky":false,"template":"","format":"standard","meta":{"footnotes":""},"categories":[2],"tags":[],"class_list":["post-123","post","type-post","status-publish","format-standard","hentry","category-fiske"],"_links":{"self":[{"href":"https:\/\/blogg.fisheco.se\/sussissymfoni\/wp-json\/wp\/v2\/posts\/123","targetHints":{"allow":["GET"]}}],"collection":[{"href":"https:\/\/blogg.fisheco.se\/sussissymfoni\/wp-json\/wp\/v2\/posts"}],"about":[{"href":"https:\/\/blogg.fisheco.se\/sussissymfoni\/wp-json\/wp\/v2\/types\/post"}],"author":[{"embeddable":true,"href":"https:\/\/blogg.fisheco.se\/sussissymfoni\/wp-json\/wp\/v2\/users\/14"}],"replies":[{"embeddable":true,"href":"https:\/\/blogg.fisheco.se\/sussissymfoni\/wp-json\/wp\/v2\/comments?post=123"}],"version-history":[{"count":0,"href":"https:\/\/blogg.fisheco.se\/sussissymfoni\/wp-json\/wp\/v2\/posts\/123\/revisions"}],"wp:attachment":[{"href":"https:\/\/blogg.fisheco.se\/sussissymfoni\/wp-json\/wp\/v2\/media?parent=123"}],"wp:term":[{"taxonomy":"category","embeddable":true,"href":"https:\/\/blogg.fisheco.se\/sussissymfoni\/wp-json\/wp\/v2\/categories?post=123"},{"taxonomy":"post_tag","embeddable":true,"href":"https:\/\/blogg.fisheco.se\/sussissymfoni\/wp-json\/wp\/v2\/tags?post=123"}],"curies":[{"name":"wp","href":"https:\/\/api.w.org\/{rel}","templated":true}]}}