{"id":882,"date":"2013-08-21T12:37:57","date_gmt":"2013-08-21T10:37:57","guid":{"rendered":"http:\/\/www.fisheco.se\/blogg\/redaktion\/?p=882"},"modified":"2013-08-21T12:37:57","modified_gmt":"2013-08-21T10:37:57","slug":"premiarvisning-av-nya-ge-fan-i-vara-vatten-flytvasten","status":"publish","type":"post","link":"https:\/\/blogg.fisheco.se\/redaktion\/2013\/08\/21\/premiarvisning-av-nya-ge-fan-i-vara-vatten-flytvasten\/","title":{"rendered":"Premi\u00e4rvisning av nya &#8221;Ge fan i v\u00e5ra vatten&#8221; flytv\u00e4sten&#8230;"},"content":{"rendered":"<div id=\"attachment_883\" style=\"width: 650px\" class=\"wp-caption alignnone\"><a href=\"https:\/\/blogg.fisheco.se\/redaktion\/wp-content\/uploads\/sites\/2\/2013\/08\/p1.jpg\"><img loading=\"lazy\" decoding=\"async\" aria-describedby=\"caption-attachment-883\" class=\"size-full wp-image-883\" alt=\"Nya grymma &quot;Ge Fan&quot; flytv\u00e4sten...\" src=\"https:\/\/blogg.fisheco.se\/redaktion\/wp-content\/uploads\/sites\/2\/2013\/08\/p1.jpg\" width=\"640\" height=\"960\" srcset=\"https:\/\/blogg.fisheco.se\/redaktion\/wp-content\/uploads\/sites\/2\/2013\/08\/p1.jpg 640w, https:\/\/blogg.fisheco.se\/redaktion\/wp-content\/uploads\/sites\/2\/2013\/08\/p1-200x300.jpg 200w\" sizes=\"auto, (max-width: 640px) 100vw, 640px\" \/><\/a><p id=\"caption-attachment-883\" class=\"wp-caption-text\">Nya grymma &#8221;Ge Fan&#8221; flytv\u00e4sten&#8230;<\/p><\/div>\n<p>Ig\u00e5r hade jag \u00e5terigen n\u00f6jet att fiska med en kille som verkligen kan det h\u00e4r konstiga med sportfiske. P\u00e4r Lindberg, marknadschef p\u00e5 Sportfiskarna, o jag letade efter dom stora abborrarna i min lilla hemmasj\u00f6. Hur det gick med fisket? En kr\u00e4ftbur, drillad tills den var helt slut men som \u00e4nd\u00e5 slet sig vid b\u00e5ten och ett g\u00e4ng fina men inte s\u00e5 stora abborrar&#8230; \ud83d\ude09 Den stora beh\u00e5llningen var nog \u00e4nd\u00e5 att f\u00e5 b\u00e5de testa och se de nya &#8221;Ge Fan&#8221; flytv\u00e4starna med <a href=\"http:\/\/www.sportfiskarna.se\/Shop\/tabid\/244\/Default.aspx\" target=\"_blank\" rel=\"noopener\"><strong>Erik Ohlssons grymma &#8221;Ge Fan&#8221; logga<\/strong><\/a>. J\u00e4ttekul som f\u00f6rsta mediaf\u00f6retag att f\u00e5 b\u00e5de kika o testa dom. Det h\u00e4r var ett av dom f\u00e5 tillf\u00e4llen jag n\u00e4stan \u00f6nskade att n\u00e5gon av oss trillat i, men dom funkar \u00e4nd\u00e5, tro mig. Dom \u00e4r tillverkade av svenska <a href=\"http:\/\/www.baltic.se\/\" target=\"_blank\" rel=\"noopener\"><strong>Baltic Lifejackets<\/strong> <\/a>som gjort flytv\u00e4star sedan 1977.<\/p>\n<div id=\"attachment_884\" style=\"width: 650px\" class=\"wp-caption alignnone\"><a href=\"https:\/\/blogg.fisheco.se\/redaktion\/wp-content\/uploads\/sites\/2\/2013\/08\/p2.jpg\"><img loading=\"lazy\" decoding=\"async\" aria-describedby=\"caption-attachment-884\" class=\"size-full wp-image-884\" alt=\"Finns \u00e4ven som vanlig flytv\u00e4st...\" src=\"https:\/\/blogg.fisheco.se\/redaktion\/wp-content\/uploads\/sites\/2\/2013\/08\/p2.jpg\" width=\"640\" height=\"960\" srcset=\"https:\/\/blogg.fisheco.se\/redaktion\/wp-content\/uploads\/sites\/2\/2013\/08\/p2.jpg 640w, https:\/\/blogg.fisheco.se\/redaktion\/wp-content\/uploads\/sites\/2\/2013\/08\/p2-200x300.jpg 200w\" sizes=\"auto, (max-width: 640px) 100vw, 640px\" \/><\/a><p id=\"caption-attachment-884\" class=\"wp-caption-text\">Finns \u00e4ven som vanlig flytv\u00e4st&#8230;<\/p><\/div>\n<p>Dessa finns snart att k\u00f6pa hos Sportfiskarna och i kommer sj\u00e4lva att k\u00f6pa n\u00e5gra av dessa f\u00f6r att st\u00f6dja &#8221;Ge Fan&#8221; projektet och p\u00e5 n\u00e5got bra s\u00e4tt dela med oss av dessa till v\u00e5ra l\u00e4sare, s\u00e5 h\u00e5ll koll p\u00e5 FishEco eller <a href=\"http:\/\/www.magazinefisheco.se\/\" target=\"_blank\" rel=\"noopener\"><strong>+MagazineFishEco<\/strong><\/a>\u00a0fram\u00f6ver&#8230;<\/p>\n<div id=\"attachment_887\" style=\"width: 860px\" class=\"wp-caption alignnone\"><a href=\"https:\/\/blogg.fisheco.se\/redaktion\/wp-content\/uploads\/sites\/2\/2013\/08\/p3.jpg\"><img loading=\"lazy\" decoding=\"async\" aria-describedby=\"caption-attachment-887\" class=\"size-full wp-image-887\" alt=\"&quot;Skitsnygg&quot; v\u00e4st som kan r\u00e4dda liv...\" src=\"https:\/\/blogg.fisheco.se\/redaktion\/wp-content\/uploads\/sites\/2\/2013\/08\/p3.jpg\" width=\"850\" height=\"1151\" srcset=\"https:\/\/blogg.fisheco.se\/redaktion\/wp-content\/uploads\/sites\/2\/2013\/08\/p3.jpg 850w, https:\/\/blogg.fisheco.se\/redaktion\/wp-content\/uploads\/sites\/2\/2013\/08\/p3-222x300.jpg 222w, https:\/\/blogg.fisheco.se\/redaktion\/wp-content\/uploads\/sites\/2\/2013\/08\/p3-756x1024.jpg 756w, https:\/\/blogg.fisheco.se\/redaktion\/wp-content\/uploads\/sites\/2\/2013\/08\/p3-768x1040.jpg 768w\" sizes=\"auto, (max-width: 850px) 100vw, 850px\" \/><\/a><p id=\"caption-attachment-887\" class=\"wp-caption-text\">&#8221;Skitsnygg&#8221; v\u00e4st som kan r\u00e4dda liv&#8230;<\/p><\/div>\n<p>Ps, f\u00f6r sjutton! G\u00e5 med i Sportfiskarna om du inte redan gjort det. Den enda och b\u00e4sta organisationen som f\u00f6retr\u00e4der b\u00e5de oss sportfiskare och fisken! <a href=\"http:\/\/kampanj.sportfiskarna.se\/fisheco.aspx\" target=\"_blank\" rel=\"noopener\"><strong>G\u00e5 med h\u00e4r! Du f\u00e5r ju b\u00e5de tidning och godk\u00e4nd v\u00e5g p\u00e5 k\u00f6pet!!!<\/strong><\/a><\/p>\n<p><strong>\/\/Jan O +FishEco<\/strong><\/p>\n","protected":false},"excerpt":{"rendered":"<p>Ig\u00e5r hade jag \u00e5terigen n\u00f6jet att fiska med en kille som verkligen kan det h\u00e4r konstiga med sportfiske. P\u00e4r Lindberg, marknadschef p\u00e5 Sportfiskarna, o jag letade efter dom stora abborrarna i min lilla hemmasj\u00f6. Hur det gick med fisket? En &hellip; <a href=\"https:\/\/blogg.fisheco.se\/redaktion\/2013\/08\/21\/premiarvisning-av-nya-ge-fan-i-vara-vatten-flytvasten\/\">Forts\u00e4tt l\u00e4sa <span class=\"meta-nav\">&rarr;<\/span><\/a><\/p>\n","protected":false},"author":2,"featured_media":0,"comment_status":"open","ping_status":"closed","sticky":false,"template":"","format":"standard","meta":{"footnotes":""},"categories":[29,12,7,26,27,10,1,33],"tags":[46,3,30,43,16,37,48,38,85,86,53,15],"class_list":["post-882","post","type-post","status-publish","format-standard","hentry","category-abborre","category-bilder","category-fiskerapport-2","category-gadda","category-gos","category-nyheter","category-okategoriserade","category-tester","tag-abborre-2","tag-fisheco","tag-fiskefoto","tag-gadda-2","tag-gaddfiske","tag-gos-2","tag-gosfiske","tag-magazinefisheco","tag-par-lindberg","tag-sportfiskarna","tag-tester-2","tag-vertikalfiske"],"_links":{"self":[{"href":"https:\/\/blogg.fisheco.se\/redaktion\/wp-json\/wp\/v2\/posts\/882","targetHints":{"allow":["GET"]}}],"collection":[{"href":"https:\/\/blogg.fisheco.se\/redaktion\/wp-json\/wp\/v2\/posts"}],"about":[{"href":"https:\/\/blogg.fisheco.se\/redaktion\/wp-json\/wp\/v2\/types\/post"}],"author":[{"embeddable":true,"href":"https:\/\/blogg.fisheco.se\/redaktion\/wp-json\/wp\/v2\/users\/2"}],"replies":[{"embeddable":true,"href":"https:\/\/blogg.fisheco.se\/redaktion\/wp-json\/wp\/v2\/comments?post=882"}],"version-history":[{"count":0,"href":"https:\/\/blogg.fisheco.se\/redaktion\/wp-json\/wp\/v2\/posts\/882\/revisions"}],"wp:attachment":[{"href":"https:\/\/blogg.fisheco.se\/redaktion\/wp-json\/wp\/v2\/media?parent=882"}],"wp:term":[{"taxonomy":"category","embeddable":true,"href":"https:\/\/blogg.fisheco.se\/redaktion\/wp-json\/wp\/v2\/categories?post=882"},{"taxonomy":"post_tag","embeddable":true,"href":"https:\/\/blogg.fisheco.se\/redaktion\/wp-json\/wp\/v2\/tags?post=882"}],"curies":[{"name":"wp","href":"https:\/\/api.w.org\/{rel}","templated":true}]}}