{"id":822,"date":"2013-08-07T03:00:55","date_gmt":"2013-08-07T01:00:55","guid":{"rendered":"http:\/\/www.fisheco.se\/blogg\/redaktion\/?p=822"},"modified":"2013-08-07T03:00:55","modified_gmt":"2013-08-07T01:00:55","slug":"vaeroy-monsterfisken-slutade-aldrig-dra","status":"publish","type":"post","link":"https:\/\/blogg.fisheco.se\/redaktion\/2013\/08\/07\/vaeroy-monsterfisken-slutade-aldrig-dra\/","title":{"rendered":"Vaer\u00f6y &#8211; Monsterfisken slutade aldrig dra&#8230;"},"content":{"rendered":"<div id=\"attachment_823\" style=\"width: 1010px\" class=\"wp-caption alignnone\"><a href=\"https:\/\/blogg.fisheco.se\/redaktion\/wp-content\/uploads\/sites\/2\/2013\/08\/sejdrill.jpg\"><img loading=\"lazy\" decoding=\"async\" aria-describedby=\"caption-attachment-823\" class=\"size-full wp-image-823\" alt=\"Monsterfisk tappad...\" src=\"https:\/\/blogg.fisheco.se\/redaktion\/wp-content\/uploads\/sites\/2\/2013\/08\/sejdrill.jpg\" width=\"1000\" height=\"670\" srcset=\"https:\/\/blogg.fisheco.se\/redaktion\/wp-content\/uploads\/sites\/2\/2013\/08\/sejdrill.jpg 1000w, https:\/\/blogg.fisheco.se\/redaktion\/wp-content\/uploads\/sites\/2\/2013\/08\/sejdrill-300x201.jpg 300w, https:\/\/blogg.fisheco.se\/redaktion\/wp-content\/uploads\/sites\/2\/2013\/08\/sejdrill-768x515.jpg 768w\" sizes=\"auto, (max-width: 1000px) 100vw, 1000px\" \/><\/a><p id=\"caption-attachment-823\" class=\"wp-caption-text\">Monsterfisk tappad&#8230;<\/p><\/div>\n<p>Idag var tanken, stora testardagen, bildfest med kameran och det i en b\u00e5t taggad till t\u00e4nderna.\u00a0Verkligheten blev en annan. Jag vaknar med spr\u00e4ngande huvudv\u00e4rk, feberfrossa och en inte pigg kropp.\u00a0Dubbla Ipren, v\u00e4ntar en timme fortfarande svimf\u00e4rdig. Jag st\u00e4ller in denna dag och sov i 8 timmar\u2026<\/p>\n<p>Men grabbarna \u00e5kte ut och som tur f\u00f6r mig r\u00e4tt d\u00e5ligt fiske. Bara n\u00e5gra torskar kring 12 kg som topp.\u00a0Men nu till dagens supergrej, en f\u00f6r inblandade overklig upplevelse.\u00a0Nytillkomna polare fick ett hugg och det verkade ju stort. Det blev st\u00f6rre, fisken drar iv\u00e4g i lugn takt ett par hundra meter.<\/p>\n<p><em id=\"__mceDel\"><em id=\"__mceDel\"><em id=\"__mceDel\">I full panik drar de efter med b\u00e5ten. Sedan f\u00f6ljer en oj\u00e4mn kamp i en timme och 50 minuter. Med hj\u00e4lp av b\u00e5ten h\u00f6ll de avst\u00e5ndet till 30-50 meter, fisken styrde tempot och fick de in n\u00e5n meter s\u00e5 tog fisken tillbaka allt och lite till.<\/em><\/em><\/em><\/p>\n<p>Vi garvade och sade de drillat ett bottennapp, men n\u00e4r de kom in och visade film. Ja d\u00e5 r\u00e5der det inget tvivel att dr\u00f6mmarnas fisk var p\u00e5 kroken.<br \/>\nSom en enkel f\u00f6rklaring av dessa herrar;<br \/>\n&#8211; Det var helt sjukt, n\u00e4stan tv\u00e5 timmar och fisken visade inge tecken p\u00e5 tr\u00f6tthet. Den var oss \u00f6verl\u00e4gsen.<br \/>\nSedan sl\u00e4ppte den och ja, det k\u00e4nns nog r\u00e4tt tomt f\u00f6r dem nu.<\/p>\n<p><em id=\"__mceDel\">Hoppas kroppen \u00e4r b\u00e4ttre imorrn.<\/em><\/p>\n<p><strong>\/\/Dybedahl<\/strong><\/p>\n","protected":false},"excerpt":{"rendered":"<p>Idag var tanken, stora testardagen, bildfest med kameran och det i en b\u00e5t taggad till t\u00e4nderna.\u00a0Verkligheten blev en annan. Jag vaknar med spr\u00e4ngande huvudv\u00e4rk, feberfrossa och en inte pigg kropp.\u00a0Dubbla Ipren, v\u00e4ntar en timme fortfarande svimf\u00e4rdig. Jag st\u00e4ller in denna &hellip; <a href=\"https:\/\/blogg.fisheco.se\/redaktion\/2013\/08\/07\/vaeroy-monsterfisken-slutade-aldrig-dra\/\">Forts\u00e4tt l\u00e4sa <span class=\"meta-nav\">&rarr;<\/span><\/a><\/p>\n","protected":false},"author":2,"featured_media":0,"comment_status":"open","ping_status":"closed","sticky":false,"template":"","format":"standard","meta":{"footnotes":""},"categories":[12,7,58,10,17],"tags":[57,3,59,38,62],"class_list":["post-822","post","type-post","status-publish","format-standard","hentry","category-bilder","category-fiskerapport-2","category-havsfiske","category-nyheter","category-resor","tag-andreas-dybedahl","tag-fisheco","tag-havsfiske-2","tag-magazinefisheco","tag-vaeroy"],"_links":{"self":[{"href":"https:\/\/blogg.fisheco.se\/redaktion\/wp-json\/wp\/v2\/posts\/822","targetHints":{"allow":["GET"]}}],"collection":[{"href":"https:\/\/blogg.fisheco.se\/redaktion\/wp-json\/wp\/v2\/posts"}],"about":[{"href":"https:\/\/blogg.fisheco.se\/redaktion\/wp-json\/wp\/v2\/types\/post"}],"author":[{"embeddable":true,"href":"https:\/\/blogg.fisheco.se\/redaktion\/wp-json\/wp\/v2\/users\/2"}],"replies":[{"embeddable":true,"href":"https:\/\/blogg.fisheco.se\/redaktion\/wp-json\/wp\/v2\/comments?post=822"}],"version-history":[{"count":0,"href":"https:\/\/blogg.fisheco.se\/redaktion\/wp-json\/wp\/v2\/posts\/822\/revisions"}],"wp:attachment":[{"href":"https:\/\/blogg.fisheco.se\/redaktion\/wp-json\/wp\/v2\/media?parent=822"}],"wp:term":[{"taxonomy":"category","embeddable":true,"href":"https:\/\/blogg.fisheco.se\/redaktion\/wp-json\/wp\/v2\/categories?post=822"},{"taxonomy":"post_tag","embeddable":true,"href":"https:\/\/blogg.fisheco.se\/redaktion\/wp-json\/wp\/v2\/tags?post=822"}],"curies":[{"name":"wp","href":"https:\/\/api.w.org\/{rel}","templated":true}]}}