{"id":575,"date":"2012-11-10T21:17:48","date_gmt":"2012-11-10T20:17:48","guid":{"rendered":"http:\/\/www.fisheco.se\/blogg\/redaktion\/?p=575"},"modified":"2012-11-10T21:17:48","modified_gmt":"2012-11-10T20:17:48","slug":"forsta-ismetegaddan-for-denna-sasong","status":"publish","type":"post","link":"https:\/\/blogg.fisheco.se\/redaktion\/2012\/11\/10\/forsta-ismetegaddan-for-denna-sasong\/","title":{"rendered":"F\u00f6rsta ismeteg\u00e4ddan f\u00f6r denna s\u00e4song!"},"content":{"rendered":"<p>I de inre delarna av Norrbotten \u00e4r det nu full vinter, men inte riktigt vid kusten. Idag regnade all sn\u00f6 bort. Men det tycker ju jag och mina fiskekompanjoner \u00e4r superbra, med tanke p\u00e5 all det ljus som kommer ner under isen och bidrar till en aktivare jakt hos g\u00e4ddan.<\/p>\n<p>Idag var jag ute med Henrik p\u00e5 v\u00e5r f\u00f6rsta ismetetur i h\u00f6st. Vi hade med oss en v\u00e5r k\u00e4ra v\u00e4n Anton, som aldrig tidigare hade ismetat g\u00e4dda f\u00f6rut. S\u00e5 det var ju en typ av en guidning, kan man s\u00e4ga. Eftersom han inte hade n\u00e5gon utrustning f\u00f6r detta s\u00e5 fick han anv\u00e4nda min. Jag g\u00f6mde mig ist\u00e4llet bakom kameran hela dagen. Samtidigt som jag och Henrik l\u00e4rde Anton hur man skulle g\u00f6ra. Snart skulle f\u00f6rsta g\u00e4ddan vara landad!<\/p>\n<p>Dagens bete var d\u00f6d m\u00f6rt, vilket funkade fint. Den f\u00f6rsta fisken som h\u00f6gg var Antons. Han lyckades f\u00e5 upp den utan problem och det visade sig vara en fin fisk p\u00e5 111 cm. Men tyv\u00e4rr var fisken v\u00e4ldigt smal och v\u00e4gde endast 7,61 kilo. Dock inga sura miner, ett nytt personligt rekord f\u00f6r Anton och en bra start p\u00e5 s\u00e4songen.<\/p>\n<p>Under dagens g\u00e5ng lyckades vi f\u00e5nga ett par g\u00e4ddor mellan tre och fem kilo!<\/p>\n<p><a href=\"http:\/\/www.fisheco.se\/blogg\/redaktion\/2012\/11\/10\/forsta-ismetegaddan-for-denna-sasong\/img_7475\/\" rel=\"attachment wp-att-576 noopener\" target=\"_blank\"><img loading=\"lazy\" decoding=\"async\" class=\"alignnone size-full wp-image-576\" src=\"https:\/\/blogg.fisheco.se\/redaktion\/wp-content\/uploads\/sites\/2\/2012\/11\/IMG_7475.jpg\" alt=\"\" width=\"400\" height=\"600\" srcset=\"https:\/\/blogg.fisheco.se\/redaktion\/wp-content\/uploads\/sites\/2\/2012\/11\/IMG_7475.jpg 400w, https:\/\/blogg.fisheco.se\/redaktion\/wp-content\/uploads\/sites\/2\/2012\/11\/IMG_7475-200x300.jpg 200w\" sizes=\"auto, (max-width: 400px) 100vw, 400px\" \/><\/a><\/p>\n","protected":false},"excerpt":{"rendered":"<p>I de inre delarna av Norrbotten \u00e4r det nu full vinter, men inte riktigt vid kusten. Idag regnade all sn\u00f6 bort. Men det tycker ju jag och mina fiskekompanjoner \u00e4r superbra, med tanke p\u00e5 all det ljus som kommer ner &hellip; <a href=\"https:\/\/blogg.fisheco.se\/redaktion\/2012\/11\/10\/forsta-ismetegaddan-for-denna-sasong\/\">Forts\u00e4tt l\u00e4sa <span class=\"meta-nav\">&rarr;<\/span><\/a><\/p>\n","protected":false},"author":5,"featured_media":0,"comment_status":"open","ping_status":"closed","sticky":false,"template":"","format":"standard","meta":{"footnotes":""},"categories":[7],"tags":[],"class_list":["post-575","post","type-post","status-publish","format-standard","hentry","category-fiskerapport-2"],"_links":{"self":[{"href":"https:\/\/blogg.fisheco.se\/redaktion\/wp-json\/wp\/v2\/posts\/575","targetHints":{"allow":["GET"]}}],"collection":[{"href":"https:\/\/blogg.fisheco.se\/redaktion\/wp-json\/wp\/v2\/posts"}],"about":[{"href":"https:\/\/blogg.fisheco.se\/redaktion\/wp-json\/wp\/v2\/types\/post"}],"author":[{"embeddable":true,"href":"https:\/\/blogg.fisheco.se\/redaktion\/wp-json\/wp\/v2\/users\/5"}],"replies":[{"embeddable":true,"href":"https:\/\/blogg.fisheco.se\/redaktion\/wp-json\/wp\/v2\/comments?post=575"}],"version-history":[{"count":0,"href":"https:\/\/blogg.fisheco.se\/redaktion\/wp-json\/wp\/v2\/posts\/575\/revisions"}],"wp:attachment":[{"href":"https:\/\/blogg.fisheco.se\/redaktion\/wp-json\/wp\/v2\/media?parent=575"}],"wp:term":[{"taxonomy":"category","embeddable":true,"href":"https:\/\/blogg.fisheco.se\/redaktion\/wp-json\/wp\/v2\/categories?post=575"},{"taxonomy":"post_tag","embeddable":true,"href":"https:\/\/blogg.fisheco.se\/redaktion\/wp-json\/wp\/v2\/tags?post=575"}],"curies":[{"name":"wp","href":"https:\/\/api.w.org\/{rel}","templated":true}]}}