{"id":2006,"date":"2016-12-15T18:13:11","date_gmt":"2016-12-15T17:13:11","guid":{"rendered":"http:\/\/www.fisheco.se\/blogg\/redaktion\/?p=2006"},"modified":"2016-12-15T18:13:11","modified_gmt":"2016-12-15T17:13:11","slug":"forsta-pimpelknakaren-for-aret","status":"publish","type":"post","link":"https:\/\/blogg.fisheco.se\/redaktion\/2016\/12\/15\/forsta-pimpelknakaren-for-aret\/","title":{"rendered":"F\u00f6rsta pimpelknakaren f\u00f6r \u00e5ret!"},"content":{"rendered":"<div id=\"attachment_2007\" style=\"width: 1010px\" class=\"wp-caption alignnone\"><img loading=\"lazy\" decoding=\"async\" aria-describedby=\"caption-attachment-2007\" class=\"size-full wp-image-2007\" src=\"https:\/\/blogg.fisheco.se\/redaktion\/wp-content\/uploads\/sites\/2\/2016\/12\/ka.jpg\" alt=\"Tokpangande kr\u00e4ftabborre!\" width=\"1000\" height=\"596\" srcset=\"https:\/\/blogg.fisheco.se\/redaktion\/wp-content\/uploads\/sites\/2\/2016\/12\/ka.jpg 1000w, https:\/\/blogg.fisheco.se\/redaktion\/wp-content\/uploads\/sites\/2\/2016\/12\/ka-300x179.jpg 300w, https:\/\/blogg.fisheco.se\/redaktion\/wp-content\/uploads\/sites\/2\/2016\/12\/ka-768x458.jpg 768w\" sizes=\"auto, (max-width: 1000px) 100vw, 1000px\" \/><p id=\"caption-attachment-2007\" class=\"wp-caption-text\">Tokpangande kr\u00e4ftabborre!<\/p><\/div>\n<p>&#8230;\u00e5\u00e5\u00e5\u00e5 det har sugit i pimpeltarmen m\u00e5nga dagar nu. Vintern har ju lixom lovat is, tidigare \u00e4n vad den brukar. Det \u00e4r numera s\u00e4llan man kommer ut f\u00f6re jul och jag har slagit mina lovar kring min lilla sj\u00f6 fler dagar utan att riktigt v\u00e5ga g\u00e5 ut&#8230; Minusgrader, plusgrader, sn\u00f6 \u00e5 regn&#8230; V\u00e4dret har varit minst sagt f\u00f6rvirrande och det \u00e4r inte bra f\u00f6r isen. Men, ig\u00e5r \u00e5kte FishEcoAnna o jag ner f\u00f6r att provborra \u00e5 visst! S\u00e4ker 7-8 cm i f\u00f6rsta viken d\u00e4r isen l\u00e4gger sig f\u00f6rst. S\u00e5, idag kunde jag inte h\u00e5lla mig. Jag fick en &#8221;lucka&#8221; (menas att man smiter fr\u00e5n jobbet men jag har bra tumme med chefen) \u00e5 kom ut ca tv\u00e5 timmar. Isen var faktiskt riktigt fin. Jag borrade mig snabbt ut p\u00e5 djupt vatten, en kant som h\u00e5ller 8-12 meter och pimplade halvvatten som vanligt och med ekolodet riggat&#8230; Det gick tr\u00f6gt. Inga vettiga fiskar och faktiskt ingen betesfisk. St\u00e4llet jag fiskade \u00e4r inte mitt f\u00f6rstaval, jag brukar fiska st\u00f6rre djupflak egentligen men dit v\u00e5gade jag mig inte idag. S\u00e5, plan B var n\u00e5got jag s\u00e4llan g\u00f6r. Ist\u00e4llet f\u00f6r att forts\u00e4tta p\u00e5 djupt gjorde jag tv\u00e4rtom. Jag pinnade iv\u00e4g kanske 150 meter in i viken och parkerade mig \u00f6ver en sm\u00e5tt hemlig stengrynna som ligger p\u00e5 drygt fyra meter. H\u00e4r finns det ofta gott om kr\u00e4ftor och med lite tur kanske kr\u00e4ftabborre&#8230;<\/p>\n<div id=\"attachment_2008\" style=\"width: 543px\" class=\"wp-caption alignnone\"><img loading=\"lazy\" decoding=\"async\" aria-describedby=\"caption-attachment-2008\" class=\"size-full wp-image-2008\" src=\"https:\/\/blogg.fisheco.se\/redaktion\/wp-content\/uploads\/sites\/2\/2016\/12\/ka2.jpg\" alt=\"Fisken steg som en raket p\u00e5 lodet...\" width=\"533\" height=\"883\" srcset=\"https:\/\/blogg.fisheco.se\/redaktion\/wp-content\/uploads\/sites\/2\/2016\/12\/ka2.jpg 533w, https:\/\/blogg.fisheco.se\/redaktion\/wp-content\/uploads\/sites\/2\/2016\/12\/ka2-181x300.jpg 181w\" sizes=\"auto, (max-width: 533px) 100vw, 533px\" \/><p id=\"caption-attachment-2008\" class=\"wp-caption-text\">Fisken steg som en raket p\u00e5 lodet&#8230;<\/p><\/div>\n<p>Ja, det small direkt! Med pirken p\u00e5 bara tv\u00e5 meter under h\u00e5let kunde jag se en riktig raket komma fr\u00e5n botten och tokpanga p\u00e5 balanspirken. Fisken fortsatte faktiskt upp\u00e5t s\u00e5 det handlade mest om att bara samla in lina och leda upp den i h\u00e5let. Vilken sk\u00f6nhet! En av sj\u00f6ns numera allt f\u00e4rre kr\u00e4ft\u00e4tare med r\u00f6da fenor och \u00e4nnu r\u00f6dare fenspetsar, 41 cm l\u00e5ng \ud83d\ude42<\/p>\n<div id=\"attachment_2009\" style=\"width: 810px\" class=\"wp-caption alignnone\"><img loading=\"lazy\" decoding=\"async\" aria-describedby=\"caption-attachment-2009\" class=\"size-full wp-image-2009\" src=\"https:\/\/blogg.fisheco.se\/redaktion\/wp-content\/uploads\/sites\/2\/2016\/12\/ka3.jpg\" alt=\"Kolla in dom fenorna...\" width=\"800\" height=\"972\" srcset=\"https:\/\/blogg.fisheco.se\/redaktion\/wp-content\/uploads\/sites\/2\/2016\/12\/ka3.jpg 800w, https:\/\/blogg.fisheco.se\/redaktion\/wp-content\/uploads\/sites\/2\/2016\/12\/ka3-247x300.jpg 247w, https:\/\/blogg.fisheco.se\/redaktion\/wp-content\/uploads\/sites\/2\/2016\/12\/ka3-768x933.jpg 768w\" sizes=\"auto, (max-width: 800px) 100vw, 800px\" \/><p id=\"caption-attachment-2009\" class=\"wp-caption-text\">Kolla in dom fenorna&#8230;<\/p><\/div>\n<p>Vackrare fisk finns inte, \u00e4 mot vit sn\u00f6 eller is \u00e4r det ren poesi \ud83d\ude42 Japp, ska se om jag inte kanske kan f\u00e5 en lucka i morrn me&#8230; det \u00e4r ju s\u00e5 skoj att pimpla dom stora&#8230;<\/p>\n<p><em>Ps, en pimpelknakare kallas f\u00f6r det f\u00f6r att det ofta knakar i sp\u00f6et efter ett hugg. En stor fisk med andra ord.<\/em><\/p>\n<p><strong>\/\/Jan O<\/strong><\/p>\n<p>&nbsp;<\/p>\n<p>&nbsp;<\/p>\n","protected":false},"excerpt":{"rendered":"<p>&#8230;\u00e5\u00e5\u00e5\u00e5 det har sugit i pimpeltarmen m\u00e5nga dagar nu. Vintern har ju lixom lovat is, tidigare \u00e4n vad den brukar. Det \u00e4r numera s\u00e4llan man kommer ut f\u00f6re jul och jag har slagit mina lovar kring min lilla sj\u00f6 fler &hellip; <a href=\"https:\/\/blogg.fisheco.se\/redaktion\/2016\/12\/15\/forsta-pimpelknakaren-for-aret\/\">Forts\u00e4tt l\u00e4sa <span class=\"meta-nav\">&rarr;<\/span><\/a><\/p>\n","protected":false},"author":2,"featured_media":0,"comment_status":"open","ping_status":"closed","sticky":false,"template":"","format":"standard","meta":{"footnotes":""},"categories":[29,7],"tags":[46,3,90,30,31,171,45,172],"class_list":["post-2006","post","type-post","status-publish","format-standard","hentry","category-abborre","category-fiskerapport-2","tag-abborre-2","tag-fisheco","tag-fiske","tag-fiskefoto","tag-foto","tag-pimpelfiske-2","tag-sportfiske","tag-storabborre"],"_links":{"self":[{"href":"https:\/\/blogg.fisheco.se\/redaktion\/wp-json\/wp\/v2\/posts\/2006","targetHints":{"allow":["GET"]}}],"collection":[{"href":"https:\/\/blogg.fisheco.se\/redaktion\/wp-json\/wp\/v2\/posts"}],"about":[{"href":"https:\/\/blogg.fisheco.se\/redaktion\/wp-json\/wp\/v2\/types\/post"}],"author":[{"embeddable":true,"href":"https:\/\/blogg.fisheco.se\/redaktion\/wp-json\/wp\/v2\/users\/2"}],"replies":[{"embeddable":true,"href":"https:\/\/blogg.fisheco.se\/redaktion\/wp-json\/wp\/v2\/comments?post=2006"}],"version-history":[{"count":0,"href":"https:\/\/blogg.fisheco.se\/redaktion\/wp-json\/wp\/v2\/posts\/2006\/revisions"}],"wp:attachment":[{"href":"https:\/\/blogg.fisheco.se\/redaktion\/wp-json\/wp\/v2\/media?parent=2006"}],"wp:term":[{"taxonomy":"category","embeddable":true,"href":"https:\/\/blogg.fisheco.se\/redaktion\/wp-json\/wp\/v2\/categories?post=2006"},{"taxonomy":"post_tag","embeddable":true,"href":"https:\/\/blogg.fisheco.se\/redaktion\/wp-json\/wp\/v2\/tags?post=2006"}],"curies":[{"name":"wp","href":"https:\/\/api.w.org\/{rel}","templated":true}]}}