{"id":1993,"date":"2016-11-26T19:05:15","date_gmt":"2016-11-26T18:05:15","guid":{"rendered":"http:\/\/www.fisheco.se\/blogg\/redaktion\/?p=1993"},"modified":"2016-11-26T19:05:15","modified_gmt":"2016-11-26T18:05:15","slug":"gotland-faro-oringfiske-och-dod-sal","status":"publish","type":"post","link":"https:\/\/blogg.fisheco.se\/redaktion\/2016\/11\/26\/gotland-faro-oringfiske-och-dod-sal\/","title":{"rendered":"Gotland F\u00e5r\u00f6 \u00f6ringfiske och d\u00f6d s\u00e4l\u2026"},"content":{"rendered":"<div id=\"attachment_1994\" style=\"width: 1510px\" class=\"wp-caption aligncenter\"><img loading=\"lazy\" decoding=\"async\" aria-describedby=\"caption-attachment-1994\" class=\"wp-image-1994 size-full\" src=\"https:\/\/blogg.fisheco.se\/redaktion\/wp-content\/uploads\/sites\/2\/2016\/11\/chris2.jpg\" alt=\"\u00d6ringen gillar galen vind och v\u00e5gor!\" width=\"1500\" height=\"974\" srcset=\"https:\/\/blogg.fisheco.se\/redaktion\/wp-content\/uploads\/sites\/2\/2016\/11\/chris2.jpg 1500w, https:\/\/blogg.fisheco.se\/redaktion\/wp-content\/uploads\/sites\/2\/2016\/11\/chris2-300x195.jpg 300w, https:\/\/blogg.fisheco.se\/redaktion\/wp-content\/uploads\/sites\/2\/2016\/11\/chris2-1024x665.jpg 1024w, https:\/\/blogg.fisheco.se\/redaktion\/wp-content\/uploads\/sites\/2\/2016\/11\/chris2-768x499.jpg 768w\" sizes=\"auto, (max-width: 1500px) 100vw, 1500px\" \/><p id=\"caption-attachment-1994\" class=\"wp-caption-text\">\u00d6ringen gillar galen vind och v\u00e5gor!<\/p><\/div>\n<p>Ps, varning f\u00f6r bild p\u00e5 d\u00f6tt djur l\u00e4ngst ner i detta blogginl\u00e4gg! Ja, hemma igen efter ett av mina ytterst f\u00e5 bes\u00f6k p\u00e5 vackra Gotland. H\u00e4r borde man vara oftare. Naturen och kusten p\u00e5 \u00f6n \u00e4r verkligen underbar. Nu var ocks\u00e5 f\u00f6rsta g\u00e5ngen jag var p\u00e5 F\u00e5r\u00f6 och om Gotland i sig \u00e4r fint \u00e4r F\u00e5r\u00f6 sm\u00e5tt magiskt! H\u00e4r blev vi guidade p\u00e5 \u00f6ringsfiske av Christoffer Malmqvist, en kille som kan sitt F\u00e5r\u00f6 p\u00e5 sina fem fingrar och en riktig \u00f6ringguru.<\/p>\n<div id=\"attachment_1995\" style=\"width: 1510px\" class=\"wp-caption aligncenter\"><img loading=\"lazy\" decoding=\"async\" aria-describedby=\"caption-attachment-1995\" class=\"wp-image-1995 size-full\" src=\"https:\/\/blogg.fisheco.se\/redaktion\/wp-content\/uploads\/sites\/2\/2016\/11\/jeep2.jpg\" alt=\"Ny sportfiskebil testas...\" width=\"1500\" height=\"920\" srcset=\"https:\/\/blogg.fisheco.se\/redaktion\/wp-content\/uploads\/sites\/2\/2016\/11\/jeep2.jpg 1500w, https:\/\/blogg.fisheco.se\/redaktion\/wp-content\/uploads\/sites\/2\/2016\/11\/jeep2-300x184.jpg 300w, https:\/\/blogg.fisheco.se\/redaktion\/wp-content\/uploads\/sites\/2\/2016\/11\/jeep2-1024x628.jpg 1024w, https:\/\/blogg.fisheco.se\/redaktion\/wp-content\/uploads\/sites\/2\/2016\/11\/jeep2-768x471.jpg 768w\" sizes=\"auto, (max-width: 1500px) 100vw, 1500px\" \/><p id=\"caption-attachment-1995\" class=\"wp-caption-text\">Ny sportfiskebil testas&#8230;<\/p><\/div>\n<p>N\u00e5v\u00e4l, jag ska inte skriva f\u00f6r mycket, d\u00e5 blir det ingen artikel i MagazineFishEco men jag kan s\u00e4ga att jag l\u00e4rde mig mycket nytt. Inte bara platser utan jag fick ocks\u00e5 fiska p\u00e5 st\u00e4llen och under f\u00f6rh\u00e5llanden som jag innan detta aldrig hade bed\u00f6mt som heta eller aktuella \ud83d\ude42 Utan att avsl\u00f6ja f\u00f6r mycket s\u00e5 kan jag s\u00e4ga att bl\u00e5sten, \u00e5 det bl\u00e5\u00e5\u00e5\u00e5ste mycket, var v\u00e5r v\u00e4n ist\u00e4llet f\u00f6r som jag trodde, v\u00e5r v\u00e4rsta ov\u00e4n \ud83d\ude42 \u00a0N\u00e5v\u00e4l igen, mer om detta i +Magazinet fram\u00f6ver.<\/p>\n<div id=\"attachment_1997\" style=\"width: 1332px\" class=\"wp-caption aligncenter\"><img loading=\"lazy\" decoding=\"async\" aria-describedby=\"caption-attachment-1997\" class=\"size-full wp-image-1997\" src=\"https:\/\/blogg.fisheco.se\/redaktion\/wp-content\/uploads\/sites\/2\/2016\/11\/suss.jpg\" alt=\"Sussi Stridh l\u00e4gger flugan i ett l\u00e5ngt kast p\u00e5 en hotspot!\" width=\"1322\" height=\"776\" srcset=\"https:\/\/blogg.fisheco.se\/redaktion\/wp-content\/uploads\/sites\/2\/2016\/11\/suss.jpg 1322w, https:\/\/blogg.fisheco.se\/redaktion\/wp-content\/uploads\/sites\/2\/2016\/11\/suss-300x176.jpg 300w, https:\/\/blogg.fisheco.se\/redaktion\/wp-content\/uploads\/sites\/2\/2016\/11\/suss-1024x601.jpg 1024w, https:\/\/blogg.fisheco.se\/redaktion\/wp-content\/uploads\/sites\/2\/2016\/11\/suss-768x451.jpg 768w\" sizes=\"auto, (max-width: 1322px) 100vw, 1322px\" \/><p id=\"caption-attachment-1997\" class=\"wp-caption-text\">Sussi Stridh l\u00e4gger flugan i ett l\u00e5ngt kast p\u00e5 en hotspot!<\/p><\/div>\n<p>En udda grej h\u00e4nde ocks\u00e5, vi sprang p\u00e5 en d\u00f6d s\u00e4l! En riktigt m\u00e4rklig upplevelse. Jag har aldrig kommit s\u00e5 n\u00e4ra en s\u00e4l f\u00f6rut, varken levande eller d\u00f6d, och det \u00e4r verkligen m\u00e4ktiga djur. Ja, vi sprang p\u00e5 en d\u00f6d s\u00e4l helt enkelt. En del av kretsloppet i naturen, vi f\u00f6ds vi lever och vi d\u00f6r. Jag la ut bilden p\u00e5 Instagram med kort text och hashtaggen <strong>#strangethingswhenfishing, <\/strong>\u00a0f\u00f6r det var det verkligen <strong>strangethingswhenfishing<\/strong>. Bilden, och jag, fick m\u00e5nga kommentarer men vad som f\u00f6rv\u00e5nade mig lite var att jag fick s\u00e5 m\u00e5nga negativa kommentarer d\u00e4r folk kritiserade mig personligen f\u00f6r att jag la ut den. Jag \u00e4r ingen s\u00e4lhatare, snarare har jag ett agg till m\u00e4nskligheten som skapat en situation d\u00e4r s\u00e4len utpekas som roten till fiskens f\u00f6rsvinnande! Bullshit! F\u00f6r mig var detta verkligen en del av upplevelsen p\u00e5 F\u00e5r\u00f6. En fascinerande syn p\u00e5 m\u00e5nga s\u00e4tt och direkt fr\u00e5n verkligheten! Ja, jag tog bort bilden fr\u00e5n Instagram s\u00e5 att inte fler skulle chockas av, enligt mig, n\u00e5got helt naturligt. Ett d\u00f6tt djur i naturen och en del av min upplevelse p\u00e5 F\u00e5r\u00f6. N\u00e5v\u00e4l, ni som \u00e4nd\u00e5 klarar av att se n\u00e5got helt naturligt, udda och p\u00e5 sitt s\u00e4tt b\u00e5de m\u00e4ktigt och sorgligt f\u00e5r titta nedan, \u00f6vriga b\u00f6r avst\u00e5.<\/p>\n<div id=\"attachment_1996\" style=\"width: 538px\" class=\"wp-caption aligncenter\"><img loading=\"lazy\" decoding=\"async\" aria-describedby=\"caption-attachment-1996\" class=\"size-full wp-image-1996\" src=\"https:\/\/blogg.fisheco.se\/redaktion\/wp-content\/uploads\/sites\/2\/2016\/11\/sal.jpg\" alt=\"Ett m\u00e4ktigt djur, b\u00e5de som d\u00f6d och levande...\" width=\"528\" height=\"739\" srcset=\"https:\/\/blogg.fisheco.se\/redaktion\/wp-content\/uploads\/sites\/2\/2016\/11\/sal.jpg 528w, https:\/\/blogg.fisheco.se\/redaktion\/wp-content\/uploads\/sites\/2\/2016\/11\/sal-214x300.jpg 214w\" sizes=\"auto, (max-width: 528px) 100vw, 528px\" \/><p id=\"caption-attachment-1996\" class=\"wp-caption-text\">Ett m\u00e4ktigt djur, b\u00e5de som d\u00f6d och levande&#8230;<\/p><\/div>\n<p><strong>\/\/Jan O<\/strong><\/p>\n","protected":false},"excerpt":{"rendered":"<p>Ps, varning f\u00f6r bild p\u00e5 d\u00f6tt djur l\u00e4ngst ner i detta blogginl\u00e4gg! Ja, hemma igen efter ett av mina ytterst f\u00e5 bes\u00f6k p\u00e5 vackra Gotland. H\u00e4r borde man vara oftare. Naturen och kusten p\u00e5 \u00f6n \u00e4r verkligen underbar. Nu var &hellip; <a href=\"https:\/\/blogg.fisheco.se\/redaktion\/2016\/11\/26\/gotland-faro-oringfiske-och-dod-sal\/\">Forts\u00e4tt l\u00e4sa <span class=\"meta-nav\">&rarr;<\/span><\/a><\/p>\n","protected":false},"author":2,"featured_media":0,"comment_status":"open","ping_status":"closed","sticky":false,"template":"","format":"standard","meta":{"footnotes":""},"categories":[12,7,98],"tags":[3,30,4,45],"class_list":["post-1993","post","type-post","status-publish","format-standard","hentry","category-bilder","category-fiskerapport-2","category-flugfiske-2","tag-fisheco","tag-fiskefoto","tag-flugfiske","tag-sportfiske"],"_links":{"self":[{"href":"https:\/\/blogg.fisheco.se\/redaktion\/wp-json\/wp\/v2\/posts\/1993","targetHints":{"allow":["GET"]}}],"collection":[{"href":"https:\/\/blogg.fisheco.se\/redaktion\/wp-json\/wp\/v2\/posts"}],"about":[{"href":"https:\/\/blogg.fisheco.se\/redaktion\/wp-json\/wp\/v2\/types\/post"}],"author":[{"embeddable":true,"href":"https:\/\/blogg.fisheco.se\/redaktion\/wp-json\/wp\/v2\/users\/2"}],"replies":[{"embeddable":true,"href":"https:\/\/blogg.fisheco.se\/redaktion\/wp-json\/wp\/v2\/comments?post=1993"}],"version-history":[{"count":0,"href":"https:\/\/blogg.fisheco.se\/redaktion\/wp-json\/wp\/v2\/posts\/1993\/revisions"}],"wp:attachment":[{"href":"https:\/\/blogg.fisheco.se\/redaktion\/wp-json\/wp\/v2\/media?parent=1993"}],"wp:term":[{"taxonomy":"category","embeddable":true,"href":"https:\/\/blogg.fisheco.se\/redaktion\/wp-json\/wp\/v2\/categories?post=1993"},{"taxonomy":"post_tag","embeddable":true,"href":"https:\/\/blogg.fisheco.se\/redaktion\/wp-json\/wp\/v2\/tags?post=1993"}],"curies":[{"name":"wp","href":"https:\/\/api.w.org\/{rel}","templated":true}]}}