{"id":1280,"date":"2014-08-08T11:45:43","date_gmt":"2014-08-08T09:45:43","guid":{"rendered":"http:\/\/www.fisheco.se\/blogg\/redaktion\/?p=1280"},"modified":"2014-08-08T11:45:43","modified_gmt":"2014-08-08T09:45:43","slug":"ge-efter-for-fiskesuget-det-lonar-sig","status":"publish","type":"post","link":"https:\/\/blogg.fisheco.se\/redaktion\/2014\/08\/08\/ge-efter-for-fiskesuget-det-lonar-sig\/","title":{"rendered":"Ge efter f\u00f6r fiskesuget det l\u00f6nar sig&#8230;."},"content":{"rendered":"<div id=\"attachment_1284\" style=\"width: 810px\" class=\"wp-caption alignnone\"><a href=\"https:\/\/blogg.fisheco.se\/redaktion\/wp-content\/uploads\/sites\/2\/2014\/08\/DSC_10661.jpg\"><img loading=\"lazy\" decoding=\"async\" aria-describedby=\"caption-attachment-1284\" class=\"size-full wp-image-1284\" src=\"https:\/\/blogg.fisheco.se\/redaktion\/wp-content\/uploads\/sites\/2\/2014\/08\/DSC_10661.jpg\" alt=\"R\u00f6ding p\u00e5 3,2 kilo \u00e5 det blev \u00e5ka av...\" width=\"800\" height=\"885\" srcset=\"https:\/\/blogg.fisheco.se\/redaktion\/wp-content\/uploads\/sites\/2\/2014\/08\/DSC_10661.jpg 800w, https:\/\/blogg.fisheco.se\/redaktion\/wp-content\/uploads\/sites\/2\/2014\/08\/DSC_10661-271x300.jpg 271w, https:\/\/blogg.fisheco.se\/redaktion\/wp-content\/uploads\/sites\/2\/2014\/08\/DSC_10661-768x850.jpg 768w\" sizes=\"auto, (max-width: 800px) 100vw, 800px\" \/><\/a><p id=\"caption-attachment-1284\" class=\"wp-caption-text\">R\u00f6ding p\u00e5 3,2 kilo \u00e5 det blev \u00e5ka av&#8230;<\/p><\/div>\n<p>H\u00e4romdagen skrev <a href=\"http:\/\/www.fisheco.se\/blogg\/lillminken\/2014\/07\/31\/galet-fet-abborre\/\" target=\"_blank\" rel=\"noopener\">Victor &#8221;Lillminken&#8221; Gustavsson <\/a>om ett lyckat abborrfiske, lusten fl\u00f6g p\u00e5 och han gav efter&#8230; Det gillar jag och min erfarenhet \u00e4r att det ofta blir bra n\u00e4r man ger efter&#8230; S\u00e5, detsamma h\u00e4nder mig ig\u00e5r. Jag fick en sk &#8221;lucka&#8221; och vad passar d\u00e5 b\u00e4ttre \u00e4n att bara dra v\u00e4g, speciellt n\u00e4r prognoserna faktiskt lovar svaga vindar f\u00f6r en g\u00e5ngs skull&#8230;<\/p>\n<p>Sommaren har varit full av rapporter om bra r\u00f6dingfiske och f\u00f6rra \u00e5rets grymma fisken med bla <a href=\"http:\/\/www.fisheco.se\/blogg\/redaktion\/2013\/08\/08\/rodingfeber-och-dyningar\/\" target=\"_blank\" rel=\"noopener\">Daniel Nilsson<\/a> fr\u00e5n Westin och den skicklige guiden <a href=\"http:\/\/www.fisheco.se\/blogg\/redaktion\/2013\/08\/19\/vilken-roding\/\" target=\"_blank\" rel=\"noopener\">Kristian Keskitalo <\/a>har verkligen satt sp\u00e5r i mig, lite r\u00f6dingfeber kan man kanske kalla det. S\u00e5, jag best\u00e4mde mig kv\u00e4llen innan, r\u00f6ding p\u00e5 vertikal f\u00e5r det bli!<\/p>\n<div id=\"attachment_1282\" style=\"width: 1010px\" class=\"wp-caption alignnone\"><a href=\"https:\/\/blogg.fisheco.se\/redaktion\/wp-content\/uploads\/sites\/2\/2014\/08\/DSC_1061.jpg\"><img loading=\"lazy\" decoding=\"async\" aria-describedby=\"caption-attachment-1282\" class=\"size-full wp-image-1282\" src=\"https:\/\/blogg.fisheco.se\/redaktion\/wp-content\/uploads\/sites\/2\/2014\/08\/DSC_1061.jpg\" alt=\"En &quot;liten&quot; men s\u00e5 vacker...\" width=\"1000\" height=\"467\" srcset=\"https:\/\/blogg.fisheco.se\/redaktion\/wp-content\/uploads\/sites\/2\/2014\/08\/DSC_1061.jpg 1000w, https:\/\/blogg.fisheco.se\/redaktion\/wp-content\/uploads\/sites\/2\/2014\/08\/DSC_1061-300x140.jpg 300w, https:\/\/blogg.fisheco.se\/redaktion\/wp-content\/uploads\/sites\/2\/2014\/08\/DSC_1061-768x359.jpg 768w\" sizes=\"auto, (max-width: 1000px) 100vw, 1000px\" \/><\/a><p id=\"caption-attachment-1282\" class=\"wp-caption-text\">En &#8221;liten&#8221; men s\u00e5 vacker&#8230;<\/p><\/div>\n<p>Resultatet var klart godk\u00e4nt. F\u00f6r mig \u00e4r det absolut inte sj\u00e4lvklart att f\u00e5nga r\u00f6ding varje g\u00e5ng det vankas fiske. Denna tur blev det tv\u00e5 underbart vackra fiskar. En gnistrande fisk p\u00e5 kanske 1,5-1,8 och en urstark k\u00e4mpe p\u00e5 3,2 som gjorde flera rusningar r\u00e4tt ner i djupet innan den var klar f\u00f6r h\u00e5ven, j\u00e4klar vad det kan bli &#8221;\u00e5ka av&#8221; ibland.<\/p>\n<div id=\"attachment_1283\" style=\"width: 810px\" class=\"wp-caption alignnone\"><a href=\"https:\/\/blogg.fisheco.se\/redaktion\/wp-content\/uploads\/sites\/2\/2014\/08\/DSC_1071.jpg\"><img loading=\"lazy\" decoding=\"async\" aria-describedby=\"caption-attachment-1283\" class=\"size-full wp-image-1283\" src=\"https:\/\/blogg.fisheco.se\/redaktion\/wp-content\/uploads\/sites\/2\/2014\/08\/DSC_1071.jpg\" alt=\"En liten Shaker p\u00e5 en modifierad Berkleyskalle rockade denna dag...\" width=\"800\" height=\"1235\" srcset=\"https:\/\/blogg.fisheco.se\/redaktion\/wp-content\/uploads\/sites\/2\/2014\/08\/DSC_1071.jpg 800w, https:\/\/blogg.fisheco.se\/redaktion\/wp-content\/uploads\/sites\/2\/2014\/08\/DSC_1071-194x300.jpg 194w, https:\/\/blogg.fisheco.se\/redaktion\/wp-content\/uploads\/sites\/2\/2014\/08\/DSC_1071-663x1024.jpg 663w, https:\/\/blogg.fisheco.se\/redaktion\/wp-content\/uploads\/sites\/2\/2014\/08\/DSC_1071-768x1186.jpg 768w\" sizes=\"auto, (max-width: 800px) 100vw, 800px\" \/><\/a><p id=\"caption-attachment-1283\" class=\"wp-caption-text\">En liten Shaker p\u00e5 en modifierad Berkleyskalle rockade denna dag&#8230;<\/p><\/div>\n<p>Jag stannar d\u00e4r, kanske blir det mer om detta i +MagazineFishEco. Vi f\u00e5r v\u00e4l se&#8230;.<\/p>\n<p><strong>\/\/Jan O<\/strong><\/p>\n","protected":false},"excerpt":{"rendered":"<p>H\u00e4romdagen skrev Victor &#8221;Lillminken&#8221; Gustavsson om ett lyckat abborrfiske, lusten fl\u00f6g p\u00e5 och han gav efter&#8230; Det gillar jag och min erfarenhet \u00e4r att det ofta blir bra n\u00e4r man ger efter&#8230; S\u00e5, detsamma h\u00e4nder mig ig\u00e5r. Jag fick en &hellip; <a href=\"https:\/\/blogg.fisheco.se\/redaktion\/2014\/08\/08\/ge-efter-for-fiskesuget-det-lonar-sig\/\">Forts\u00e4tt l\u00e4sa <span class=\"meta-nav\">&rarr;<\/span><\/a><\/p>\n","protected":false},"author":2,"featured_media":0,"comment_status":"open","ping_status":"closed","sticky":false,"template":"","format":"standard","meta":{"footnotes":""},"categories":[12,7,17,71,155],"tags":[41,42,14,66,68,3,30,31,81,70,38,19,72,15],"class_list":["post-1280","post","type-post","status-publish","format-standard","hentry","category-bilder","category-fiskerapport-2","category-resor","category-roding","category-vertikalfiske","tag-abu-garcia","tag-ambassadeur","tag-blogg","tag-daniel-nilsson","tag-fairpoint","tag-fisheco","tag-fiskefoto","tag-foto","tag-jiggfiske","tag-kristian-keskitalo","tag-magazinefisheco","tag-resa","tag-roding-2","tag-vertikalfiske"],"_links":{"self":[{"href":"https:\/\/blogg.fisheco.se\/redaktion\/wp-json\/wp\/v2\/posts\/1280","targetHints":{"allow":["GET"]}}],"collection":[{"href":"https:\/\/blogg.fisheco.se\/redaktion\/wp-json\/wp\/v2\/posts"}],"about":[{"href":"https:\/\/blogg.fisheco.se\/redaktion\/wp-json\/wp\/v2\/types\/post"}],"author":[{"embeddable":true,"href":"https:\/\/blogg.fisheco.se\/redaktion\/wp-json\/wp\/v2\/users\/2"}],"replies":[{"embeddable":true,"href":"https:\/\/blogg.fisheco.se\/redaktion\/wp-json\/wp\/v2\/comments?post=1280"}],"version-history":[{"count":0,"href":"https:\/\/blogg.fisheco.se\/redaktion\/wp-json\/wp\/v2\/posts\/1280\/revisions"}],"wp:attachment":[{"href":"https:\/\/blogg.fisheco.se\/redaktion\/wp-json\/wp\/v2\/media?parent=1280"}],"wp:term":[{"taxonomy":"category","embeddable":true,"href":"https:\/\/blogg.fisheco.se\/redaktion\/wp-json\/wp\/v2\/categories?post=1280"},{"taxonomy":"post_tag","embeddable":true,"href":"https:\/\/blogg.fisheco.se\/redaktion\/wp-json\/wp\/v2\/tags?post=1280"}],"curies":[{"name":"wp","href":"https:\/\/api.w.org\/{rel}","templated":true}]}}