{"id":1108,"date":"2014-02-20T10:15:51","date_gmt":"2014-02-20T09:15:51","guid":{"rendered":"http:\/\/www.fisheco.se\/blogg\/redaktion\/?p=1108"},"modified":"2014-02-20T10:15:51","modified_gmt":"2014-02-20T09:15:51","slug":"vatternlaxen-ar-en-frukt-dvs-en-frukt-som-inte-finns","status":"publish","type":"post","link":"https:\/\/blogg.fisheco.se\/redaktion\/2014\/02\/20\/vatternlaxen-ar-en-frukt-dvs-en-frukt-som-inte-finns\/","title":{"rendered":"V\u00e4tternlaxen \u00e4r en frukt, dvs en frukt som inte finns&#8230;"},"content":{"rendered":"<p><div id=\"attachment_1111\" style=\"width: 1210px\" class=\"wp-caption alignnone\"><a href=\"https:\/\/blogg.fisheco.se\/redaktion\/wp-content\/uploads\/sites\/2\/2014\/02\/vatt_1.jpg\"><img loading=\"lazy\" decoding=\"async\" aria-describedby=\"caption-attachment-1111\" src=\"https:\/\/blogg.fisheco.se\/redaktion\/wp-content\/uploads\/sites\/2\/2014\/02\/vatt_1.jpg\" alt=\"Kalla V\u00e4ttern!\" width=\"1200\" height=\"728\" class=\"size-full wp-image-1111\" srcset=\"https:\/\/blogg.fisheco.se\/redaktion\/wp-content\/uploads\/sites\/2\/2014\/02\/vatt_1.jpg 1200w, https:\/\/blogg.fisheco.se\/redaktion\/wp-content\/uploads\/sites\/2\/2014\/02\/vatt_1-300x182.jpg 300w, https:\/\/blogg.fisheco.se\/redaktion\/wp-content\/uploads\/sites\/2\/2014\/02\/vatt_1-1024x621.jpg 1024w, https:\/\/blogg.fisheco.se\/redaktion\/wp-content\/uploads\/sites\/2\/2014\/02\/vatt_1-768x466.jpg 768w\" sizes=\"auto, (max-width: 1200px) 100vw, 1200px\" \/><\/a><p id=\"caption-attachment-1111\" class=\"wp-caption-text\">Kalla V\u00e4ttern!<\/p><\/div><br \/>\nBl\u00e5sten o dyningarna f\u00e5r mig n\u00e4sta att tappa balansen, det regnar p\u00e5 tv\u00e4ren, det sn\u00f6ar p\u00e5 tv\u00e4ren, det \u00e4r fuktigt o kallt&#8230; \u00e5 det nappar inte&#8230; Ja, nu har jag totalt lyckats f\u00f6rnedra mig i hela tre l\u00e5nga dagar p\u00e5 V\u00e4ttern f\u00f6r att f\u00e5 ihop egna intryck, bilder mm som till slut ska hamna i ett reportage i +MagazineFishEco. Det g\u00e5r bara inte!!! <\/p>\n<p><div id=\"attachment_1113\" style=\"width: 1210px\" class=\"wp-caption alignnone\"><a href=\"https:\/\/blogg.fisheco.se\/redaktion\/wp-content\/uploads\/sites\/2\/2014\/02\/vatt_2.jpg\"><img loading=\"lazy\" decoding=\"async\" aria-describedby=\"caption-attachment-1113\" src=\"https:\/\/blogg.fisheco.se\/redaktion\/wp-content\/uploads\/sites\/2\/2014\/02\/vatt_2.jpg\" alt=\"R\u00f6dingen \u00e4r vacker men fel art f\u00f6r dagen...\" width=\"1200\" height=\"860\" class=\"size-full wp-image-1113\" srcset=\"https:\/\/blogg.fisheco.se\/redaktion\/wp-content\/uploads\/sites\/2\/2014\/02\/vatt_2.jpg 1200w, https:\/\/blogg.fisheco.se\/redaktion\/wp-content\/uploads\/sites\/2\/2014\/02\/vatt_2-300x215.jpg 300w, https:\/\/blogg.fisheco.se\/redaktion\/wp-content\/uploads\/sites\/2\/2014\/02\/vatt_2-1024x734.jpg 1024w, https:\/\/blogg.fisheco.se\/redaktion\/wp-content\/uploads\/sites\/2\/2014\/02\/vatt_2-768x550.jpg 768w\" sizes=\"auto, (max-width: 1200px) 100vw, 1200px\" \/><\/a><p id=\"caption-attachment-1113\" class=\"wp-caption-text\">R\u00f6dingen \u00e4r vacker men fel art f\u00f6r dagen&#8230;<\/p><\/div><br \/>\nJag kan inte l\u00e5ta bli att t\u00e4nka p\u00e5 Facebooksidan &#8221;H\u00e4star finns inte&#8221;, en humoristisk grej som driver med h\u00e4stm\u00e4nniskor och som till och med fick v\u00e5r &#8221;egen&#8221; minister Eskil att g\u00e5 ut med en dementi. Jod\u00e5, h\u00e4star finns sa Eskil, han hade tr\u00e4ffat fler sj\u00e4lv och dom \u00e4r djur, inte frukter som Facebook h\u00e4vdar. Ja j\u00e4vl&#8230;. kast p\u00e5 kast p\u00e5 kast&#8230; nytt st\u00e4lle, kast p\u00e5 kast p\u00e5 kast&#8230; Inget hugger f\u00f6rutom ett par enstaka o\u00f6nskade, men mycket vackra, r\u00f6dingar. <\/p>\n<p><div id=\"attachment_1116\" style=\"width: 810px\" class=\"wp-caption alignnone\"><a href=\"https:\/\/blogg.fisheco.se\/redaktion\/wp-content\/uploads\/sites\/2\/2014\/02\/vatt_3.jpg\"><img loading=\"lazy\" decoding=\"async\" aria-describedby=\"caption-attachment-1116\" src=\"https:\/\/blogg.fisheco.se\/redaktion\/wp-content\/uploads\/sites\/2\/2014\/02\/vatt_3.jpg\" alt=\"Skickliga Team Garmin kan sitt trollingfiske...\" width=\"800\" height=\"1205\" class=\"size-full wp-image-1116\" srcset=\"https:\/\/blogg.fisheco.se\/redaktion\/wp-content\/uploads\/sites\/2\/2014\/02\/vatt_3.jpg 800w, https:\/\/blogg.fisheco.se\/redaktion\/wp-content\/uploads\/sites\/2\/2014\/02\/vatt_3-199x300.jpg 199w, https:\/\/blogg.fisheco.se\/redaktion\/wp-content\/uploads\/sites\/2\/2014\/02\/vatt_3-680x1024.jpg 680w, https:\/\/blogg.fisheco.se\/redaktion\/wp-content\/uploads\/sites\/2\/2014\/02\/vatt_3-768x1157.jpg 768w\" sizes=\"auto, (max-width: 800px) 100vw, 800px\" \/><\/a><p id=\"caption-attachment-1116\" class=\"wp-caption-text\">Skickliga Team Garmin kan sitt trollingfiske&#8230;<\/p><\/div><br \/>\nTill r\u00e5ga p\u00e5 allt el\u00e4nde, d\u00e4r fick trollingkillarna fisk! Kanske man skulle trolla ist\u00e4llet&#8230; n\u00e4, vi har v\u00e5rt t\u00e4nk, v\u00e5r metod &#8221;stick with the plan&#8221;!!! N\u00e5v\u00e4l, jag ger mig icke! som Karl Oskar sa i Mobergs Utvandrarna eller kanske Invandrarna. Ill be back, \u00e5 det skaaaaaa bli ett reportage!<\/p>\n<p><div id=\"attachment_1122\" style=\"width: 810px\" class=\"wp-caption alignnone\"><a href=\"https:\/\/blogg.fisheco.se\/redaktion\/wp-content\/uploads\/sites\/2\/2014\/02\/vatt_4.jpg\"><img loading=\"lazy\" decoding=\"async\" aria-describedby=\"caption-attachment-1122\" src=\"https:\/\/blogg.fisheco.se\/redaktion\/wp-content\/uploads\/sites\/2\/2014\/02\/vatt_4.jpg\" alt=\"Mr Westin l\u00e4gger kast p\u00e5 kast p\u00e5....\" width=\"800\" height=\"1109\" class=\"size-full wp-image-1122\" srcset=\"https:\/\/blogg.fisheco.se\/redaktion\/wp-content\/uploads\/sites\/2\/2014\/02\/vatt_4.jpg 800w, https:\/\/blogg.fisheco.se\/redaktion\/wp-content\/uploads\/sites\/2\/2014\/02\/vatt_4-216x300.jpg 216w, https:\/\/blogg.fisheco.se\/redaktion\/wp-content\/uploads\/sites\/2\/2014\/02\/vatt_4-739x1024.jpg 739w, https:\/\/blogg.fisheco.se\/redaktion\/wp-content\/uploads\/sites\/2\/2014\/02\/vatt_4-768x1065.jpg 768w\" sizes=\"auto, (max-width: 800px) 100vw, 800px\" \/><\/a><p id=\"caption-attachment-1122\" class=\"wp-caption-text\">Mr Westin l\u00e4gger kast p\u00e5 kast p\u00e5&#8230;.<\/p><\/div><br \/>\nPs, tack Daniel &#8221;mr Westin&#8221; Nilsson och Kristian &#8221;Happy Angler&#8221; Keskitalo f\u00f6r att ni st\u00e5tt ut med mig i era b\u00e5tar. Jag kan inte klaga p\u00e5 s\u00e4llskapet, ni \u00e4r grymma \u00e5 n\u00e4sta g\u00e5ng blir det Bulls Eye! \ud83d\ude42<\/p>\n<p>\/\/Jan O<\/p>\n","protected":false},"excerpt":{"rendered":"<p>Bl\u00e5sten o dyningarna f\u00e5r mig n\u00e4sta att tappa balansen, det regnar p\u00e5 tv\u00e4ren, det sn\u00f6ar p\u00e5 tv\u00e4ren, det \u00e4r fuktigt o kallt&#8230; \u00e5 det nappar inte&#8230; Ja, nu har jag totalt lyckats f\u00f6rnedra mig i hela tre l\u00e5nga dagar p\u00e5 &hellip; <a href=\"https:\/\/blogg.fisheco.se\/redaktion\/2014\/02\/20\/vatternlaxen-ar-en-frukt-dvs-en-frukt-som-inte-finns\/\">Forts\u00e4tt l\u00e4sa <span class=\"meta-nav\">&rarr;<\/span><\/a><\/p>\n","protected":false},"author":2,"featured_media":0,"comment_status":"open","ping_status":"closed","sticky":false,"template":"","format":"standard","meta":{"footnotes":""},"categories":[12,7,132,10,1,71,33,134],"tags":[66,3,30,31,70,133,38,72,73,135],"class_list":["post-1108","post","type-post","status-publish","format-standard","hentry","category-bilder","category-fiskerapport-2","category-lax","category-nyheter","category-okategoriserade","category-roding","category-tester","category-vattern-2","tag-daniel-nilsson","tag-fisheco","tag-fiskefoto","tag-foto","tag-kristian-keskitalo","tag-lax-2","tag-magazinefisheco","tag-roding-2","tag-vattern","tag-vatternlax"],"_links":{"self":[{"href":"https:\/\/blogg.fisheco.se\/redaktion\/wp-json\/wp\/v2\/posts\/1108","targetHints":{"allow":["GET"]}}],"collection":[{"href":"https:\/\/blogg.fisheco.se\/redaktion\/wp-json\/wp\/v2\/posts"}],"about":[{"href":"https:\/\/blogg.fisheco.se\/redaktion\/wp-json\/wp\/v2\/types\/post"}],"author":[{"embeddable":true,"href":"https:\/\/blogg.fisheco.se\/redaktion\/wp-json\/wp\/v2\/users\/2"}],"replies":[{"embeddable":true,"href":"https:\/\/blogg.fisheco.se\/redaktion\/wp-json\/wp\/v2\/comments?post=1108"}],"version-history":[{"count":0,"href":"https:\/\/blogg.fisheco.se\/redaktion\/wp-json\/wp\/v2\/posts\/1108\/revisions"}],"wp:attachment":[{"href":"https:\/\/blogg.fisheco.se\/redaktion\/wp-json\/wp\/v2\/media?parent=1108"}],"wp:term":[{"taxonomy":"category","embeddable":true,"href":"https:\/\/blogg.fisheco.se\/redaktion\/wp-json\/wp\/v2\/categories?post=1108"},{"taxonomy":"post_tag","embeddable":true,"href":"https:\/\/blogg.fisheco.se\/redaktion\/wp-json\/wp\/v2\/tags?post=1108"}],"curies":[{"name":"wp","href":"https:\/\/api.w.org\/{rel}","templated":true}]}}