{"id":1031,"date":"2013-12-27T18:40:18","date_gmt":"2013-12-27T17:40:18","guid":{"rendered":"http:\/\/www.fisheco.se\/blogg\/redaktion\/?p=1031"},"modified":"2013-12-27T18:40:18","modified_gmt":"2013-12-27T17:40:18","slug":"sportfiskearet-2013-a-lite-annat-del-1","status":"publish","type":"post","link":"https:\/\/blogg.fisheco.se\/redaktion\/2013\/12\/27\/sportfiskearet-2013-a-lite-annat-del-1\/","title":{"rendered":"Sportfiske\u00e5ret 2013 \u00e5 lite annat &#8211; del 1&#8230;"},"content":{"rendered":"<div id=\"attachment_1045\" style=\"width: 1210px\" class=\"wp-caption alignnone\"><a href=\"https:\/\/blogg.fisheco.se\/redaktion\/wp-content\/uploads\/sites\/2\/2013\/12\/forsta.jpg\"><img loading=\"lazy\" decoding=\"async\" aria-describedby=\"caption-attachment-1045\" class=\"size-full wp-image-1045\" alt=\"Laxtrolling kan va tr\u00f6ttsamt...\" src=\"https:\/\/blogg.fisheco.se\/redaktion\/wp-content\/uploads\/sites\/2\/2013\/12\/forsta.jpg\" width=\"1200\" height=\"913\" srcset=\"https:\/\/blogg.fisheco.se\/redaktion\/wp-content\/uploads\/sites\/2\/2013\/12\/forsta.jpg 1200w, https:\/\/blogg.fisheco.se\/redaktion\/wp-content\/uploads\/sites\/2\/2013\/12\/forsta-300x228.jpg 300w, https:\/\/blogg.fisheco.se\/redaktion\/wp-content\/uploads\/sites\/2\/2013\/12\/forsta-1024x779.jpg 1024w, https:\/\/blogg.fisheco.se\/redaktion\/wp-content\/uploads\/sites\/2\/2013\/12\/forsta-768x584.jpg 768w\" sizes=\"auto, (max-width: 1200px) 100vw, 1200px\" \/><\/a><p id=\"caption-attachment-1045\" class=\"wp-caption-text\">Laxtrolling kan va tr\u00f6ttsamt&#8230;<\/p><\/div>\n<p>Vilket \u00e5r! Det \u00e4r verkligen en f\u00f6rm\u00e5n att f\u00e5 verka och leva mitt i det man \u00e4lskar, sportfisket&#8230; Det \u00e4r fattigt ekonomiskt och arbete sju dagar i veckan, m\u00e5nga l\u00e5nga timmar o kv\u00e4llar framf\u00f6r datorn men oj s\u00e5 roligt. Internet har p\u00e5 ett fantastiskt s\u00e4tt \u00f6ppnat f\u00f6r sekundsnabb information n\u00e4r det g\u00e4ller i sort sett allt, sportfisket inkluderat. Det som just nu k\u00e4nns kanske hetast av allt p\u00e5 Internet \u00e4r film, 2014 \u00e4r redan intecknat med m\u00e5nga lives\u00e4ndningar, inte minst fr\u00e5n Sportfiskem\u00e4ssan. Mer om det l\u00e4ngre fram&#8230;<\/p>\n<p>S\u00e5, det jag egentligen skulle komma till, det \u00e4r ett mirakel att mina n\u00e4ra o k\u00e4ra st\u00e5r ut faktiskt. Hemma i Bro f\u00e5r dom ofta h\u00f6ra &#8221;jag kommer snart, ska bara&#8230;&#8221; vilket oftast inneb\u00e4r att n\u00e5gon eller n\u00e5gra timmar till ska spenderas framf\u00f6r en bildsk\u00e4rm, s\u00e5 m\u00e5nga tack f\u00f6r det :).<\/p>\n<p>N\u00e5v\u00e4l, jag har aldrig gjort n\u00e5gon personlig \u00e5rskr\u00f6nika f\u00f6rut, vad jag kan komma ih\u00e5g, s\u00e5 det kanske \u00e4r dax. H\u00e4r kommer lite bilder och reflektioner sett \u00f6ver \u00e5ret som g\u00e5tt ur ett b\u00e5de privat perspektiv men ocks\u00e5 som redakt\u00f6r p\u00e5 +FishEco och +Magazinet, jag har ibland sv\u00e5rt att skilja p\u00e5 vad som \u00e4r vad, hoppas ni f\u00f6rl\u00e5ter att jag blandar lite hej vilt&#8230;<\/p>\n<div id=\"attachment_1032\" style=\"width: 710px\" class=\"wp-caption alignnone\"><a href=\"https:\/\/blogg.fisheco.se\/redaktion\/wp-content\/uploads\/sites\/2\/2013\/12\/jan_ismetet_tub.jpg\"><img loading=\"lazy\" decoding=\"async\" aria-describedby=\"caption-attachment-1032\" class=\"size-full wp-image-1032\" alt=\"Tuben laddar f\u00f6r ismetet efter stor g\u00f6s!\" src=\"https:\/\/blogg.fisheco.se\/redaktion\/wp-content\/uploads\/sites\/2\/2013\/12\/jan_ismetet_tub.jpg\" width=\"700\" height=\"1046\" srcset=\"https:\/\/blogg.fisheco.se\/redaktion\/wp-content\/uploads\/sites\/2\/2013\/12\/jan_ismetet_tub.jpg 700w, https:\/\/blogg.fisheco.se\/redaktion\/wp-content\/uploads\/sites\/2\/2013\/12\/jan_ismetet_tub-201x300.jpg 201w, https:\/\/blogg.fisheco.se\/redaktion\/wp-content\/uploads\/sites\/2\/2013\/12\/jan_ismetet_tub-685x1024.jpg 685w\" sizes=\"auto, (max-width: 700px) 100vw, 700px\" \/><\/a><p id=\"caption-attachment-1032\" class=\"wp-caption-text\">Tuben laddar f\u00f6r ismetet efter stor g\u00f6s!<\/p><\/div>\n<p>Januari startade med utforskandet av &#8221;m\u00f6rkerg\u00f6sen&#8221; eller som den snart b\u00f6rjade kallas p\u00e5 Internet &#8221;Twilightg\u00f6sen&#8221;. Vi b\u00f6rjade verkligen fokusera p\u00e5 pelagiskt ismetad g\u00f6s b\u00e5de tidiga morgnar och kv\u00e4llar, r\u00e4tt in i m\u00f6rkret. Fisket gav mersmak med ett antal fina fiskar mellan 5-6 kilo och jag tror minsann att min gode v\u00e4n och skicklige ismetare Tuben Persson var upp o snuddade p\u00e5 fiskar bort\u00e5t sju kilo! Mycket sp\u00e4nnande och som n\u00e4r det g\u00e4ller s\u00e5 mycket annat kring svenskt sportfiske kom mycket av inspirationen kring detta projekt fr\u00e5n &#8221;M\u00e4ster&#8221; J\u00f6rgen Larsson. Av detta blev det en artikel i <a href=\"http:\/\/www.fisheco.se\/code.php?ID=64\" target=\"_blank\" rel=\"noopener\">+MagazineFishEco <\/a>som var riktigt kul att skriva \ud83d\ude42 M\u00e5nga tack till Tuben som var starkt bidragande.<\/p>\n<div id=\"attachment_1033\" style=\"width: 710px\" class=\"wp-caption alignnone\"><a href=\"https:\/\/blogg.fisheco.se\/redaktion\/wp-content\/uploads\/sites\/2\/2013\/12\/jan_gos_ism.jpg\"><img loading=\"lazy\" decoding=\"async\" aria-describedby=\"caption-attachment-1033\" class=\"size-full wp-image-1033\" alt=\"En av de riktigt fina g\u00f6sarna vi fick n\u00e4r solen b\u00f6rjade g\u00e5 ner...\" src=\"https:\/\/blogg.fisheco.se\/redaktion\/wp-content\/uploads\/sites\/2\/2013\/12\/jan_gos_ism.jpg\" width=\"700\" height=\"912\" srcset=\"https:\/\/blogg.fisheco.se\/redaktion\/wp-content\/uploads\/sites\/2\/2013\/12\/jan_gos_ism.jpg 700w, https:\/\/blogg.fisheco.se\/redaktion\/wp-content\/uploads\/sites\/2\/2013\/12\/jan_gos_ism-230x300.jpg 230w\" sizes=\"auto, (max-width: 700px) 100vw, 700px\" \/><\/a><p id=\"caption-attachment-1033\" class=\"wp-caption-text\">En av de riktigt fina g\u00f6sarna vi fick n\u00e4r solen b\u00f6rjade g\u00e5 ner&#8230;<\/p><\/div>\n<p>Det blev faktiskt en hel del ismete f\u00f6r mig under 2013, inte som under gamla goda \u00e5ren n\u00e4r vi k\u00f6rde i stort sett alla lediga stunder bara isen l\u00e5g men ett antal pass blev det&#8230;<\/p>\n<div id=\"attachment_1034\" style=\"width: 710px\" class=\"wp-caption alignnone\"><a href=\"https:\/\/blogg.fisheco.se\/redaktion\/wp-content\/uploads\/sites\/2\/2013\/12\/jan_ism_abborre.jpg\"><img loading=\"lazy\" decoding=\"async\" aria-describedby=\"caption-attachment-1034\" class=\"size-full wp-image-1034\" alt=\"Micke Puhakka med kamrat prickade storabborrarna vid ismetet...\" src=\"https:\/\/blogg.fisheco.se\/redaktion\/wp-content\/uploads\/sites\/2\/2013\/12\/jan_ism_abborre.jpg\" width=\"700\" height=\"977\" srcset=\"https:\/\/blogg.fisheco.se\/redaktion\/wp-content\/uploads\/sites\/2\/2013\/12\/jan_ism_abborre.jpg 700w, https:\/\/blogg.fisheco.se\/redaktion\/wp-content\/uploads\/sites\/2\/2013\/12\/jan_ism_abborre-215x300.jpg 215w\" sizes=\"auto, (max-width: 700px) 100vw, 700px\" \/><\/a><p id=\"caption-attachment-1034\" class=\"wp-caption-text\">Micke Puhakka med kamrat prickade storabborrarna vid ismetet&#8230;<\/p><\/div>\n<p>Februari 2013 kommer jag nog aldrig att gl\u00f6mma. Min premi\u00e4r som &#8221;R\u00fcgenfiskare&#8221; n\u00e4rmare best\u00e4mt. N\u00e5gra kalla regniga dagar spenderade jag med goda v\u00e4nner i detta tyska g\u00e4ddparadis. Fisket var sansl\u00f6st bra, det var rena Trissk\u00e4nslan, ni vet som i reklamen &#8221;Pl\u00f6tsligt h\u00e4nder det&#8221;.<\/p>\n<div id=\"attachment_1037\" style=\"width: 660px\" class=\"wp-caption alignnone\"><a href=\"https:\/\/blogg.fisheco.se\/redaktion\/wp-content\/uploads\/sites\/2\/2013\/12\/feb_jano.jpg\"><img loading=\"lazy\" decoding=\"async\" aria-describedby=\"caption-attachment-1037\" class=\"size-full wp-image-1037\" alt=\"G\u00e4ddfeber i R\u00fcgen!\" src=\"https:\/\/blogg.fisheco.se\/redaktion\/wp-content\/uploads\/sites\/2\/2013\/12\/feb_jano.jpg\" width=\"650\" height=\"917\" srcset=\"https:\/\/blogg.fisheco.se\/redaktion\/wp-content\/uploads\/sites\/2\/2013\/12\/feb_jano.jpg 650w, https:\/\/blogg.fisheco.se\/redaktion\/wp-content\/uploads\/sites\/2\/2013\/12\/feb_jano-213x300.jpg 213w\" sizes=\"auto, (max-width: 650px) 100vw, 650px\" \/><\/a><p id=\"caption-attachment-1037\" class=\"wp-caption-text\">G\u00e4ddfeber i R\u00fcgen!<\/p><\/div>\n<p>Under fyra dagar f\u00e5ngade vi 35 st. g\u00e4ddor \u00f6ver metern varav ca 20 g\u00e4ddor \u00f6ver 10 kilo med en topp p\u00e5 15,5 kilo och 126 cm. I v\u00e5r egen b\u00e5t fick vi totalt sex g\u00e4ddor \u00f6ver 10 kilo varav tv\u00e5 \u00f6ver 12. Den ena av de tv\u00e5 12:orna f\u00e5ngades av guiden och f\u00f6re detta Forshagaakademikern Daniel Wickman och den andra av R\u00fcgenguiden Rico Botsch, 121 respektive 122 cm l\u00e5nga\u2026 Resans h\u00f6jdarg\u00e4dda p\u00e5 15,5 kilo och 126 cm f\u00e5ngades av skicklige Jonny Thofeldt&#8230; \u00e4ven av detta blev det en artikel i <a href=\"http:\/\/www.fisheco.se\/code.php?ID=66\" target=\"_blank\" rel=\"noopener\">+Magazinet <\/a>och faktiskt en i numera sorgligt nedlagda Fiske f\u00f6r Alla&#8230;<\/p>\n<div id=\"attachment_1071\" style=\"width: 660px\" class=\"wp-caption alignnone\"><a href=\"https:\/\/blogg.fisheco.se\/redaktion\/wp-content\/uploads\/sites\/2\/2013\/12\/gg_okt.jpg\"><img loading=\"lazy\" decoding=\"async\" aria-describedby=\"caption-attachment-1071\" class=\"size-full wp-image-1071\" alt=\"S\u00f6derjiggen gjorde sitt stora genombrott!\" src=\"https:\/\/blogg.fisheco.se\/redaktion\/wp-content\/uploads\/sites\/2\/2013\/12\/gg_okt.jpg\" width=\"650\" height=\"947\" srcset=\"https:\/\/blogg.fisheco.se\/redaktion\/wp-content\/uploads\/sites\/2\/2013\/12\/gg_okt.jpg 650w, https:\/\/blogg.fisheco.se\/redaktion\/wp-content\/uploads\/sites\/2\/2013\/12\/gg_okt-206x300.jpg 206w\" sizes=\"auto, (max-width: 650px) 100vw, 650px\" \/><\/a><p id=\"caption-attachment-1071\" class=\"wp-caption-text\">S\u00f6derjiggen gjorde sitt stora genombrott!<\/p><\/div>\n<p>Tv\u00e5 st svenska beten var med p\u00e5 denna episka resa och b\u00e5da skrev g\u00e4ddfiskehistoria under dessa dagar. Jonny Thofeldts S\u00f6derjiggen levererade resans tyngsta och l\u00e4ngsta fisk och Claes Svartzonker Claessons Mc Rubber och Big Mc Rubber gjorde ocks\u00e5 succ\u00e9 bland de tyska g\u00e4ddorna. Dessa svenska beten anv\u00e4nds nu flitigt av de tyska guiderna, b\u00e4ttre betyg finns inte att f\u00e5!<\/p>\n<div id=\"attachment_1039\" style=\"width: 660px\" class=\"wp-caption alignnone\"><a href=\"https:\/\/blogg.fisheco.se\/redaktion\/wp-content\/uploads\/sites\/2\/2013\/12\/feb_big.jpg\"><img loading=\"lazy\" decoding=\"async\" aria-describedby=\"caption-attachment-1039\" class=\"size-full wp-image-1039\" alt=\"Mc Rubber var det andra Svenska betet som dominerade i R\u00fcgen!\" src=\"https:\/\/blogg.fisheco.se\/redaktion\/wp-content\/uploads\/sites\/2\/2013\/12\/feb_big.jpg\" width=\"650\" height=\"940\" srcset=\"https:\/\/blogg.fisheco.se\/redaktion\/wp-content\/uploads\/sites\/2\/2013\/12\/feb_big.jpg 650w, https:\/\/blogg.fisheco.se\/redaktion\/wp-content\/uploads\/sites\/2\/2013\/12\/feb_big-207x300.jpg 207w\" sizes=\"auto, (max-width: 650px) 100vw, 650px\" \/><\/a><p id=\"caption-attachment-1039\" class=\"wp-caption-text\">Mc Rubber var det andra Svenska betet som dominerade i R\u00fcgen!<\/p><\/div>\n<p>I mars h\u00e4nde en hel del kul saker. Trenden med minim\u00e4ssor \u00f6kar starkt i Sverige vilket \u00e4r superkul b\u00e5de f\u00f6r branschen och f\u00f6r oss sportfiskare. Den of\u00f6rtr\u00f6ttlige &#8221;Dansken&#8221; Stephan Nielsen anordnade faktiskt tv\u00e5 st minim\u00e4ssor, en f\u00f6r predatorfisket och en f\u00f6r flugfisket. Ett superbra initiativ d\u00e4r nyheter presenteras, v\u00e4nner tr\u00e4ffas och kontakter knyts! Mer s\u00e5nt!<\/p>\n<div id=\"attachment_1036\" style=\"width: 724px\" class=\"wp-caption alignnone\"><a href=\"https:\/\/blogg.fisheco.se\/redaktion\/wp-content\/uploads\/sites\/2\/2013\/12\/mars_massa_dansken2.jpg\"><img loading=\"lazy\" decoding=\"async\" aria-describedby=\"caption-attachment-1036\" class=\"size-full wp-image-1036\" alt=\"Mattias Drugge binder flugor p\u00e5 Sportings flugm\u00e4ssa...\" src=\"https:\/\/blogg.fisheco.se\/redaktion\/wp-content\/uploads\/sites\/2\/2013\/12\/mars_massa_dansken2.jpg\" width=\"714\" height=\"911\" srcset=\"https:\/\/blogg.fisheco.se\/redaktion\/wp-content\/uploads\/sites\/2\/2013\/12\/mars_massa_dansken2.jpg 714w, https:\/\/blogg.fisheco.se\/redaktion\/wp-content\/uploads\/sites\/2\/2013\/12\/mars_massa_dansken2-235x300.jpg 235w\" sizes=\"auto, (max-width: 714px) 100vw, 714px\" \/><\/a><p id=\"caption-attachment-1036\" class=\"wp-caption-text\">Mattias Drugge binder flugor p\u00e5 Sportings flugm\u00e4ssa&#8230;<\/p><\/div>\n<p>April var ocks\u00e5 en sp\u00e4nnande m\u00e5nad och det \u00e4r inte ofta man \u00e4r med och skriver sportfiskehistoria. Under <a href=\"http:\/\/www.sportfiskemassan.se\/\" target=\"_blank\" rel=\"noopener\">Sportfiskem\u00e4ssan<\/a> gjorde vi allvar av planerna att bjuda Sportfiskesverige p\u00e5 \u00e4kta lives\u00e4ndningar, av sportfiskare f\u00f6r sportfiskare. Tekniken testades och vi kunde k\u00f6ra f\u00f6r fullt under tre dagars m\u00e4ssa&#8230;. H\u00e4r gjordes allt fr\u00e5n betalda reklamfilmer d\u00e4r sportfiskebranschen fick tillf\u00e4lle att visa sina nyheter f\u00f6r 2013 till rena reportage med tex Sportfiskarna till kastuppvisningar och annat. En pangsucc\u00e9 och totalt sett har vi haft ca 40.000 visningar p\u00e5 dessa <a href=\"http:\/\/www.youtube.com\/watch?v=5x2EHDzq9oo&amp;list=PL4MAk_welV-sbnGYArKQtpatXnCiwn7qn\" target=\"_blank\" rel=\"noopener\">m\u00e4ssfilmer <\/a>med repriser inr\u00e4knat fr\u00e5n Youtube. \u00c4ven h\u00e4r m\u00e5ste jag rikta ett stor tack till alla som bidrog till att vi kunde genomf\u00f6ra detta, Andreas Dybedahl, Eric Hasso mfl. Missa inte att tr\u00e4ffa oss p\u00e5 Sportfiskem\u00e4ssan 2014 d\u00e4r vi f\u00f6rutom att vi \u00e4r m\u00e4ssans officiella filmpartner kommer att dela ut priset f\u00f6r <a href=\"http:\/\/fisheco.se\/index.php?contentID=72\" target=\"_blank\" rel=\"noopener\">Sveriges B\u00e4sta Sportfiskeblogg 2013&#8230;<\/a><\/p>\n<div id=\"attachment_1043\" style=\"width: 724px\" class=\"wp-caption alignnone\"><a href=\"https:\/\/blogg.fisheco.se\/redaktion\/wp-content\/uploads\/sites\/2\/2013\/12\/april_massa.jpg\"><img loading=\"lazy\" decoding=\"async\" aria-describedby=\"caption-attachment-1043\" class=\"size-full wp-image-1043\" alt=\"Erik Ohlsson i lives\u00e4nd intervju under sportfiskem\u00e4ssan 2013!\" src=\"https:\/\/blogg.fisheco.se\/redaktion\/wp-content\/uploads\/sites\/2\/2013\/12\/april_massa.jpg\" width=\"714\" height=\"476\" srcset=\"https:\/\/blogg.fisheco.se\/redaktion\/wp-content\/uploads\/sites\/2\/2013\/12\/april_massa.jpg 714w, https:\/\/blogg.fisheco.se\/redaktion\/wp-content\/uploads\/sites\/2\/2013\/12\/april_massa-300x200.jpg 300w\" sizes=\"auto, (max-width: 714px) 100vw, 714px\" \/><\/a><p id=\"caption-attachment-1043\" class=\"wp-caption-text\">Erik Ohlsson &#8221;Ge fan i v\u00e5ra vatten&#8221; i lives\u00e4nd intervju under sportfiskem\u00e4ssan 2013!<\/p><\/div>\n<p>Succ\u00e9n p\u00e5 m\u00e4ssan gav oss sj\u00e4lvf\u00f6rtroendet att som f\u00f6rsta media i v\u00e4rlden inom sportfiske testa att lives\u00e4nda direkt fr\u00e5n vattnet. F\u00f6rst ut i vad som kom att blir en ganska omfattande serie <a href=\"http:\/\/www.youtube.com\/watch?v=PKljm1KR29I&amp;list=PL4MAk_welV-vVtsUjEOjOFQPRBvUQUcrn\" target=\"_blank\" rel=\"noopener\">lives\u00e4ndningar<\/a> var betesutvecklaren Patrik Sebile. I vad som bara kan kallas f\u00f6r &#8221;rent skitv\u00e4der&#8221; letade vi havs\u00f6ring i Stockholms sk\u00e4rg\u00e5rd. Nix, vi hittade ingen havs\u00f6ring, en kabel b\u00f6rjade brinna, bl\u00e5ste \u00e5 regnet bara \u00f6kade&#8230; Patrick var otroligt professionell att arbeta med, vilken grym sportfiskare och betesutvecklare! Ja, en mycket tuffare debut som livefiskemakare kunde vi nog inte ha f\u00e5tt, men vi gjorde det! \u00c5 det \u00e4r vi glada f\u00f6r idag :). Vi l\u00e4rde oss enormt mycket kring hur vi skulle forts\u00e4tta att bygga dessa unika livekoncept tillsammans med v\u00e5r trogna v\u00e4n och partner <a href=\"http:\/\/www.igelkottfilm.se\/\" target=\"_blank\" rel=\"noopener\">Igelkottfilm.<\/a><\/p>\n<div id=\"attachment_1055\" style=\"width: 660px\" class=\"wp-caption alignnone\"><a href=\"https:\/\/blogg.fisheco.se\/redaktion\/wp-content\/uploads\/sites\/2\/2013\/12\/april_live_sebile.jpg\"><img loading=\"lazy\" decoding=\"async\" aria-describedby=\"caption-attachment-1055\" class=\"size-full wp-image-1055\" alt=\"Patrick Sebile var huvudpersonen i v\u00e5rt f\u00f6rsta lives\u00e4nda program!\" src=\"https:\/\/blogg.fisheco.se\/redaktion\/wp-content\/uploads\/sites\/2\/2013\/12\/april_live_sebile.jpg\" width=\"650\" height=\"954\" srcset=\"https:\/\/blogg.fisheco.se\/redaktion\/wp-content\/uploads\/sites\/2\/2013\/12\/april_live_sebile.jpg 650w, https:\/\/blogg.fisheco.se\/redaktion\/wp-content\/uploads\/sites\/2\/2013\/12\/april_live_sebile-204x300.jpg 204w\" sizes=\"auto, (max-width: 650px) 100vw, 650px\" \/><\/a><p id=\"caption-attachment-1055\" class=\"wp-caption-text\">Patrick Sebile var huvudpersonen i v\u00e5rt f\u00f6rsta lives\u00e4nda program!<\/p><\/div>\n<p>I april avslutade jag personligen vinters\u00e4songen med n\u00e5gra riktigt kul fisken efter grov abborre p\u00e5 sista isen. Det finns egentligen inget b\u00e4ttre f\u00f6r sj\u00e4len \u00e4n att sitta med ett pimpelsp\u00f6 och l\u00e5ta sig v\u00e4rmas av v\u00e5rsolen, g\u00e4rna med ett ekolod som hj\u00e4lpmedel ocks\u00e5. Av det blev det ocks\u00e5 en lustfull artikel i <a href=\"http:\/\/www.fisheco.se\/code.php?ID=66\" target=\"_blank\" rel=\"noopener\">+Magazinet&#8230;<\/a><\/p>\n<div id=\"attachment_1061\" style=\"width: 660px\" class=\"wp-caption alignnone\"><a href=\"https:\/\/blogg.fisheco.se\/redaktion\/wp-content\/uploads\/sites\/2\/2013\/12\/april_jano_pi.jpg\"><img loading=\"lazy\" decoding=\"async\" aria-describedby=\"caption-attachment-1061\" class=\"size-full wp-image-1061\" alt=\"Pimpelfiske p\u00e5 sista isen \u00e4r ren poesi...\" src=\"https:\/\/blogg.fisheco.se\/redaktion\/wp-content\/uploads\/sites\/2\/2013\/12\/april_jano_pi.jpg\" width=\"650\" height=\"894\" srcset=\"https:\/\/blogg.fisheco.se\/redaktion\/wp-content\/uploads\/sites\/2\/2013\/12\/april_jano_pi.jpg 650w, https:\/\/blogg.fisheco.se\/redaktion\/wp-content\/uploads\/sites\/2\/2013\/12\/april_jano_pi-218x300.jpg 218w\" sizes=\"auto, (max-width: 650px) 100vw, 650px\" \/><\/a><p id=\"caption-attachment-1061\" class=\"wp-caption-text\">Pimpelfiske p\u00e5 sista isen \u00e4r ren poesi&#8230;<\/p><\/div>\n<p>Vi \u00e4ntrade maj, en m\u00e5nad som verkligen gick i &#8221;livs\u00e4ndandets&#8221; tecken. Vi startade med ett program om v\u00e5rfiske efter g\u00e4dda tillsammans med sportfiskelegenden Torbj\u00f6rn &#8221;Buster&#8221; Od\u00e9n. N\u00e4r jag tittar p\u00e5 det programmet i efterhand sl\u00e5s jag av hur mycket vi verkligen kan l\u00e4ra av dom som t\u00e4nker aktivt n\u00e4r dom fiskar. En s\u00e5dan fiskare \u00e4r Buster. Det finns en strategi och en tanke med allt han g\u00f6r, det syns i hans trackrecord. Tack f\u00f6r ett kanonavsnitt Buster! <a href=\"http:\/\/www.youtube.com\/watch?v=zyHiSv4WDbA&amp;list=PL4MAk_welV-vVtsUjEOjOFQPRBvUQUcrn\" target=\"_blank\" rel=\"noopener\">Se avsnittet h\u00e4r.<\/a><\/p>\n<div id=\"attachment_1062\" style=\"width: 710px\" class=\"wp-caption alignnone\"><a href=\"https:\/\/blogg.fisheco.se\/redaktion\/wp-content\/uploads\/sites\/2\/2013\/12\/maj_live_buster.jpg\"><img loading=\"lazy\" decoding=\"async\" aria-describedby=\"caption-attachment-1062\" class=\"size-full wp-image-1062\" alt=\"Vi hade f\u00f6rm\u00e5nen att fiska v\u00e5rg\u00e4dda i direkts\u00e4ndning med Buster...\" src=\"https:\/\/blogg.fisheco.se\/redaktion\/wp-content\/uploads\/sites\/2\/2013\/12\/maj_live_buster.jpg\" width=\"700\" height=\"973\" srcset=\"https:\/\/blogg.fisheco.se\/redaktion\/wp-content\/uploads\/sites\/2\/2013\/12\/maj_live_buster.jpg 700w, https:\/\/blogg.fisheco.se\/redaktion\/wp-content\/uploads\/sites\/2\/2013\/12\/maj_live_buster-216x300.jpg 216w\" sizes=\"auto, (max-width: 700px) 100vw, 700px\" \/><\/a><p id=\"caption-attachment-1062\" class=\"wp-caption-text\">Vi hade f\u00f6rm\u00e5nen att fiska v\u00e5rg\u00e4dda i direkts\u00e4ndning med Buster&#8230;<\/p><\/div>\n<p>F\u00f6r dom som noterade att jag kastade bort ett av Busters splittnya och otroligt fina jiggar och med det klantade till det ordentligt, s\u00e5 vill jag s\u00e4ga att vi efter s\u00e4ndning lyckades kroka fast linan som gick av och b\u00e4rgade betet. S\u00e5 jag blev faktiskt f\u00f6rl\u00e5ten \ud83d\ude09<\/p>\n<p>D\u00e4r slutar vi f\u00f6r idag, det kommer snart en del 2. H\u00e4r finns allt fr\u00e5n flugfiske med mina fina v\u00e4nner till en liten hyllningsk\u00f6r till e-magazinens okr\u00f6nte kung, Sebastian &#8221;Sute&#8221; Wiman och sist men inte minst, lite fr\u00e5n v\u00e5ra duktiga bloggare p\u00e5 +FishEco. Kanske kan jag tom ber\u00e4tta om en helt ny blogg som snart g\u00e5r live via v\u00e5r plattform. Ska bli buskul att skriva vidare.<\/p>\n<p><strong>\/\/Jan O +FishEco<\/strong><\/p>\n","protected":false},"excerpt":{"rendered":"<p>Vilket \u00e5r! Det \u00e4r verkligen en f\u00f6rm\u00e5n att f\u00e5 verka och leva mitt i det man \u00e4lskar, sportfisket&#8230; Det \u00e4r fattigt ekonomiskt och arbete sju dagar i veckan, m\u00e5nga l\u00e5nga timmar o kv\u00e4llar framf\u00f6r datorn men oj s\u00e5 roligt. Internet &hellip; <a href=\"https:\/\/blogg.fisheco.se\/redaktion\/2013\/12\/27\/sportfiskearet-2013-a-lite-annat-del-1\/\">Forts\u00e4tt l\u00e4sa <span class=\"meta-nav\">&rarr;<\/span><\/a><\/p>\n","protected":false},"author":2,"featured_media":0,"comment_status":"open","ping_status":"closed","sticky":false,"template":"","format":"standard","meta":{"footnotes":""},"categories":[29,12,7,98,26,27,28,117,103,10,1,17,71,25],"tags":[46,41,42,64,55,3,30,4,21,43,16,37,48,69,38,19,45,39,15],"class_list":["post-1031","post","type-post","status-publish","format-standard","hentry","category-abborre","category-bilder","category-fiskerapport-2","category-flugfiske-2","category-gadda","category-gos","category-ismete","category-livefiske","category-massa","category-nyheter","category-okategoriserade","category-resor","category-roding","category-vinterfiske","tag-abborre-2","tag-abu-garcia","tag-ambassadeur","tag-bios","tag-daiwa","tag-fisheco","tag-fiskefoto","tag-flugfiske","tag-forshagaakademin","tag-gadda-2","tag-gaddfiske","tag-gos-2","tag-gosfiske","tag-jorgen-larsson","tag-magazinefisheco","tag-resa","tag-sportfiske","tag-storgos","tag-vertikalfiske"],"_links":{"self":[{"href":"https:\/\/blogg.fisheco.se\/redaktion\/wp-json\/wp\/v2\/posts\/1031","targetHints":{"allow":["GET"]}}],"collection":[{"href":"https:\/\/blogg.fisheco.se\/redaktion\/wp-json\/wp\/v2\/posts"}],"about":[{"href":"https:\/\/blogg.fisheco.se\/redaktion\/wp-json\/wp\/v2\/types\/post"}],"author":[{"embeddable":true,"href":"https:\/\/blogg.fisheco.se\/redaktion\/wp-json\/wp\/v2\/users\/2"}],"replies":[{"embeddable":true,"href":"https:\/\/blogg.fisheco.se\/redaktion\/wp-json\/wp\/v2\/comments?post=1031"}],"version-history":[{"count":0,"href":"https:\/\/blogg.fisheco.se\/redaktion\/wp-json\/wp\/v2\/posts\/1031\/revisions"}],"wp:attachment":[{"href":"https:\/\/blogg.fisheco.se\/redaktion\/wp-json\/wp\/v2\/media?parent=1031"}],"wp:term":[{"taxonomy":"category","embeddable":true,"href":"https:\/\/blogg.fisheco.se\/redaktion\/wp-json\/wp\/v2\/categories?post=1031"},{"taxonomy":"post_tag","embeddable":true,"href":"https:\/\/blogg.fisheco.se\/redaktion\/wp-json\/wp\/v2\/tags?post=1031"}],"curies":[{"name":"wp","href":"https:\/\/api.w.org\/{rel}","templated":true}]}}