{"id":2395,"date":"2019-10-20T19:54:06","date_gmt":"2019-10-20T17:54:06","guid":{"rendered":"http:\/\/galgreppet.com\/?p=2395"},"modified":"2019-10-20T19:54:06","modified_gmt":"2019-10-20T17:54:06","slug":"bergkvara-gaddfestival-19-10-2019","status":"publish","type":"post","link":"https:\/\/blogg.fisheco.se\/galgreppet\/2019\/10\/20\/bergkvara-gaddfestival-19-10-2019\/","title":{"rendered":"Bergkvara G\u00e4ddfestival 19\/10 2019"},"content":{"rendered":"<p>Det ligger f\u00f6rv\u00e4ntan i luften, det \u00e4r fj\u00e4rde \u00e5ret och den femte t\u00e4vlingen i Bergkvara G\u00e4ddfestivals historia. Detta \u00e5r har vi valt att ha en delt\u00e4vling p\u00e5 v\u00e5ren och en p\u00e5 h\u00f6sten ist\u00e4llet f\u00f6r en tv\u00e5dagarst\u00e4vling p\u00e5 h\u00f6sten. Vi f\u00e5r v\u00e4l se hur vi g\u00f6r n\u00e4sta \u00e5r. Det har varit en intensiv period med mycket att g\u00f6ra p\u00e5 jobbet. Min far fyllde 80 \u00e5r dagen innan t\u00e4vlingen (18\/10), \u00e4nnu en g\u00e5ng- STORT grattis Pappa! Det \u00e4r tack vare dig som jag har mitt fiskeintresse, f\u00f6rr var vi ofta ute och fiskade g\u00e4dda p\u00e5 kusten, d\u00e5, p\u00e5 den tiden var det &#8221;Ut\u00f6 lys&#8221; som var det hetaste betet, det var innan b\u00e5de jerk och gummibeten fanns till g\u00e4dda. Det var bara p\u00e5 Ut\u00f6 lys man fick g\u00e4dda p\u00e5, inte s\u00e5 konstigt, det var ju bara det betet man fiskade med. Inte heller var det n\u00e5gon som flugfiskade efter g\u00e4dda, i vart fall visste vi inte om att det fanns n\u00e5gon som gjorde det.<\/p>\n<p>Det \u00e4r gryning n\u00e4r vi ger oss iv\u00e4g, jag och min teamkamrat S\u00f6ren &#8221;Sir Toby&#8221; i PS Piketeam. Vi har kommit p\u00e5 andra plats s\u00e5 m\u00e5nga g\u00e5nger tidigare, kanske \u00e4r det v\u00e5r tur att ta hem det trov\u00e4rda lagpriset Big Five denna t\u00e4vlingen.<\/p>\n<p><img loading=\"lazy\" decoding=\"async\" class=\"alignnone size-full wp-image-2399\" src=\"https:\/\/blogg.fisheco.se\/galgreppet\/wp-content\/uploads\/sites\/4\/2019\/10\/20191019_074442.jpg\" alt=\"20191019_074442\" width=\"4032\" height=\"3024\" \/><img loading=\"lazy\" decoding=\"async\" class=\"alignnone size-full wp-image-2407\" src=\"https:\/\/blogg.fisheco.se\/galgreppet\/wp-content\/uploads\/sites\/4\/2019\/10\/received_414927795831447.jpeg\" alt=\"received_414927795831447\" width=\"1462\" height=\"1905\" \/>Det b\u00f6rjar bra f\u00f6r min teamkamrat han f\u00e5r n\u00e5gra fina fiskar, jag har d\u00e4remot har bara n\u00e5gon f\u00f6ljare och en som \u00e4r p\u00e5 en kort stund och sedan sl\u00e4pper. Pl\u00f6tsligt f\u00e5r S\u00f6ren en fin 87:a, en urstark g\u00e4dda som g\u00f6r sitt yttersta f\u00f6r att inte hamna i h\u00e5ven.<img loading=\"lazy\" decoding=\"async\" class=\"alignnone size-full wp-image-2400\" src=\"https:\/\/blogg.fisheco.se\/galgreppet\/wp-content\/uploads\/sites\/4\/2019\/10\/20191019_081245.jpg\" alt=\"20191019_081245\" width=\"3024\" height=\"4032\" \/>Jag skiftar till mitt k\u00e4ra flugsp\u00f6, k\u00e4mpar i vinden, och skam den som ger sig, vi hittar en vik som verkar h\u00e5lla en hel del fisk och pl\u00f6tsligt ser jag den ber\u00f6mda plogen komma upp bakom flugan, det tar tv\u00e4rstopp, sp\u00f6et st\u00e5r i sp\u00e4nd b\u00e5ge, h\u00e4rliga knyckar. Det g\u00e4ller att h\u00e5lla sp\u00e4nd lina eftersom kroken \u00e4r hullingl\u00f6s. Bergkvara G\u00e4ddfestival har som krav att alla m\u00e5ste fiska med hullingfria krokar.\u00a0 Vi i t\u00e4vlingsledningen och som sportfiskeklubb k\u00e4nner att vi m\u00e5ste g\u00f6ra vad vi kan f\u00f6r att minska lidande och skador p\u00e5 g\u00e4ddorna som f\u00e5ngas och sedan sl\u00e4pps tillbaka. Vi kommer att ha Martin St\u00e5lhammar fr\u00e5n l\u00e4nsstyrelsen i Karlskrona hos oss snart, Martin har doktorerat i Catch and release och ska h\u00e5lla f\u00f6rel\u00e4sningen kring detta intressanta \u00e4mne 19\/11. N\u00e5ja, min fina flugf\u00e5ngade g\u00e4dda m\u00e4tte till 85 cm, nu k\u00e4nns det bra. Vi fiskar som ett team, S\u00f6ren f\u00e5r f\u00f6rvisso flerg\u00e4ddor \u00e4n jag men vi bidrar b\u00e5da till att vi snart har &#8221;fyllt pappret&#8221;.<img loading=\"lazy\" decoding=\"async\" class=\"alignnone size-full wp-image-2402\" src=\"https:\/\/blogg.fisheco.se\/galgreppet\/wp-content\/uploads\/sites\/4\/2019\/10\/20191019_120656.jpg\" alt=\"20191019_120656\" width=\"4032\" height=\"3024\" \/>Kort efter f\u00e5r S\u00f6ren vilket visar sig vara t\u00e4vlingens l\u00e4ngsta fisk, 95 cm. En magnifik g\u00e4dda i utm\u00e4rkt kondition. Stort grattis till vinsten S\u00f6ren!<img loading=\"lazy\" decoding=\"async\" class=\"alignnone size-full wp-image-2403\" src=\"https:\/\/blogg.fisheco.se\/galgreppet\/wp-content\/uploads\/sites\/4\/2019\/10\/20191019_105126.jpg\" alt=\"20191019_105126\" width=\"3024\" height=\"4032\" \/>N\u00e5gra kast senare ser jag en stor g\u00e4dda komma glidande bakom min fluga, ett kort stopp i hemtagningen, n\u00e4sta drag i linan och g\u00e4ddan g\u00f6r ett blixtsnabbt utfall och n\u00e4stan inhalerar flugan, g\u00e4ddan har en stor b\u00f6ld p\u00e5 ryggen. Den m\u00e4ter till 86 cm, en liten \u00f6kning mot min f\u00f6rra flugf\u00e5ngade g\u00e4dda men varje centimeter r\u00e4knas n\u00e4r det \u00e4r t\u00e4vling. Jag messar min fiskepolare Andreas som ocks\u00e5 han jagar g\u00e4ddan med sina flugor, jag f\u00e5r till svar att han och hans team har det mycket tr\u00f6gfiskat. Vi \u00e4r visserligen inte s\u00e5 m\u00e5nga som k\u00e4mpar om flugpriset men det \u00e4r lika mycket \u00e4ran man k\u00e4mpar om. Jag har tidigare skrivit om mina prototyper vad g\u00e4ller vasskyddade g\u00e4ddflugor och jag hade gjort en ny fluga som jag testat n\u00e5got pass tidigare, d\u00e5 funkade den som f\u00f6rv\u00e4ntat och inf\u00f6r denna t\u00e4vling gjorde jag en lika dan fluga till Andreas. N\u00e4, n\u00e5gon fin g\u00e4dda var det inte jag fick men 86 cm \u00e4r ju \u00e4nd\u00e5 86 cm.<img loading=\"lazy\" decoding=\"async\" class=\"alignnone size-full wp-image-2404\" src=\"https:\/\/blogg.fisheco.se\/galgreppet\/wp-content\/uploads\/sites\/4\/2019\/10\/20191019_121519.jpg\" alt=\"20191019_121519\" width=\"4032\" height=\"3024\" \/>G\u00e4ddan med kn\u00f6len verkar \u00e4nd\u00e5 pigg, den simmar snabbt iv\u00e4g n\u00e4r den sl\u00e4pps. Vi f\u00e5r en till p\u00e5 86 cm som hamnar p\u00e5 &#8221;pappret&#8221;. N\u00e4r vi tr\u00e4ffas inf\u00f6r prisutdelningen kan inte Andreas h\u00e5lla sig, det \u00e4r han och jag som \u00e4r t\u00e4vlingsansvariga f\u00f6r Bergkvara G\u00e4ddfestival. Jag f\u00e5r jag till mig av Andreas n\u00e4r vi ska kontrollr\u00e4kna och granska bilderna som de t\u00e4vlande har mailat in att han fiskat med sina flugor hela dagen utan att ha f\u00e5tt upp n\u00e5gon fisk. Han har bara haft n\u00e5got nyp i flugan, han tr\u00f6ttnade p\u00e5 att det fastnade sj\u00f6gr\u00e4s p\u00e5 flugan. Andreas bytte till flugan han f\u00e5tt av mig tidigare i veckan och p\u00e5 f\u00f6rsta kastet hugger en g\u00e4dda, en mycket grov fisk, han ber\u00e4ttar att den g\u00f6r flera kraftiga rusningar i hopp om att komma loss fr\u00e5n flugan. Den fina g\u00e4ddan m\u00e4ter till hela 89 cm och flugt\u00e4vlingen \u00e4r avgjord. Andreas \u00e4r glad och ja det k\u00e4nns n\u00e4stan lite komiskt att det blev som det blev. Ett stort grattis till dig Andreas! En magnifik flugf\u00e5ngad g\u00e4dda, bra gjort!<img loading=\"lazy\" decoding=\"async\" class=\"alignnone size-full wp-image-2405\" src=\"https:\/\/blogg.fisheco.se\/galgreppet\/wp-content\/uploads\/sites\/4\/2019\/10\/screenshot_20191020-191958_gallery.jpg\" alt=\"Screenshot_20191020-191958_Gallery\" width=\"1079\" height=\"811\" \/>N\u00f6jda med v\u00e5r insats f\u00f6r dagen \u00e5ker vi tillbaka till bryggan.<img loading=\"lazy\" decoding=\"async\" class=\"alignnone size-full wp-image-2406\" src=\"https:\/\/blogg.fisheco.se\/galgreppet\/wp-content\/uploads\/sites\/4\/2019\/10\/screenshot_20191020-192651_gallery.jpg\" alt=\"Screenshot_20191020-192651_Gallery\" width=\"1080\" height=\"692\" \/>N\u00e4r vi r\u00e4knar samman resultaten f\u00f6r dagen visar det sig att vi (PS Piketeam) har vunnit lagt\u00e4vlingen Big Five med v\u00e5ra 439 cm f\u00f6rdelade p\u00e5 fem fiskar. \u00c5rets lag blev Team Pikej\u00e4gers med 192 cm f\u00f6rdelat p\u00e5 sina tv\u00e5 l\u00e4ngsta g\u00e4ddor, en fr\u00e5n v\u00e5rt\u00e4vlingen och en\u00a0 fr\u00e5n denna h\u00f6stt\u00e4vlingen, priset f\u00f6r t\u00e4vlingens l\u00e4ngta g\u00e4dda gick till min teamkompis S\u00f6ren med sin 95:a. Det var tv\u00e5 t\u00e4vlande som fick upp var sin g\u00e4dda p\u00e5 95 cm men S\u00f6ren hade den individuellt n\u00e4st l\u00e4ngsta g\u00e4ddan och tog d\u00e4rmed den den vinsten. Andreas tog hem flugpriset med 89 cm.<\/p>\n<p>Stort grattis till alla som vunnit och stort Tack till v\u00e5ra sponsorer!<\/p>\n<p>Jag l\u00e4ngtar redan till n\u00e4sta \u00e5rs Bergkvara G\u00e4ddfestival<\/p>\n<p><strong>G\u00e4lgreppet-Flugfiskebloggen med drag i<\/strong><\/p>\n<p>\/Tight Lines<\/p>\n","protected":false},"excerpt":{"rendered":"<p>Det ligger f\u00f6rv\u00e4ntan i luften, det \u00e4r fj\u00e4rde \u00e5ret och den femte t\u00e4vlingen i Bergkvara G\u00e4ddfestivals historia. Detta \u00e5r har vi valt att ha en delt\u00e4vling p\u00e5 v\u00e5ren och en p\u00e5 h\u00f6sten ist\u00e4llet f\u00f6r en tv\u00e5dagarst\u00e4vling p\u00e5 h\u00f6sten. Vi f\u00e5r &hellip; <a href=\"https:\/\/blogg.fisheco.se\/galgreppet\/2019\/10\/20\/bergkvara-gaddfestival-19-10-2019\/\">Forts\u00e4tt l\u00e4sa <span class=\"meta-nav\">&rarr;<\/span><\/a><\/p>\n","protected":false},"author":12,"featured_media":0,"comment_status":"open","ping_status":"open","sticky":false,"template":"","format":"standard","meta":{"footnotes":""},"categories":[1],"tags":[],"class_list":["post-2395","post","type-post","status-publish","format-standard","hentry","category-okategoriserade"],"_links":{"self":[{"href":"https:\/\/blogg.fisheco.se\/galgreppet\/wp-json\/wp\/v2\/posts\/2395","targetHints":{"allow":["GET"]}}],"collection":[{"href":"https:\/\/blogg.fisheco.se\/galgreppet\/wp-json\/wp\/v2\/posts"}],"about":[{"href":"https:\/\/blogg.fisheco.se\/galgreppet\/wp-json\/wp\/v2\/types\/post"}],"author":[{"embeddable":true,"href":"https:\/\/blogg.fisheco.se\/galgreppet\/wp-json\/wp\/v2\/users\/12"}],"replies":[{"embeddable":true,"href":"https:\/\/blogg.fisheco.se\/galgreppet\/wp-json\/wp\/v2\/comments?post=2395"}],"version-history":[{"count":0,"href":"https:\/\/blogg.fisheco.se\/galgreppet\/wp-json\/wp\/v2\/posts\/2395\/revisions"}],"wp:attachment":[{"href":"https:\/\/blogg.fisheco.se\/galgreppet\/wp-json\/wp\/v2\/media?parent=2395"}],"wp:term":[{"taxonomy":"category","embeddable":true,"href":"https:\/\/blogg.fisheco.se\/galgreppet\/wp-json\/wp\/v2\/categories?post=2395"},{"taxonomy":"post_tag","embeddable":true,"href":"https:\/\/blogg.fisheco.se\/galgreppet\/wp-json\/wp\/v2\/tags?post=2395"}],"curies":[{"name":"wp","href":"https:\/\/api.w.org\/{rel}","templated":true}]}}