{"id":2349,"date":"2019-09-23T16:43:17","date_gmt":"2019-09-23T14:43:17","guid":{"rendered":"http:\/\/galgreppet.com\/?p=2349"},"modified":"2019-09-23T16:43:17","modified_gmt":"2019-09-23T14:43:17","slug":"flugfiske-i-malung-september-2019","status":"publish","type":"post","link":"https:\/\/blogg.fisheco.se\/galgreppet\/2019\/09\/23\/flugfiske-i-malung-september-2019\/","title":{"rendered":"Flugfiske i Malung September 2019"},"content":{"rendered":"<p>D\u00e5 var det dags att \u00e5ka p\u00e5 flugfiskeresa igen, denna g\u00e5ng bar det av till Malung med omnejd. Att det just blev Malung denna g\u00e5ng har dels med avst\u00e5ndet att g\u00f6ra och dels att jag f\u00e5tt till mig att just Malung har riktigt bra harrvatten att erbjuda. Det b\u00f6rjade med att jag fick tips av Jonas &#8221;Masternymf&#8221; Olsson som jag tr\u00e4ffat och b\u00f6rjat l\u00e4ra k\u00e4nna under v\u00e5rens premi\u00e4rfiske i <a href=\"http:\/\/www.alsteran.com\/\" target=\"_blank\" rel=\"noopener\">Alster\u00e5n<\/a> utanf\u00f6r \u00c4lghult i Sm\u00e5land. Jonas t\u00e4vlar i svenska landslaget i flugfiske och kan sannerligen sin sak n\u00e4r det kommer till flugfiske och d\u00e5 speciellt nymfing. Sj\u00e4lv \u00e4r jag minst sagt novis n\u00e4r det kommer till denna disciplin inom flugfisket. Visst har jag under st\u00f6rre delen av mitt flugfiskande efter harr och b\u00e4ck\u00f6ring fiskat med nymf men d\u00e5 p\u00e5 det mer traditionella viset.<img loading=\"lazy\" decoding=\"async\" class=\"alignnone size-full wp-image-2352\" src=\"https:\/\/blogg.fisheco.se\/galgreppet\/wp-content\/uploads\/sites\/4\/2019\/09\/20190919_104748.jpg\" alt=\"20190919_104748\" width=\"4032\" height=\"3024\" \/>N\u00e5 ja, nu var det denna fiskeresa som jag skall ber\u00e4tta om, som jag skrivit om i ett tidigare blogginl\u00e4gg att jag redan stannat till vid Vemforsen och kikat, en str\u00f6mstr\u00e4cka som ser v\u00e4ldigt inbjudande ut f\u00f6r en flugfiskare. Jag har sett i ett youtubeklipp fr\u00e5n Juni i \u00e5r d\u00e4r Jonas som jag n\u00e4mnt h\u00e4r ovan &#8221;drar&#8221; harr i parti och minut i Vemforsen s\u00e5 mina f\u00f6rv\u00e4ntningar var minst sagt h\u00f6ga. Ska n\u00e4mnas att jag fick flera heta tips p\u00e5 fiskeplatser kring Malung av Jonas inf\u00f6r denna resa.<\/p>\n<p>Men att komma i kontakt med n\u00e5gon i fr\u00e5n trakten vore \u00e4n b\u00e4ttre t\u00e4nkte jag och googlade, och som av en slump hittade jag ordf\u00f6randen i Malungs FVOF Kent Brandt som jag ringde upp, jag blir alldeles varm inombords av den v\u00e4nlighet som Kent uppvisar. Utan att han k\u00e4nner mig tvekar han inte att m\u00f6ta upp mig morgonen efter att jag anl\u00e4nder till Malung, tanken var fr\u00e5n hans sida att vi skulle fiskat tillsammans men n\u00e5got kom i v\u00e4gen och ist\u00e4llet k\u00f6r Kent f\u00f6re mig ut till fiskeplatsen. Han pekar och pratar med stor inlevelse om hur och vart jag ska g\u00e5 och fiska, Kent ber\u00e4ttar att han fiskat h\u00e4r sedan 70-talet, jag f\u00f6rst\u00e5r att han kan varenda sten, grop och att han vet vattenst\u00e5ndets betydelse f\u00f6r att fisket skall vara bra. Som &#8221;s\u00f6rl\u00e4nning&#8221; och novis om vart jag skall \u00e5ka blir bekantskapen med Kent ov\u00e4rderlig!<img loading=\"lazy\" decoding=\"async\" class=\"alignnone size-full wp-image-2353\" src=\"https:\/\/blogg.fisheco.se\/galgreppet\/wp-content\/uploads\/sites\/4\/2019\/09\/20190918_094358.jpg\" alt=\"20190918_094358\" width=\"3024\" height=\"4032\" \/>Denna plats som jag inte vet namnet p\u00e5 fick av mig heta &#8221;vindskyddet&#8221;, detta \u00e4r en mycket intressant str\u00e4cka som \u00e4r l\u00e4ttvadad till stora delar. Den h\u00e5rda vinden denna dag g\u00f6r det minst sagt besv\u00e4rligt att fiska torrt, det \u00e4r \u00e4ven mycket skum som flyter och guppar bland v\u00e5gorna vilket g\u00f6r det n\u00e4stan om\u00f6jligt att se min torrfluga. N\u00e4, det f\u00e5r bli nymf ist\u00e4llet, p\u00e5 med &#8221;Loffeflugan&#8221;. <img loading=\"lazy\" decoding=\"async\" class=\"alignnone size-full wp-image-2375\" src=\"https:\/\/blogg.fisheco.se\/galgreppet\/wp-content\/uploads\/sites\/4\/2019\/09\/screenshot_20190923-115658_gallery.jpg\" alt=\"Screenshot_20190923-115658_Gallery\" width=\"1080\" height=\"1920\" \/>Det dr\u00f6jer inte m\u00e5nga kast innan hugget kommer och &#8221;Harry&#8221; sitter krokad.<img loading=\"lazy\" decoding=\"async\" class=\"alignnone size-full wp-image-2354\" src=\"https:\/\/blogg.fisheco.se\/galgreppet\/wp-content\/uploads\/sites\/4\/2019\/09\/gopr0393_1568972730806_high.jpg\" alt=\"GOPR0393_1568972730806_high\" width=\"1920\" height=\"1080\" \/>Ingen bj\u00e4sse men det \u00e4r alltid lika sk\u00f6nt att k\u00e4nna att &#8221;man g\u00f6r r\u00e4tt&#8221;. Snabb indragning av fluglinan och straxt \u00e4r den bredvid mig och den f\u00e5r friheten \u00e5ter.<img loading=\"lazy\" decoding=\"async\" class=\"alignnone size-full wp-image-2356\" src=\"https:\/\/blogg.fisheco.se\/galgreppet\/wp-content\/uploads\/sites\/4\/2019\/09\/20190918_131525.jpg\" alt=\"20190918_131525\" width=\"4032\" height=\"3024\" \/>Sedvanlig cigarr efter f\u00f6rsta landade firren.<img loading=\"lazy\" decoding=\"async\" class=\"alignnone size-full wp-image-2382\" src=\"https:\/\/blogg.fisheco.se\/galgreppet\/wp-content\/uploads\/sites\/4\/2019\/09\/20190918_121920.jpg\" alt=\"20190918_121920\" width=\"2592\" height=\"1458\" \/>Efter cigarren \u00e4r det bara ut med flugan igen.<\/p>\n<p>Fish On!<img loading=\"lazy\" decoding=\"async\" class=\"alignnone size-full wp-image-2357\" src=\"https:\/\/blogg.fisheco.se\/galgreppet\/wp-content\/uploads\/sites\/4\/2019\/09\/screenshot_20190918-201351_gallery.jpg\" alt=\"Screenshot_20190918-201351_Gallery\" width=\"1080\" height=\"1920\" \/>Denna firre \u00e4r lite st\u00f6rre, det k\u00e4nns verkligen h\u00e4rligt! H\u00e4r st\u00e5r jag utvadad helt sj\u00e4lv, bortom alla vardagsbekymmer, ja flugfiske kan verkligen j\u00e4mf\u00f6ras med n\u00e5gon slags terapi, sl\u00e4ppa all stress, att f\u00f6rena kropp och sj\u00e4l med naturen, k\u00e4nna inre harmoni, mindfulness, det \u00e4r detta jag k\u00e4nner, det r\u00e5der det inget tvivel om. Jag njuter f\u00f6r fullt!<img loading=\"lazy\" decoding=\"async\" class=\"alignnone size-full wp-image-2381\" src=\"https:\/\/blogg.fisheco.se\/galgreppet\/wp-content\/uploads\/sites\/4\/2019\/09\/gopr0393_1568972953331_high.jpg\" alt=\"GOPR0393_1568972953331_high\" width=\"1920\" height=\"1080\" \/>Det \u00e4r inte bara fisket som f\u00e5ngar min uppm\u00e4rksamhet denna dag, naturen har mycket att erbjuda. Jag har p\u00e5 m\u00e5nga platser vandrat l\u00e4ngs med \u00e5ar och slagits av hur m\u00e5nga som m\u00e5ste ha g\u00e5tt p\u00e5 samma plats f\u00f6re mig, alla dessa upptrampade stigar men inte h\u00e4r! H\u00e4r verkar naturen vara or\u00f6rd, h\u00e4r finns sp\u00e5r av en svunnen tid och t\u00e4nk om alla dessa tr\u00e4d kunnat ber\u00e4tta sina ber\u00e4ttelser om vad de upplevt. Ett b\u00e4verf\u00e4llt tr\u00e4d till exempel, hur l\u00e4nge sedan var det sen det f\u00f6ll i backen? Hur m\u00e5nga b\u00e4vergenerationer sedan? Gamla tr\u00e4d ger liv \u00e5t nya.<img loading=\"lazy\" decoding=\"async\" class=\"alignnone size-full wp-image-2361\" src=\"https:\/\/blogg.fisheco.se\/galgreppet\/wp-content\/uploads\/sites\/4\/2019\/09\/20190918_160858.jpg\" alt=\"20190918_160858\" width=\"3024\" height=\"4032\" \/><img loading=\"lazy\" decoding=\"async\" class=\"alignnone size-full wp-image-2362\" src=\"https:\/\/blogg.fisheco.se\/galgreppet\/wp-content\/uploads\/sites\/4\/2019\/09\/20190918_161222.jpg\" alt=\"20190918_161222\" width=\"3024\" height=\"4032\" \/>Fisket denna dag har varit helt okej med tanke p\u00e5 v\u00e4der och vind.<\/p>\n<p>Jag styr kosan mot mitt boende som \u00e4r f\u00f6rlagt till en av stugorna p\u00e5 Malungs camping, stugan \u00e4r riktigt fr\u00e4sch, liksom ombonat, det k\u00e4nns lite som att komma &#8221;hem&#8221;. Detta \u00e4r ett boende som jag varmt kan rekommendera!<img loading=\"lazy\" decoding=\"async\" class=\"alignnone size-full wp-image-2364\" src=\"https:\/\/blogg.fisheco.se\/galgreppet\/wp-content\/uploads\/sites\/4\/2019\/09\/20190918_085206.jpg\" alt=\"20190918_085206\" width=\"4032\" height=\"3024\" \/><img loading=\"lazy\" decoding=\"async\" class=\"alignnone size-full wp-image-2365\" src=\"https:\/\/blogg.fisheco.se\/galgreppet\/wp-content\/uploads\/sites\/4\/2019\/09\/20190918_082704.jpg\" alt=\"20190918_082704\" width=\"4032\" height=\"3024\" \/>I receptionen p\u00e5 campingen morgonen efter m\u00f6ts jag \u00e4nnu en g\u00e5ng av glada, trevliga hj\u00e4lpsamma m\u00e4nniskor, det \u00e4r s\u00e5 h\u00e4rligt att det kan vara s\u00e5. Jag f\u00e5r \u00e4ven tips p\u00e5 fiskeplatser av dom som \u00e4r v\u00e4rda att pr\u00f6va, de s\u00e4tter sm\u00e5 kryss p\u00e5 kartor, pratar om fisket och \u00e4ven jakt f\u00f6r det delen. En av tjejerna i receptionen fr\u00e5gar f\u00f6rl\u00e4get om vi har \u00e4lg s\u00e5 l\u00e5ngt s\u00f6der ut som jag kommer ifr\u00e5n, hmmm, sk\u00e4rpning p\u00e5 den!! \ud83d\ude42<\/p>\n<p>Nu \u00e4r det dags att pr\u00f6va Vemforsen, en kanonfin str\u00e4cka. Det har regnat mycket h\u00e4r men sista veckan har det varit uppeh\u00e5ll s\u00e5 nu sjunker vattenst\u00e5ndet snabbt vilket kan g\u00f6ra fisket sv\u00e5rt n\u00e4r f\u00f6ruts\u00e4ttning f\u00f6r st\u00e5ndplatser hela tiden f\u00f6r\u00e4ndras.<\/p>\n<p><img loading=\"lazy\" decoding=\"async\" class=\"alignnone size-full wp-image-2367\" src=\"https:\/\/blogg.fisheco.se\/galgreppet\/wp-content\/uploads\/sites\/4\/2019\/09\/20190919_104828.jpg\" alt=\"20190919_104828\" width=\"4032\" height=\"3024\" \/><img loading=\"lazy\" decoding=\"async\" class=\"alignnone size-full wp-image-2369\" src=\"https:\/\/blogg.fisheco.se\/galgreppet\/wp-content\/uploads\/sites\/4\/2019\/09\/20190919_092219.jpg\" alt=\"20190919_092219\" width=\"4032\" height=\"3024\" \/>Jag g\u00f6r mitt b\u00e4sta, byter flugor, fiskar snett nedstr\u00f6ms, l\u00e4gger ut flugan tv\u00e4rs \u00f6ver str\u00f6mmen, f\u00f6rs\u00f6ker fiska djupare, snabbt, l\u00e5ngsamt. Men inte ett hugg, inte ens en dragning i linan. Ja, s\u00e5 kan ocks\u00e5 fiske vara.<\/p>\n<p>Jag k\u00e4kar och byter fiskeplats, nu b\u00e4r det av till Ogstr\u00f6mmen, en mindre \u00e5 om man j\u00e4mf\u00f6r med V\u00e4sterdal\u00e4lven. Detta \u00e4r en mycket vacker \u00e5, som d\u00e4r jag m\u00f6ter den \u00e4r v\u00e4ldigt grund men lite nedstr\u00f6ms \u00e4ndrar den snabbt karakt\u00e4r och blir vildare.<img loading=\"lazy\" decoding=\"async\" class=\"alignnone size-full wp-image-2370\" src=\"https:\/\/blogg.fisheco.se\/galgreppet\/wp-content\/uploads\/sites\/4\/2019\/09\/20190919_131449-1.jpg\" alt=\"20190919_131449\" width=\"4032\" height=\"3024\" \/><img loading=\"lazy\" decoding=\"async\" class=\"alignnone size-full wp-image-2371\" src=\"https:\/\/blogg.fisheco.se\/galgreppet\/wp-content\/uploads\/sites\/4\/2019\/09\/20190919_135511.jpg\" alt=\"20190919_135511\" width=\"4032\" height=\"3024\" \/><img loading=\"lazy\" decoding=\"async\" class=\"alignnone size-full wp-image-2372\" src=\"https:\/\/blogg.fisheco.se\/galgreppet\/wp-content\/uploads\/sites\/4\/2019\/09\/20190919_134405.jpg\" alt=\"20190919_134405\" width=\"4032\" height=\"3024\" \/><img loading=\"lazy\" decoding=\"async\" class=\"alignnone size-full wp-image-2373\" src=\"https:\/\/blogg.fisheco.se\/galgreppet\/wp-content\/uploads\/sites\/4\/2019\/09\/20190919_142425.jpg\" alt=\"20190919_142425\" width=\"3024\" height=\"4032\" \/><img loading=\"lazy\" decoding=\"async\" class=\"alignnone size-full wp-image-2380\" src=\"https:\/\/blogg.fisheco.se\/galgreppet\/wp-content\/uploads\/sites\/4\/2019\/09\/20190919_134545.jpg\" alt=\"20190919_134545\" width=\"3024\" height=\"4032\" \/><img loading=\"lazy\" decoding=\"async\" class=\"alignnone size-full wp-image-2379\" src=\"https:\/\/blogg.fisheco.se\/galgreppet\/wp-content\/uploads\/sites\/4\/2019\/09\/gopr0392_1568971357472_high.jpg\" alt=\"GOPR0392_1568971357472_high\" width=\"1920\" height=\"1080\" \/><img loading=\"lazy\" decoding=\"async\" class=\"alignnone size-full wp-image-2377\" src=\"https:\/\/blogg.fisheco.se\/galgreppet\/wp-content\/uploads\/sites\/4\/2019\/09\/screenshot_20190923-151640_gallery.jpg\" alt=\"Screenshot_20190923-151640_Gallery\" width=\"822\" height=\"330\" \/>H\u00e4r \u00e4r s\u00e5 vackert, h\u00f6sten b\u00f6rjar s\u00e5 sm\u00e5tt g\u00f6ra sig p\u00e5mind, det var en kort fisketripp p\u00e5\u00a0 ett par dagar men det \u00e4r b\u00e4ttre \u00e4n ingenting. B\u00e5de Vemforsen och Ogstr\u00f6mmen har absolut potential att vara riktigt bra. P\u00e5 v\u00e4gen hem ringer jag och pratar med Kent, vi dryftar fisket s\u00e5 klart och hur det var f\u00f6rr, t\u00e4nkbara orsaker till f\u00f6r\u00e4ndringarna som skett vad g\u00e4ller fisket i Malungstrakten. F\u00f6r n\u00e5got har h\u00e4nt enligt Kent, medell\u00e4ngden p\u00e5 fisken har \u00e4ndrats genom \u00e5ren och tr\u00e5kigt nog \u00e4r de riktigt stora exemplaren s\u00e4llsynta nuf\u00f6rtiden. \u00d6verlag finns det gott om harr i str\u00f6mmarna, Kent ber\u00e4ttar att han n\u00e4stan uteslutande tar dom p\u00e5 torrfluga.<\/p>\n<p>Kanske var det det snabbt skiftande vattenst\u00e5ndet som gjorde att jag inte hade s\u00e5 bra fiske denna sista dag. En sak \u00e4r iallafall s\u00e4ker, s\u00e5 fort tillf\u00e4lle bjuds kommer jag tillbaka till str\u00f6mmarna kring Malung.<\/p>\n<p><strong>G\u00e4lgreppet- Flugfiskebloggen med drag i<\/strong><\/p>\n<p>\/Tight Lines<\/p>\n<p>&nbsp;<\/p>\n<p>&nbsp;<\/p>\n<p>&nbsp;<\/p>\n<p>&nbsp;<\/p>\n<p>&nbsp;<\/p>\n<p>&nbsp;<\/p>\n<p>&nbsp;<\/p>\n","protected":false},"excerpt":{"rendered":"<p>D\u00e5 var det dags att \u00e5ka p\u00e5 flugfiskeresa igen, denna g\u00e5ng bar det av till Malung med omnejd. Att det just blev Malung denna g\u00e5ng har dels med avst\u00e5ndet att g\u00f6ra och dels att jag f\u00e5tt till mig att just &hellip; <a href=\"https:\/\/blogg.fisheco.se\/galgreppet\/2019\/09\/23\/flugfiske-i-malung-september-2019\/\">Forts\u00e4tt l\u00e4sa <span class=\"meta-nav\">&rarr;<\/span><\/a><\/p>\n","protected":false},"author":12,"featured_media":0,"comment_status":"open","ping_status":"open","sticky":false,"template":"","format":"standard","meta":{"footnotes":""},"categories":[1],"tags":[],"class_list":["post-2349","post","type-post","status-publish","format-standard","hentry","category-okategoriserade"],"_links":{"self":[{"href":"https:\/\/blogg.fisheco.se\/galgreppet\/wp-json\/wp\/v2\/posts\/2349","targetHints":{"allow":["GET"]}}],"collection":[{"href":"https:\/\/blogg.fisheco.se\/galgreppet\/wp-json\/wp\/v2\/posts"}],"about":[{"href":"https:\/\/blogg.fisheco.se\/galgreppet\/wp-json\/wp\/v2\/types\/post"}],"author":[{"embeddable":true,"href":"https:\/\/blogg.fisheco.se\/galgreppet\/wp-json\/wp\/v2\/users\/12"}],"replies":[{"embeddable":true,"href":"https:\/\/blogg.fisheco.se\/galgreppet\/wp-json\/wp\/v2\/comments?post=2349"}],"version-history":[{"count":0,"href":"https:\/\/blogg.fisheco.se\/galgreppet\/wp-json\/wp\/v2\/posts\/2349\/revisions"}],"wp:attachment":[{"href":"https:\/\/blogg.fisheco.se\/galgreppet\/wp-json\/wp\/v2\/media?parent=2349"}],"wp:term":[{"taxonomy":"category","embeddable":true,"href":"https:\/\/blogg.fisheco.se\/galgreppet\/wp-json\/wp\/v2\/categories?post=2349"},{"taxonomy":"post_tag","embeddable":true,"href":"https:\/\/blogg.fisheco.se\/galgreppet\/wp-json\/wp\/v2\/tags?post=2349"}],"curies":[{"name":"wp","href":"https:\/\/api.w.org\/{rel}","templated":true}]}}