{"id":2272,"date":"2019-08-16T22:28:18","date_gmt":"2019-08-16T20:28:18","guid":{"rendered":"http:\/\/galgreppet.com\/?p=2272"},"modified":"2019-08-16T22:28:18","modified_gmt":"2019-08-16T20:28:18","slug":"vemdalen-2019-en-fiskeresa-m-m","status":"publish","type":"post","link":"https:\/\/blogg.fisheco.se\/galgreppet\/2019\/08\/16\/vemdalen-2019-en-fiskeresa-m-m\/","title":{"rendered":"Vemdalen 2019, en fiskeresa m.m."},"content":{"rendered":"<p>Semestern p\u00e5g\u00e5r f\u00f6r fullt, i \u00e5r har min fru och jag semester samtidigt vilket inte alltid \u00e4r att ta f\u00f6r givet. Inf\u00f6r \u00e5rets semester har vi medvetet inte planerat s\u00e5 mycket utan t\u00e4nkt att vi tar det som det kommer. Jag har ju en l\u00e4ngtan till fj\u00e4llen vilket min fru vet och det kommer p\u00e5 tal om att vi ska ta n\u00e5gra dagar upp\u00e5t landet. Jag har \u00e5kt till s\u00f6dra fj\u00e4llen s\u00e5 m\u00e5nga g\u00e5nger f\u00f6rut ofta tillsammans med en av v\u00e5ra s\u00f6ner men ibland tillsammans med min systers man och deras minsta grabb som \u00e4r lika gammal som v\u00e5r Filip. Nu \u00e4r barnen \u00e4ldre, har b\u00f6rjat jobba, har flickv\u00e4nner. Det \u00e4r inte l\u00e4ngre s\u00e5 l\u00e4tt att f\u00e5 ihop en fiskeresa som det var f\u00f6r n\u00e5gra \u00e5r sedan. \u00c5rets resa har Vemdalen som m\u00e5l, jag har m\u00e5nga fina minnen d\u00e4rifr\u00e5n. <img loading=\"lazy\" decoding=\"async\" class=\"alignnone size-full wp-image-1588\" src=\"https:\/\/blogg.fisheco.se\/galgreppet\/wp-content\/uploads\/sites\/4\/2018\/07\/10400268_933906630021097_3868361080385517300_n.jpg\" alt=\"10400268_933906630021097_3868361080385517300_n\" width=\"960\" height=\"540\" srcset=\"https:\/\/blogg.fisheco.se\/galgreppet\/wp-content\/uploads\/sites\/4\/2018\/07\/10400268_933906630021097_3868361080385517300_n.jpg 960w, https:\/\/blogg.fisheco.se\/galgreppet\/wp-content\/uploads\/sites\/4\/2018\/07\/10400268_933906630021097_3868361080385517300_n-300x169.jpg 300w, https:\/\/blogg.fisheco.se\/galgreppet\/wp-content\/uploads\/sites\/4\/2018\/07\/10400268_933906630021097_3868361080385517300_n-768x432.jpg 768w, https:\/\/blogg.fisheco.se\/galgreppet\/wp-content\/uploads\/sites\/4\/2018\/07\/10400268_933906630021097_3868361080385517300_n-500x281.jpg 500w\" sizes=\"auto, (max-width: 960px) 100vw, 960px\" \/>P\u00e5 v\u00e4gen upp till Vemdalen stannar vi till vid Vemforsen straxt utanf\u00f6r Malung, jag har f\u00e5tt tips p\u00e5 detta fiskest\u00e4lle av Jonas Olsson som pratat sig varm om Vemforsen. Jag har planer p\u00e5 att \u00e5terv\u00e4nda hit i september. Det ser riktigt inbjudande ut m\u00e5 jag s\u00e4ga men n\u00e5got fiske hinns inte med just nu.<img loading=\"lazy\" decoding=\"async\" class=\"alignnone size-full wp-image-2275\" src=\"https:\/\/blogg.fisheco.se\/galgreppet\/wp-content\/uploads\/sites\/4\/2019\/08\/20190811_175457.jpg\" alt=\"20190811_175457\" width=\"4032\" height=\"3024\" \/><img loading=\"lazy\" decoding=\"async\" class=\"alignnone size-full wp-image-2319\" src=\"https:\/\/blogg.fisheco.se\/galgreppet\/wp-content\/uploads\/sites\/4\/2019\/08\/20190811_174957.jpg\" alt=\"20190811_174957\" width=\"2592\" height=\"1458\" \/>F\u00e4rden g\u00e5r vidare mot Vemdalen och &#8221;G\u00e4stis&#8221; ett mycket trevligt vandrarhem d\u00e4r jag bott m\u00e5nga g\u00e5nger f\u00f6rut under v\u00e5ra resor hit. Vi anl\u00e4nder sent p\u00e5 kv\u00e4llen.<img loading=\"lazy\" decoding=\"async\" class=\"alignnone size-full wp-image-2276\" src=\"https:\/\/blogg.fisheco.se\/galgreppet\/wp-content\/uploads\/sites\/4\/2019\/08\/screenshot_20190814-235143_gallery.jpg\" alt=\"Screenshot_20190814-235143_Gallery\" width=\"1920\" height=\"1080\" \/>P\u00e5 v\u00e4gen upp m\u00f6ts vi av sj\u00e4lvaste skogens konung, en majest\u00e4tisk sextaggare st\u00e5r och k\u00e4kar alldeles intill v\u00e4gen, tiden liksom stannar och vi njuter av stunden.<img loading=\"lazy\" decoding=\"async\" class=\"alignnone size-full wp-image-2279\" src=\"https:\/\/blogg.fisheco.se\/galgreppet\/wp-content\/uploads\/sites\/4\/2019\/08\/received_2177453195710186.jpeg\" alt=\"received_2177453195710186\" width=\"4032\" height=\"2268\" \/>Morgonen d\u00e4rp\u00e5 b\u00f6rjar sj\u00e4lvklart med ett bes\u00f6k hos Ekberg, fiskekort inhandlas och sj\u00e4lvklart n\u00e5gra fiskeprylar. Det \u00e4r konstigt att man alltid beh\u00f6ver n\u00e5got n\u00e4r man bes\u00f6ker en fiskeredskapsbutik.<\/p>\n<p>Vi k\u00f6r upp till grundsj\u00f6n, min fru har inte sett hur det ser ut d\u00e4r, p\u00e5 v\u00e4gen dit stannar vi till vid Mitt\u00e5fallet, man f\u00e5r en Johnbauerk\u00e4nsla n\u00e4r vi tittar mer mot fallet, s\u00e5 vacker h\u00e4r \u00e4r.<img loading=\"lazy\" decoding=\"async\" class=\"alignnone size-full wp-image-2292\" src=\"https:\/\/blogg.fisheco.se\/galgreppet\/wp-content\/uploads\/sites\/4\/2019\/08\/20190812_125437.jpg\" alt=\"20190812_125437\" width=\"4032\" height=\"3024\" \/><img loading=\"lazy\" decoding=\"async\" class=\"alignnone size-full wp-image-2294\" src=\"https:\/\/blogg.fisheco.se\/galgreppet\/wp-content\/uploads\/sites\/4\/2019\/08\/20190812_130843.jpg\" alt=\"20190812_130843\" width=\"4032\" height=\"3024\" \/><img loading=\"lazy\" decoding=\"async\" class=\"alignnone size-full wp-image-2295\" src=\"https:\/\/blogg.fisheco.se\/galgreppet\/wp-content\/uploads\/sites\/4\/2019\/08\/20190812_131254.jpg\" alt=\"20190812_131254\" width=\"3024\" height=\"4032\" \/><img loading=\"lazy\" decoding=\"async\" class=\"alignnone size-full wp-image-2299\" src=\"https:\/\/blogg.fisheco.se\/galgreppet\/wp-content\/uploads\/sites\/4\/2019\/08\/screenshot_20190814-185945_gallery-1.jpg\" alt=\"Screenshot_20190814-185945_Gallery\" width=\"1920\" height=\"1080\" \/>F\u00e4rden g\u00e5r vidare mot &#8221;str\u00f6mmen&#8221;, jag kan ju inte vara i Vemdalen utan att fiska i Str\u00f6mmen, det enda som kan vara ett hinder \u00e4r om vattenst\u00e5ndet \u00e4r f\u00f6r h\u00f6gt, \u00e5n \u00e4r ju reglerad.<img loading=\"lazy\" decoding=\"async\" class=\"alignnone size-full wp-image-2280\" src=\"https:\/\/blogg.fisheco.se\/galgreppet\/wp-content\/uploads\/sites\/4\/2019\/08\/20190812_135756.jpg\" alt=\"20190812_135756\" width=\"4032\" height=\"3024\" \/>T\u00e4nk att man kan f\u00e5 vara h\u00e4r helt sj\u00e4lva, hela eftermiddagen och kv\u00e4llen, inte en enda m\u00e4nniska f\u00f6rutom oss tv\u00e5 och v\u00e5ran hund Loffe. H\u00e4r \u00e4r sannerligen vackert, jag f\u00e5r n\u00e4stan k\u00e4nslan av att vara p\u00e5 helig mark, s\u00e5 m\u00e5nga minnen fr\u00e5n tidigare fiskeresor. F\u00f6rv\u00e4ntan ligger i luften, iallafall f\u00f6r mig.<img loading=\"lazy\" decoding=\"async\" class=\"alignnone size-full wp-image-2281\" src=\"https:\/\/blogg.fisheco.se\/galgreppet\/wp-content\/uploads\/sites\/4\/2019\/08\/20190812_140542.jpg\" alt=\"20190812_140542\" width=\"4032\" height=\"3024\" \/>Gl\u00e4djande nog \u00e4r vattenst\u00e5ndet l\u00e5gt vilket inneb\u00e4r att jag utan problem kan vada bland storstenarna nedanf\u00f6r &#8221;spegeln&#8221;.<img loading=\"lazy\" decoding=\"async\" class=\"alignnone size-full wp-image-2284\" src=\"https:\/\/blogg.fisheco.se\/galgreppet\/wp-content\/uploads\/sites\/4\/2019\/08\/20190812_161144.jpg\" alt=\"20190812_161144\" width=\"4032\" height=\"3024\" \/>Loffe h\u00e5ller koll p\u00e5 husse.<img loading=\"lazy\" decoding=\"async\" class=\"alignnone size-full wp-image-2301\" src=\"https:\/\/blogg.fisheco.se\/galgreppet\/wp-content\/uploads\/sites\/4\/2019\/08\/20190812_150621.jpg\" alt=\"20190812_150621\" width=\"2264\" height=\"4032\" \/>Det dr\u00f6jer inte l\u00e4nge f\u00f6rr\u00e4n f\u00f6rsta harren krokas av, alltid sk\u00f6nt. man f\u00e5r liksom en bekr\u00e4ftelse p\u00e5 att man g\u00f6r r\u00e4tt, att flugvalet \u00e4r r\u00e4tt, ja det k\u00e4nns helt enkelt bra! Flugan \u00e4r en typ svart har\u00f6ra bunden av p\u00e4ls fr\u00e5n v\u00e5r svarta Cocker Spaniel Loffe, den s\u00e5 kallade &#8221;Loffeflugan&#8221;.<\/p>\n<p>Fish on!<img loading=\"lazy\" decoding=\"async\" class=\"alignnone size-full wp-image-2289\" src=\"https:\/\/blogg.fisheco.se\/galgreppet\/wp-content\/uploads\/sites\/4\/2019\/08\/gopr0357_1565636393039_high.jpg\" alt=\"GOPR0357_1565636393039_high\" width=\"1920\" height=\"1080\" \/>Sedvanligt \u00e5ker cigarren fram och jag tar n\u00e5gra puffar som traditionen bjuder efter f\u00f6rsta landade fisken n\u00e4r jag \u00e4r p\u00e5 fiskeresa.<img loading=\"lazy\" decoding=\"async\" class=\"alignnone size-full wp-image-2287\" src=\"https:\/\/blogg.fisheco.se\/galgreppet\/wp-content\/uploads\/sites\/4\/2019\/08\/received_448485802407055.jpeg\" alt=\"received_448485802407055\" width=\"2256\" height=\"4032\" \/><img loading=\"lazy\" decoding=\"async\" class=\"alignnone size-full wp-image-2288\" src=\"https:\/\/blogg.fisheco.se\/galgreppet\/wp-content\/uploads\/sites\/4\/2019\/08\/gopr0357_1565636581789_high.jpg\" alt=\"GOPR0357_1565636581789_high\" width=\"1920\" height=\"1080\" \/><img loading=\"lazy\" decoding=\"async\" class=\"alignnone size-full wp-image-2290\" src=\"https:\/\/blogg.fisheco.se\/galgreppet\/wp-content\/uploads\/sites\/4\/2019\/08\/gopr0357_1565636684231_high.jpg\" alt=\"GOPR0357_1565636684231_high\" width=\"1920\" height=\"1080\" \/>Inte n\u00e5gon rekordfisk men det k\u00e4nns helt underbart, n\u00e5gra fiskar till krokas av innan det \u00e4r dags f\u00f6r lite k\u00e4k. N\u00e5gra renar kommer n\u00e4stan kusligt n\u00e4ra innan vi bryter f\u00f6r dagen.<img loading=\"lazy\" decoding=\"async\" class=\"alignnone size-full wp-image-2291\" src=\"https:\/\/blogg.fisheco.se\/galgreppet\/wp-content\/uploads\/sites\/4\/2019\/08\/received_402960473678209.jpeg\" alt=\"received_402960473678209\" width=\"4032\" height=\"2256\" \/>N\u00e4sta dag b\u00e4r det av till B\u00f6rtnan, ett f\u00f6r mig klassiskt vatten, h\u00e4r har jag tagit mitt PB p\u00e5 harr, brutit av ett flugsp\u00f6, haft mitt livs harrfiske vad g\u00e4ller antal, ja minnena \u00e4r m\u00e5nga fr\u00e5n denna plats. F\u00f6rra \u00e5ret var det v\u00e4ldigt lite vatten n\u00e4r vi var i B\u00f6rtnan. Enligt Ekberg skulle det vara 8 kubik\/s i dag vilket bara \u00e4r marginellt mer \u00e4n f\u00f6rra \u00e5ret men fullt fiskbart iallafall p\u00e5 vissa st\u00e4llen. Jag hade f\u00e5tt f\u00e4rska rapporter fr\u00e5n en ambulanskollega som bara n\u00e5gon dag innan varit h\u00e4r i n\u00e4rheten och haft kontakt med stor\u00f6ringen. F\u00f6rra \u00e5ret fick jag sista fisken p\u00e5 nacken ovan spegeln precis d\u00e4r huvudf\u00e5ran bildas. Mitt m\u00e5l var att f\u00f6rs\u00f6ka ta dom p\u00e5 torrt d\u00e4r i \u00e5r igen och jag blev inte besviken.<\/p>\n<p>P\u00e5 v\u00e4g till B\u00f6rtnan stannar vi till och g\u00e5r l\u00e4ngs med Fettje\u00e5n, h\u00e4r \u00e4r s\u00e5 vackert, Loffe bara \u00e4lskar att bada i \u00e5n.<img loading=\"lazy\" decoding=\"async\" class=\"alignnone size-full wp-image-2306\" src=\"https:\/\/blogg.fisheco.se\/galgreppet\/wp-content\/uploads\/sites\/4\/2019\/08\/20190813_125317.jpg\" alt=\"20190813_125317\" width=\"3024\" height=\"4032\" \/><img loading=\"lazy\" decoding=\"async\" class=\"alignnone size-full wp-image-2307\" src=\"https:\/\/blogg.fisheco.se\/galgreppet\/wp-content\/uploads\/sites\/4\/2019\/08\/20190813_125435.jpg\" alt=\"20190813_125435\" width=\"4032\" height=\"3024\" \/><img loading=\"lazy\" decoding=\"async\" class=\"alignnone size-full wp-image-2308\" src=\"https:\/\/blogg.fisheco.se\/galgreppet\/wp-content\/uploads\/sites\/4\/2019\/08\/20190813_130000.jpg\" alt=\"20190813_130000\" width=\"3024\" height=\"4032\" \/>Innan fisket b\u00f6rjar blir det ett stopp p\u00e5 fiket i B\u00f6rtnan och lite k\u00e4k.<img loading=\"lazy\" decoding=\"async\" class=\"alignnone size-full wp-image-2305\" src=\"https:\/\/blogg.fisheco.se\/galgreppet\/wp-content\/uploads\/sites\/4\/2019\/08\/20190813_142949.jpg\" alt=\"20190813_142949\" width=\"3024\" height=\"4032\" \/>\u00c4ntligen h\u00e4r igen!! Jag p\u00e5minns \u00e5ter igen om hur viktigt det \u00e4r som flugfiskare att kunna anv\u00e4nda sig av olika metoder inom flugfisket, n\u00e5got som idag skulle visa sig vara f\u00e5ngstgivande.<img loading=\"lazy\" decoding=\"async\" class=\"alignnone size-full wp-image-2302\" src=\"https:\/\/blogg.fisheco.se\/galgreppet\/wp-content\/uploads\/sites\/4\/2019\/08\/20190813_153109.jpg\" alt=\"20190813_153109\" width=\"4032\" height=\"3024\" \/>Det dr\u00f6jer inte m\u00e5nga kast f\u00f6rr\u00e4n en harr slurpat i sig torrflugan &#8221;Ekbergs specialare&#8221;, en superpuppa med cdcvinge. Bilden nedan fr\u00e5n f\u00f6rra \u00e5rets fj\u00e4llenresa, s\u00e5 ser iallafall flugan ut.<img loading=\"lazy\" decoding=\"async\" class=\"alignnone size-full wp-image-2303\" src=\"https:\/\/blogg.fisheco.se\/galgreppet\/wp-content\/uploads\/sites\/4\/2019\/08\/20180718_201539.jpg\" alt=\"20180718_201539\" width=\"4032\" height=\"2268\" \/>Fish on!!<img loading=\"lazy\" decoding=\"async\" class=\"alignnone size-full wp-image-2313\" src=\"https:\/\/blogg.fisheco.se\/galgreppet\/wp-content\/uploads\/sites\/4\/2019\/08\/gopr0370_1565729521016_high.jpg\" alt=\"GOPR0370_1565729521016_high\" width=\"1920\" height=\"1080\" \/>Det hugger friskt, pl\u00f6tsligt \u00e4r flugan borta, jag byter till en klinkhammer med oliv kropp och ljust grizzlyhackel. H\u00e4r \u00e4r betydligt st\u00f6rre fisk, jag njuter verkligen av stunden och nuet.<img loading=\"lazy\" decoding=\"async\" class=\"alignnone size-full wp-image-2309\" src=\"https:\/\/blogg.fisheco.se\/galgreppet\/wp-content\/uploads\/sites\/4\/2019\/08\/screenshot_20190813-232002_gallery.jpg\" alt=\"Screenshot_20190813-232002_Gallery.jpg\" width=\"752\" height=\"380\" \/><img loading=\"lazy\" decoding=\"async\" class=\"alignnone size-full wp-image-2310\" src=\"https:\/\/blogg.fisheco.se\/galgreppet\/wp-content\/uploads\/sites\/4\/2019\/08\/gopr0370_1565729262485_high.jpg\" alt=\"GOPR0370_1565729262485_high\" width=\"1920\" height=\"1080\" \/><img loading=\"lazy\" decoding=\"async\" class=\"alignnone size-full wp-image-2311\" src=\"https:\/\/blogg.fisheco.se\/galgreppet\/wp-content\/uploads\/sites\/4\/2019\/08\/gopr0370_1565729005773_high.jpg\" alt=\"GOPR0370_1565729005773_high\" width=\"1920\" height=\"1080\" \/><img loading=\"lazy\" decoding=\"async\" class=\"alignnone size-full wp-image-2312\" src=\"https:\/\/blogg.fisheco.se\/galgreppet\/wp-content\/uploads\/sites\/4\/2019\/08\/gopr0370_1565802538332_high.jpg\" alt=\"GOPR0370_1565802538332_high\" width=\"1920\" height=\"1080\" \/>Dagen avslutas med en toppfisk p\u00e5 40 cm, det \u00e4r som i en saga med lyckligt slut, mycket n\u00f6jd ringer jag till Petra som skyndar sig dit fr\u00e5n promenaden med Loffe f\u00f6r att ta n\u00e5gra foton innan fisken \u00e5terf\u00e5r friheten, jag tackar firren f\u00f6r god kamp och s\u00e4ger p\u00e5 \u00e5terseende herr harr:)<img loading=\"lazy\" decoding=\"async\" class=\"alignnone size-full wp-image-2316\" src=\"https:\/\/blogg.fisheco.se\/galgreppet\/wp-content\/uploads\/sites\/4\/2019\/08\/screenshot_20190814-061746_gallery.jpg\" alt=\"Screenshot_20190814-061746_Gallery\" width=\"752\" height=\"531\" \/><img loading=\"lazy\" decoding=\"async\" class=\"alignnone size-full wp-image-2317\" src=\"https:\/\/blogg.fisheco.se\/galgreppet\/wp-content\/uploads\/sites\/4\/2019\/08\/screenshot_20190813-214633_messenger.jpg\" alt=\"Screenshot_20190813-214633_Messenger\" width=\"1080\" height=\"1920\" \/>H\u00e4r en film fr\u00e5n resan.<\/p>\n<p><iframe loading=\"lazy\" title=\"Vemdalen 2019, en fiskeresa m m\" width=\"584\" height=\"329\" src=\"https:\/\/www.youtube.com\/embed\/Ev-qXsn92FM?feature=oembed\" frameborder=\"0\" allow=\"accelerometer; autoplay; clipboard-write; encrypted-media; gyroscope; picture-in-picture; web-share\" referrerpolicy=\"strict-origin-when-cross-origin\" allowfullscreen><\/iframe><\/p>\n<p><img loading=\"lazy\" decoding=\"async\" class=\"alignnone size-full wp-image-2318\" src=\"https:\/\/blogg.fisheco.se\/galgreppet\/wp-content\/uploads\/sites\/4\/2019\/08\/screenshot_20190813-214835_gallery.jpg\" alt=\"Screenshot_20190813-214835_Gallery\" width=\"1035\" height=\"512\" \/>G\u00e4lgreppet &#8211; i samarbete med SAMEO<\/p>\n<p><strong>G\u00e4lgreppet &#8211; Flugfiskebloggen med drag i<\/strong><\/p>\n<p>\/Tight Lines<\/p>\n","protected":false},"excerpt":{"rendered":"<p>Semestern p\u00e5g\u00e5r f\u00f6r fullt, i \u00e5r har min fru och jag semester samtidigt vilket inte alltid \u00e4r att ta f\u00f6r givet. Inf\u00f6r \u00e5rets semester har vi medvetet inte planerat s\u00e5 mycket utan t\u00e4nkt att vi tar det som det kommer. &hellip; <a href=\"https:\/\/blogg.fisheco.se\/galgreppet\/2019\/08\/16\/vemdalen-2019-en-fiskeresa-m-m\/\">Forts\u00e4tt l\u00e4sa <span class=\"meta-nav\">&rarr;<\/span><\/a><\/p>\n","protected":false},"author":12,"featured_media":0,"comment_status":"open","ping_status":"open","sticky":false,"template":"","format":"standard","meta":{"footnotes":""},"categories":[1],"tags":[],"class_list":["post-2272","post","type-post","status-publish","format-standard","hentry","category-okategoriserade"],"_links":{"self":[{"href":"https:\/\/blogg.fisheco.se\/galgreppet\/wp-json\/wp\/v2\/posts\/2272","targetHints":{"allow":["GET"]}}],"collection":[{"href":"https:\/\/blogg.fisheco.se\/galgreppet\/wp-json\/wp\/v2\/posts"}],"about":[{"href":"https:\/\/blogg.fisheco.se\/galgreppet\/wp-json\/wp\/v2\/types\/post"}],"author":[{"embeddable":true,"href":"https:\/\/blogg.fisheco.se\/galgreppet\/wp-json\/wp\/v2\/users\/12"}],"replies":[{"embeddable":true,"href":"https:\/\/blogg.fisheco.se\/galgreppet\/wp-json\/wp\/v2\/comments?post=2272"}],"version-history":[{"count":0,"href":"https:\/\/blogg.fisheco.se\/galgreppet\/wp-json\/wp\/v2\/posts\/2272\/revisions"}],"wp:attachment":[{"href":"https:\/\/blogg.fisheco.se\/galgreppet\/wp-json\/wp\/v2\/media?parent=2272"}],"wp:term":[{"taxonomy":"category","embeddable":true,"href":"https:\/\/blogg.fisheco.se\/galgreppet\/wp-json\/wp\/v2\/categories?post=2272"},{"taxonomy":"post_tag","embeddable":true,"href":"https:\/\/blogg.fisheco.se\/galgreppet\/wp-json\/wp\/v2\/tags?post=2272"}],"curies":[{"name":"wp","href":"https:\/\/api.w.org\/{rel}","templated":true}]}}