{"id":5322,"date":"2024-12-13T20:54:16","date_gmt":"2024-12-13T19:54:16","guid":{"rendered":"https:\/\/blogg.fisheco.se\/flugfiskaren\/?p=5322"},"modified":"2024-12-13T20:54:18","modified_gmt":"2024-12-13T19:54:18","slug":"flugfiske-i-norden","status":"publish","type":"post","link":"https:\/\/blogg.fisheco.se\/flugfiskaren\/2024\/12\/13\/flugfiske-i-norden\/","title":{"rendered":"Flugfiske i Norden"},"content":{"rendered":"\n<p>Nytt nummer ute av b\u00e4sta Flugfiske i Norden. Jag har en artikel med \u00e4ven i detta nummer och det b\u00f6rjar bli en vana nu som man aldrig riktigt v\u00e4njer sig vid. Jag \u00e4r otroligt stolt och hedrad \u00f6ver f\u00e5 mina artiklar publicerade i denna anrika tidning. En tidning som jag n\u00e4r jag var yngre satt och lusl\u00e4ste och f\u00f6rs\u00f6kte utveckla mitt egna flugfiske genom artiklarna d\u00e4r. Nu \u00e4r jag sj\u00e4lv med och f\u00f6rs\u00f6ker bidra s\u00e5 gott jag kan med min erfarenhet. <\/p>\n\n\n\n<figure class=\"wp-block-image size-large\"><img loading=\"lazy\" decoding=\"async\" width=\"768\" height=\"1024\" src=\"https:\/\/blogg.fisheco.se\/flugfiskaren\/wp-content\/uploads\/sites\/3\/2024\/12\/IMG_0395-768x1024.jpeg\" alt=\"\" class=\"wp-image-5323\" srcset=\"https:\/\/blogg.fisheco.se\/flugfiskaren\/wp-content\/uploads\/sites\/3\/2024\/12\/IMG_0395-768x1024.jpeg 768w, https:\/\/blogg.fisheco.se\/flugfiskaren\/wp-content\/uploads\/sites\/3\/2024\/12\/IMG_0395-225x300.jpeg 225w, https:\/\/blogg.fisheco.se\/flugfiskaren\/wp-content\/uploads\/sites\/3\/2024\/12\/IMG_0395-1152x1536.jpeg 1152w, https:\/\/blogg.fisheco.se\/flugfiskaren\/wp-content\/uploads\/sites\/3\/2024\/12\/IMG_0395-1536x2048.jpeg 1536w, https:\/\/blogg.fisheco.se\/flugfiskaren\/wp-content\/uploads\/sites\/3\/2024\/12\/IMG_0395-scaled.jpeg 1920w\" sizes=\"auto, (max-width: 768px) 100vw, 768px\" \/><\/figure>\n\n\n\n<p><br> Det n\u00e4rmar sig 30 st publicerade artiklar i FiN vilket \u00e4r helt galet egentligen. Det har blivit allt m\u00f6jligt fr\u00e5n g\u00e4dda l\u00e4ngs kusten, havs\u00f6ringsfiske, abborre p\u00e5 fluga och m\u00e5nga artiklar om regnb\u00e5gsfiske. <\/p>\n\n\n\n<figure class=\"wp-block-image size-large\"><img loading=\"lazy\" decoding=\"async\" width=\"768\" height=\"1024\" src=\"https:\/\/blogg.fisheco.se\/flugfiskaren\/wp-content\/uploads\/sites\/3\/2024\/12\/IMG_0396-768x1024.jpeg\" alt=\"\" class=\"wp-image-5324\" srcset=\"https:\/\/blogg.fisheco.se\/flugfiskaren\/wp-content\/uploads\/sites\/3\/2024\/12\/IMG_0396-768x1024.jpeg 768w, https:\/\/blogg.fisheco.se\/flugfiskaren\/wp-content\/uploads\/sites\/3\/2024\/12\/IMG_0396-225x300.jpeg 225w, https:\/\/blogg.fisheco.se\/flugfiskaren\/wp-content\/uploads\/sites\/3\/2024\/12\/IMG_0396-1152x1536.jpeg 1152w, https:\/\/blogg.fisheco.se\/flugfiskaren\/wp-content\/uploads\/sites\/3\/2024\/12\/IMG_0396-1536x2048.jpeg 1536w, https:\/\/blogg.fisheco.se\/flugfiskaren\/wp-content\/uploads\/sites\/3\/2024\/12\/IMG_0396-scaled.jpeg 1920w\" sizes=\"auto, (max-width: 768px) 100vw, 768px\" \/><\/figure>\n\n\n\n<p>I detta nummer s\u00e5 \u00e4r det en artikel om ett favoritst\u00e4lle och som har betytt mycket f\u00f6r mig och mitt flugfiske. Vemdalen. Fiske i Vemdalen och tips p\u00e5 hur man kan lyckas med sitt fiske \u00e4ven n\u00e4r vattenniv\u00e5erna \u00e4r h\u00f6ga som n\u00e4r vi var d\u00e4r i somras. Hela 12 sidor och f\u00f6rsta artikeln i tidningen s\u00e5 det \u00e4r nog min hittills st\u00f6rsta artikel. S\u00e5 ge er ut och k\u00f6p nya numret av FiN f\u00f6rutom min artikel s\u00e5 bjuds s\u00e5klart p\u00e5 m\u00e5nga andra v\u00e4ldigt l\u00e4sv\u00e4rda artiklar. <\/p>\n\n\n\n<figure class=\"wp-block-image size-large\"><img loading=\"lazy\" decoding=\"async\" width=\"768\" height=\"1024\" src=\"https:\/\/blogg.fisheco.se\/flugfiskaren\/wp-content\/uploads\/sites\/3\/2024\/12\/IMG_0398-768x1024.jpeg\" alt=\"\" class=\"wp-image-5326\" srcset=\"https:\/\/blogg.fisheco.se\/flugfiskaren\/wp-content\/uploads\/sites\/3\/2024\/12\/IMG_0398-768x1024.jpeg 768w, https:\/\/blogg.fisheco.se\/flugfiskaren\/wp-content\/uploads\/sites\/3\/2024\/12\/IMG_0398-225x300.jpeg 225w, https:\/\/blogg.fisheco.se\/flugfiskaren\/wp-content\/uploads\/sites\/3\/2024\/12\/IMG_0398-1152x1536.jpeg 1152w, https:\/\/blogg.fisheco.se\/flugfiskaren\/wp-content\/uploads\/sites\/3\/2024\/12\/IMG_0398-1536x2048.jpeg 1536w, https:\/\/blogg.fisheco.se\/flugfiskaren\/wp-content\/uploads\/sites\/3\/2024\/12\/IMG_0398-scaled.jpeg 1920w\" sizes=\"auto, (max-width: 768px) 100vw, 768px\" \/><\/figure>\n\n\n\n<p><br>Dock s\u00e5 \u00e4r det pga FiN och MagazineFishEco som bloggen blir lite lidande, tiden r\u00e4cker inte till. S\u00e5 d\u00e4rf\u00f6r g\u00e5r det ett tag mellan varje inl\u00e4gg h\u00e4r men jag f\u00f6rs\u00f6ker h\u00e5lla den levande med lite inl\u00e4gg d\u00e5 och d\u00e5. Mycket tid l\u00e4ggs sj\u00e4lvklart ocks\u00e5 p\u00e5 min och Peter Youtube-kanal <a href=\"https:\/\/www.youtube.com\/@everyfishcounts\" target=\"_blank\" rel=\"noopener\">Every Fish Counts<\/a>. D\u00e4r hittar ni de flesta av v\u00e5ra fiske\u00e4ventyr, bl a kan ni kika in filmen fr\u00e5n v\u00e5r senaste fj\u00e4llentur som \u00e4ven artikeln i FiN handlar om. <br><\/p>\n\n\n\n<figure class=\"wp-block-embed is-type-video is-provider-youtube wp-block-embed-youtube wp-embed-aspect-16-9 wp-has-aspect-ratio\"><div class=\"wp-block-embed__wrapper\">\n<iframe loading=\"lazy\" title=\"Vemdalen 2024 - Storharrens Rike\" width=\"584\" height=\"329\" src=\"https:\/\/www.youtube.com\/embed\/HC3Ua7mVS68?feature=oembed\" frameborder=\"0\" allow=\"accelerometer; autoplay; clipboard-write; encrypted-media; gyroscope; picture-in-picture; web-share\" referrerpolicy=\"strict-origin-when-cross-origin\" allowfullscreen><\/iframe>\n<\/div><\/figure>\n\n\n\n<p>H\u00e4rn\u00e4st jobbar jag p\u00e5 en intervju som handlar och flugfiske och tatueringar. Jag spenderade en dag i somras med en duktig flugfiskare och tatuerare som verkligen brinner f\u00f6r dessa tv\u00e5 intressen d\u00e4r det ena faktiskt \u00e4r hans jobb. Jag brinner ocks\u00e5 f\u00f6r detta men jobbar tyv\u00e4rr inte med n\u00e5got av det. Vi hade i alla fall en fantastisk dag och f\u00f6rhoppningsvis mynnar detta ut i en annorlunda och bra artikel. <\/p>\n\n\n\n<figure class=\"wp-block-image size-large\"><img loading=\"lazy\" decoding=\"async\" width=\"742\" height=\"1024\" src=\"https:\/\/blogg.fisheco.se\/flugfiskaren\/wp-content\/uploads\/sites\/3\/2024\/12\/DSC_0070-742x1024.jpg\" alt=\"\" class=\"wp-image-5327\" srcset=\"https:\/\/blogg.fisheco.se\/flugfiskaren\/wp-content\/uploads\/sites\/3\/2024\/12\/DSC_0070-742x1024.jpg 742w, https:\/\/blogg.fisheco.se\/flugfiskaren\/wp-content\/uploads\/sites\/3\/2024\/12\/DSC_0070-217x300.jpg 217w, https:\/\/blogg.fisheco.se\/flugfiskaren\/wp-content\/uploads\/sites\/3\/2024\/12\/DSC_0070-768x1060.jpg 768w, https:\/\/blogg.fisheco.se\/flugfiskaren\/wp-content\/uploads\/sites\/3\/2024\/12\/DSC_0070-1112x1536.jpg 1112w, https:\/\/blogg.fisheco.se\/flugfiskaren\/wp-content\/uploads\/sites\/3\/2024\/12\/DSC_0070-1483x2048.jpg 1483w, https:\/\/blogg.fisheco.se\/flugfiskaren\/wp-content\/uploads\/sites\/3\/2024\/12\/DSC_0070-scaled.jpg 1854w\" sizes=\"auto, (max-width: 742px) 100vw, 742px\" \/><\/figure>\n\n\n\n<p>Jag passar p\u00e5 att \u00f6nska alla l\u00e4sare och f\u00f6ljare en riktigt God Jul !<\/p>\n","protected":false},"excerpt":{"rendered":"<p>Nytt nummer ute av b\u00e4sta Flugfiske i Norden. Jag har en artikel med \u00e4ven i detta nummer och det b\u00f6rjar bli en vana nu som man aldrig riktigt v\u00e4njer sig vid. Jag \u00e4r otroligt stolt och hedrad \u00f6ver f\u00e5 mina &hellip; <a href=\"https:\/\/blogg.fisheco.se\/flugfiskaren\/2024\/12\/13\/flugfiske-i-norden\/\">Forts\u00e4tt l\u00e4sa <span class=\"meta-nav\">&rarr;<\/span><\/a><\/p>\n","protected":false},"author":10,"featured_media":0,"comment_status":"open","ping_status":"open","sticky":false,"template":"","format":"standard","meta":{"footnotes":""},"categories":[3],"tags":[122,430,360,548],"class_list":["post-5322","post","type-post","status-publish","format-standard","hentry","category-flugfiskarenismaland","tag-flugfiske","tag-flugfiske-i-norden","tag-flugfiskeinorden","tag-tatueringar"],"_links":{"self":[{"href":"https:\/\/blogg.fisheco.se\/flugfiskaren\/wp-json\/wp\/v2\/posts\/5322","targetHints":{"allow":["GET"]}}],"collection":[{"href":"https:\/\/blogg.fisheco.se\/flugfiskaren\/wp-json\/wp\/v2\/posts"}],"about":[{"href":"https:\/\/blogg.fisheco.se\/flugfiskaren\/wp-json\/wp\/v2\/types\/post"}],"author":[{"embeddable":true,"href":"https:\/\/blogg.fisheco.se\/flugfiskaren\/wp-json\/wp\/v2\/users\/10"}],"replies":[{"embeddable":true,"href":"https:\/\/blogg.fisheco.se\/flugfiskaren\/wp-json\/wp\/v2\/comments?post=5322"}],"version-history":[{"count":1,"href":"https:\/\/blogg.fisheco.se\/flugfiskaren\/wp-json\/wp\/v2\/posts\/5322\/revisions"}],"predecessor-version":[{"id":5328,"href":"https:\/\/blogg.fisheco.se\/flugfiskaren\/wp-json\/wp\/v2\/posts\/5322\/revisions\/5328"}],"wp:attachment":[{"href":"https:\/\/blogg.fisheco.se\/flugfiskaren\/wp-json\/wp\/v2\/media?parent=5322"}],"wp:term":[{"taxonomy":"category","embeddable":true,"href":"https:\/\/blogg.fisheco.se\/flugfiskaren\/wp-json\/wp\/v2\/categories?post=5322"},{"taxonomy":"post_tag","embeddable":true,"href":"https:\/\/blogg.fisheco.se\/flugfiskaren\/wp-json\/wp\/v2\/tags?post=5322"}],"curies":[{"name":"wp","href":"https:\/\/api.w.org\/{rel}","templated":true}]}}