{"id":5242,"date":"2024-02-25T23:20:09","date_gmt":"2024-02-25T22:20:09","guid":{"rendered":"https:\/\/blogg.fisheco.se\/flugfiskaren\/?p=5242"},"modified":"2024-02-25T23:20:11","modified_gmt":"2024-02-25T22:20:11","slug":"gaddfiske-4","status":"publish","type":"post","link":"https:\/\/blogg.fisheco.se\/flugfiskaren\/2024\/02\/25\/gaddfiske-4\/","title":{"rendered":"G\u00e4ddfiske!"},"content":{"rendered":"\n<p>Nu b\u00f6rjar det \u00e4ntligen liknar v\u00e5r h\u00e4r nere i syd\u00f6stra Sm\u00e5land. Det har varit ovanligt kallt med mycket sn\u00f6 och is denna vintern, \u00e5tminstone k\u00e4nns det som det. Nu har de flesta isarna sl\u00e4ppt taget och sn\u00f6n \u00e4r borta sedan n\u00e5gon vecka. N\u00e4sta vecka \u00e4r det dags f\u00f6r reportage igen, \u00e4ntligen fiske efter regnb\u00e5ge och \u00f6ring igen, v\u00e4ldigt efterl\u00e4ngtat. Dessutom med lite flyt s\u00e5 blir det lite abborrefiske ocks\u00e5. V\u00e5rfisket \u00e4r kort h\u00e4r i kalmarsund efter abborre och g\u00e4dda d\u00e5 f\u00f6rbudet kommer nu redan f\u00f6rsta mars. S\u00e5 det g\u00e4ller att ta vara p\u00e5 tillf\u00e4llena som ges. <\/p>\n\n\n\n<figure class=\"wp-block-image size-large\"><img loading=\"lazy\" decoding=\"async\" width=\"1024\" height=\"577\" src=\"https:\/\/blogg.fisheco.se\/flugfiskaren\/wp-content\/uploads\/sites\/3\/2024\/02\/IMG_4454-1024x577.jpg\" alt=\"\" class=\"wp-image-5244\" srcset=\"https:\/\/blogg.fisheco.se\/flugfiskaren\/wp-content\/uploads\/sites\/3\/2024\/02\/IMG_4454-1024x577.jpg 1024w, https:\/\/blogg.fisheco.se\/flugfiskaren\/wp-content\/uploads\/sites\/3\/2024\/02\/IMG_4454-300x169.jpg 300w, https:\/\/blogg.fisheco.se\/flugfiskaren\/wp-content\/uploads\/sites\/3\/2024\/02\/IMG_4454-768x432.jpg 768w, https:\/\/blogg.fisheco.se\/flugfiskaren\/wp-content\/uploads\/sites\/3\/2024\/02\/IMG_4454-1536x865.jpg 1536w, https:\/\/blogg.fisheco.se\/flugfiskaren\/wp-content\/uploads\/sites\/3\/2024\/02\/IMG_4454-500x282.jpg 500w, https:\/\/blogg.fisheco.se\/flugfiskaren\/wp-content\/uploads\/sites\/3\/2024\/02\/IMG_4454.jpg 2000w\" sizes=\"auto, (max-width: 1024px) 100vw, 1024px\" \/><\/figure>\n\n\n\n<p>Just det gjorde jag och Peter h\u00e4romveckan. Det var \u00f6ppet i en av v\u00e5ra favoritvikar, hyfsat h\u00f6gvatten och bl\u00e5ste s\u00e5 d\u00e4r lagom, \u00e5tminstone enligt prognosen. V\u00e4l nere vid vattnet bl\u00e5ste det ordentligt, runt 12-13 m\/s. S\u00e5 vinden tog tag rej\u00e4lt i oss men ingen minns en fegis brukar man ju s\u00e4ga. Vi tacklade upp v\u00e5ra flugsp\u00f6n och gav oss ut i stormen. N\u00e4r det bl\u00e5ser s\u00e5 h\u00e4r pass mycket \u00e4r det viktigt att h\u00e5lla bra avst\u00e5nd mellan varandra och framf\u00f6rallt t\u00e4nka p\u00e5 hur det bl\u00e5ser. Man f\u00e5r helt enkelt ta hj\u00e4lp av vinden annars \u00e4r risken att man s\u00e4tter en fluga i nacken eller p\u00e5 polaren och det vill man ju inte. <\/p>\n\n\n\n<figure class=\"wp-block-image size-large\"><img loading=\"lazy\" decoding=\"async\" width=\"956\" height=\"1024\" src=\"https:\/\/blogg.fisheco.se\/flugfiskaren\/wp-content\/uploads\/sites\/3\/2024\/02\/IMG_4440-956x1024.jpg\" alt=\"\" class=\"wp-image-5245\" srcset=\"https:\/\/blogg.fisheco.se\/flugfiskaren\/wp-content\/uploads\/sites\/3\/2024\/02\/IMG_4440-956x1024.jpg 956w, https:\/\/blogg.fisheco.se\/flugfiskaren\/wp-content\/uploads\/sites\/3\/2024\/02\/IMG_4440-280x300.jpg 280w, https:\/\/blogg.fisheco.se\/flugfiskaren\/wp-content\/uploads\/sites\/3\/2024\/02\/IMG_4440-768x823.jpg 768w, https:\/\/blogg.fisheco.se\/flugfiskaren\/wp-content\/uploads\/sites\/3\/2024\/02\/IMG_4440-1434x1536.jpg 1434w, https:\/\/blogg.fisheco.se\/flugfiskaren\/wp-content\/uploads\/sites\/3\/2024\/02\/IMG_4440.jpg 1610w\" sizes=\"auto, (max-width: 956px) 100vw, 956px\" \/><\/figure>\n\n\n\n<p>Det b\u00f6rjar lite tr\u00f6gt f\u00f6r oss och trots bra vindar in i viken s\u00e5 hittar vi ingen fisk. Vi fors\u00e4tter oss upp\u00e5t och ut fr\u00e5n viken och snart s\u00e5 b\u00f6rjar vi hitta fisk. G\u00e4ddorna \u00e4r riktigt p\u00e5 hugget nu och nu har vi ett riktigt kanonfiske. Vi hamnar i en klassisk huggperiod och det k\u00e4nns helt pl\u00f6tsligt som att det st\u00e5r fisk \u00f6verallt. Det \u00e4r inga monsterg\u00e4ddor men flera fiskar runt 75-80 cm och det \u00e4r \u00e4nd\u00e5 kul att se att det finns s\u00e5 pass gott om g\u00e4ddor fortfarande. Alla fiskarna \u00e4r i riktigt bra kondis och efter ca 2 h fiske har vi landat ett tiotal fiskar och vi k\u00e4nner att det b\u00f6rjar bli dags att dra oss hem\u00e5t d\u00e5 vi \u00e4r ordentligt tr\u00f6tta och frusna efter k\u00e4mpat p\u00e5 i stormen.<\/p>\n\n\n\n<figure class=\"wp-block-image size-large\"><img loading=\"lazy\" decoding=\"async\" width=\"1024\" height=\"662\" src=\"https:\/\/blogg.fisheco.se\/flugfiskaren\/wp-content\/uploads\/sites\/3\/2024\/02\/IMG_4460-1024x662.jpg\" alt=\"\" class=\"wp-image-5246\" srcset=\"https:\/\/blogg.fisheco.se\/flugfiskaren\/wp-content\/uploads\/sites\/3\/2024\/02\/IMG_4460-1024x662.jpg 1024w, https:\/\/blogg.fisheco.se\/flugfiskaren\/wp-content\/uploads\/sites\/3\/2024\/02\/IMG_4460-300x194.jpg 300w, https:\/\/blogg.fisheco.se\/flugfiskaren\/wp-content\/uploads\/sites\/3\/2024\/02\/IMG_4460-768x497.jpg 768w, https:\/\/blogg.fisheco.se\/flugfiskaren\/wp-content\/uploads\/sites\/3\/2024\/02\/IMG_4460-464x300.jpg 464w, https:\/\/blogg.fisheco.se\/flugfiskaren\/wp-content\/uploads\/sites\/3\/2024\/02\/IMG_4460.jpg 1517w\" sizes=\"auto, (max-width: 1024px) 100vw, 1024px\" \/><\/figure>\n\n\n\n<p>N\u00e5gra dagar var jag h\u00e4r igen men med b\u00e5t och d\u00e5 var g\u00e4ddorna som &#8221;bortbl\u00e5sta&#8221;. Inte en fisk eller ens en f\u00f6ljare, intressant hur det kan vara s\u00e5dan skillnad \u00e4nd\u00e5. F\u00f6ruts\u00e4ttningarna var i stort sett identiska f\u00f6rutom att g\u00e4ddorna verkade vara n\u00e5gon annanstans. Vill ni kika in v\u00e5r film fr\u00e5n den lyckade turen s\u00e5 har ni den h\u00e4r och gl\u00f6m inte att prenumerera p\u00e5 kanalen. Vi har ocks\u00e5 f\u00e5tt upp en liten shop d\u00e4r man kan hitta lite olika prylar med v\u00e5ra egna tryck, kolla g\u00e4rna in det.<br><strong><a href=\"https:\/\/everyfishcounts.myspreadshop.se\" target=\"_blank\" rel=\"noreferrer noopener\">https:\/\/everyfishcounts.myspreadshop.se<\/a><\/strong><\/p>\n\n\n\n<figure class=\"wp-block-embed is-type-video is-provider-youtube wp-block-embed-youtube wp-embed-aspect-16-9 wp-has-aspect-ratio\"><div class=\"wp-block-embed__wrapper\">\n<iframe loading=\"lazy\" title=\"G\u00e4dda i stormen \/\/\/ First pikefishing in 2024 with tough weather!\" width=\"584\" height=\"329\" src=\"https:\/\/www.youtube.com\/embed\/OlDezvOqk3k?feature=oembed\" frameborder=\"0\" allow=\"accelerometer; autoplay; clipboard-write; encrypted-media; gyroscope; picture-in-picture; web-share\" referrerpolicy=\"strict-origin-when-cross-origin\" allowfullscreen><\/iframe>\n<\/div><\/figure>\n\n\n\n<p>Det riktigt startskottet f\u00f6r \u00e5rets s\u00e4song stundar ocks\u00e5 inom kort, n\u00e4rmare best\u00e4mt den 15 mars i J\u00f6nk\u00f6ping. Sj\u00e4lvklart menar jag <a href=\"https:\/\/www.sportfiskemassan.se\" target=\"_blank\" rel=\"noopener\">Sportfiskem\u00e4ssan 2024<\/a>. Sportfiskem\u00e4ssan d\u00e4r samlas sportfiskefolk fr\u00e5n alla h\u00e5ll och kanter i Sverige, k\u00e4nda profiler, betesbyggare, flugbindare och s\u00e5 kommer ju vi (FishEco) dit. Vi kommer finnas p\u00e5 plats under alla dagar s\u00e5 kom g\u00e4rna fram och snacka lite ! <\/p>\n\n\n\n<figure class=\"wp-block-image size-large\"><img loading=\"lazy\" decoding=\"async\" width=\"1024\" height=\"577\" src=\"https:\/\/blogg.fisheco.se\/flugfiskaren\/wp-content\/uploads\/sites\/3\/2024\/02\/IMG_4455-1024x577.jpg\" alt=\"\" class=\"wp-image-5247\" srcset=\"https:\/\/blogg.fisheco.se\/flugfiskaren\/wp-content\/uploads\/sites\/3\/2024\/02\/IMG_4455-1024x577.jpg 1024w, https:\/\/blogg.fisheco.se\/flugfiskaren\/wp-content\/uploads\/sites\/3\/2024\/02\/IMG_4455-300x169.jpg 300w, https:\/\/blogg.fisheco.se\/flugfiskaren\/wp-content\/uploads\/sites\/3\/2024\/02\/IMG_4455-768x432.jpg 768w, https:\/\/blogg.fisheco.se\/flugfiskaren\/wp-content\/uploads\/sites\/3\/2024\/02\/IMG_4455-1536x865.jpg 1536w, https:\/\/blogg.fisheco.se\/flugfiskaren\/wp-content\/uploads\/sites\/3\/2024\/02\/IMG_4455-500x282.jpg 500w, https:\/\/blogg.fisheco.se\/flugfiskaren\/wp-content\/uploads\/sites\/3\/2024\/02\/IMG_4455.jpg 2000w\" sizes=\"auto, (max-width: 1024px) 100vw, 1024px\" \/><\/figure>\n","protected":false},"excerpt":{"rendered":"<p>Nu b\u00f6rjar det \u00e4ntligen liknar v\u00e5r h\u00e4r nere i syd\u00f6stra Sm\u00e5land. Det har varit ovanligt kallt med mycket sn\u00f6 och is denna vintern, \u00e5tminstone k\u00e4nns det som det. Nu har de flesta isarna sl\u00e4ppt taget och sn\u00f6n \u00e4r borta sedan &hellip; <a href=\"https:\/\/blogg.fisheco.se\/flugfiskaren\/2024\/02\/25\/gaddfiske-4\/\">Forts\u00e4tt l\u00e4sa <span class=\"meta-nav\">&rarr;<\/span><\/a><\/p>\n","protected":false},"author":10,"featured_media":0,"comment_status":"open","ping_status":"open","sticky":false,"template":"","format":"standard","meta":{"footnotes":""},"categories":[72],"tags":[454,198,117,122,157,139,362],"class_list":["post-5242","post","type-post","status-publish","format-standard","hentry","category-gadda","tag-everyfishcounts","tag-fisheco","tag-flugfiskaren-i-smaland","tag-flugfiske","tag-gadda","tag-gaddflugfiske","tag-kalmarsund"],"_links":{"self":[{"href":"https:\/\/blogg.fisheco.se\/flugfiskaren\/wp-json\/wp\/v2\/posts\/5242","targetHints":{"allow":["GET"]}}],"collection":[{"href":"https:\/\/blogg.fisheco.se\/flugfiskaren\/wp-json\/wp\/v2\/posts"}],"about":[{"href":"https:\/\/blogg.fisheco.se\/flugfiskaren\/wp-json\/wp\/v2\/types\/post"}],"author":[{"embeddable":true,"href":"https:\/\/blogg.fisheco.se\/flugfiskaren\/wp-json\/wp\/v2\/users\/10"}],"replies":[{"embeddable":true,"href":"https:\/\/blogg.fisheco.se\/flugfiskaren\/wp-json\/wp\/v2\/comments?post=5242"}],"version-history":[{"count":1,"href":"https:\/\/blogg.fisheco.se\/flugfiskaren\/wp-json\/wp\/v2\/posts\/5242\/revisions"}],"predecessor-version":[{"id":5248,"href":"https:\/\/blogg.fisheco.se\/flugfiskaren\/wp-json\/wp\/v2\/posts\/5242\/revisions\/5248"}],"wp:attachment":[{"href":"https:\/\/blogg.fisheco.se\/flugfiskaren\/wp-json\/wp\/v2\/media?parent=5242"}],"wp:term":[{"taxonomy":"category","embeddable":true,"href":"https:\/\/blogg.fisheco.se\/flugfiskaren\/wp-json\/wp\/v2\/categories?post=5242"},{"taxonomy":"post_tag","embeddable":true,"href":"https:\/\/blogg.fisheco.se\/flugfiskaren\/wp-json\/wp\/v2\/tags?post=5242"}],"curies":[{"name":"wp","href":"https:\/\/api.w.org\/{rel}","templated":true}]}}