{"id":4380,"date":"2021-06-11T17:30:38","date_gmt":"2021-06-11T15:30:38","guid":{"rendered":"http:\/\/www.fisheco.se\/blogg\/flugfiskaren\/?p=4380"},"modified":"2021-06-11T17:30:38","modified_gmt":"2021-06-11T15:30:38","slug":"gaddan-lovlig","status":"publish","type":"post","link":"https:\/\/blogg.fisheco.se\/flugfiskaren\/2021\/06\/11\/gaddan-lovlig\/","title":{"rendered":"G\u00e4ddan lovlig!"},"content":{"rendered":"\n<figure class=\"wp-block-image\"><img loading=\"lazy\" decoding=\"async\" width=\"1024\" height=\"770\" src=\"https:\/\/blogg.fisheco.se\/flugfiskaren\/wp-content\/uploads\/sites\/3\/2021\/06\/image00004-web-1024x770.jpg\" alt=\"\" class=\"wp-image-4411\" srcset=\"https:\/\/blogg.fisheco.se\/flugfiskaren\/wp-content\/uploads\/sites\/3\/2021\/06\/image00004-web-1024x770.jpg 1024w, https:\/\/blogg.fisheco.se\/flugfiskaren\/wp-content\/uploads\/sites\/3\/2021\/06\/image00004-web-300x226.jpg 300w, https:\/\/blogg.fisheco.se\/flugfiskaren\/wp-content\/uploads\/sites\/3\/2021\/06\/image00004-web-768x577.jpg 768w, https:\/\/blogg.fisheco.se\/flugfiskaren\/wp-content\/uploads\/sites\/3\/2021\/06\/image00004-web.jpg 1531w\" sizes=\"auto, (max-width: 1024px) 100vw, 1024px\" \/><\/figure>\n\n\n\n<p>\u00c4ntligen \u00e4r det lovligt att fiska efter g\u00e4dda i Kalmarsund igen. G\u00e4ddf\u00f6rbudet tr\u00e4der i kraft h\u00e4r fr\u00e5n 1 april till sista maj. S\u00e5 n\u00e4r vi v\u00e4nde blad i kalendern till f\u00f6rsta Juni s\u00e5 begavs sig jag och <a rel=\"noreferrer noopener\" aria-label=\"Peter  (opens in a new tab)\" href=\"http:\/\/www.fisheco.se\/blogg\/galgreppet\" target=\"_blank\">Peter <\/a>oss ut p\u00e5 v\u00e5r hemmaplan f\u00f6r att se om vi kunde hitta n\u00e5gra g\u00e4ddor. Det har varit mycket \u00f6ringfiske sista tiden, som sig b\u00f6r under Maj m\u00e5nad. G\u00e4ddfisket \u00e4r verkligen speciellt och s\u00e5 annorlunda gentemot \u00f6ringfisket med l\u00e4tta grejer. G\u00e4ddfisket \u00e4r tunga prylar, stora flugor och ofta tufft v\u00e4der. Var sak har sin charm och jag vet inte vad som \u00e4r roligast men att g\u00e4ddflugfiske \u00e4r f\u00f6rbaskat kul det kan jag skriva under p\u00e5. <\/p>\n\n\n\n<figure class=\"wp-block-image\"><img loading=\"lazy\" decoding=\"async\" width=\"770\" height=\"1024\" src=\"https:\/\/blogg.fisheco.se\/flugfiskaren\/wp-content\/uploads\/sites\/3\/2021\/06\/image00007-web-770x1024.jpg\" alt=\"\" class=\"wp-image-4412\" srcset=\"https:\/\/blogg.fisheco.se\/flugfiskaren\/wp-content\/uploads\/sites\/3\/2021\/06\/image00007-web-770x1024.jpg 770w, https:\/\/blogg.fisheco.se\/flugfiskaren\/wp-content\/uploads\/sites\/3\/2021\/06\/image00007-web-226x300.jpg 226w, https:\/\/blogg.fisheco.se\/flugfiskaren\/wp-content\/uploads\/sites\/3\/2021\/06\/image00007-web-768x1022.jpg 768w, https:\/\/blogg.fisheco.se\/flugfiskaren\/wp-content\/uploads\/sites\/3\/2021\/06\/image00007-web.jpg 1151w\" sizes=\"auto, (max-width: 770px) 100vw, 770px\" \/><\/figure>\n\n\n\n<p>Efter har kryssat oss fram mellan alla s\u00e4lar och ja jag sk\u00e4mtar tyv\u00e4rr inte. Det \u00e4r vansinnigt mycket s\u00e4l i v\u00e5rt omr\u00e5de h\u00e4r och de har f\u00e5tt vara ost\u00f6rda h\u00e4r nu i tv\u00e5 m\u00e5naders tid s\u00e5 de var som vanligt nyfikna och kommer ofta n\u00e4ra b\u00e5ten. Vi lyckas ta oss in i en vik som vi vet brukar h\u00e5lla bra med fisk vid r\u00e4tt f\u00f6rh\u00e5llanden. S\u00e4len h\u00e5ller sig utanf\u00f6r d\u00e5 det \u00e4r v\u00e4ldigt grunt h\u00e4r,  1- 1.5 meters djup och jag tror s\u00e4len undviker att g\u00e5 in s\u00e5 grunt. <\/p>\n\n\n\n<figure class=\"wp-block-image\"><img loading=\"lazy\" decoding=\"async\" width=\"769\" height=\"1024\" src=\"https:\/\/blogg.fisheco.se\/flugfiskaren\/wp-content\/uploads\/sites\/3\/2021\/06\/image00018-web-769x1024.jpg\" alt=\"\" class=\"wp-image-4413\" srcset=\"https:\/\/blogg.fisheco.se\/flugfiskaren\/wp-content\/uploads\/sites\/3\/2021\/06\/image00018-web-769x1024.jpg 769w, https:\/\/blogg.fisheco.se\/flugfiskaren\/wp-content\/uploads\/sites\/3\/2021\/06\/image00018-web-225x300.jpg 225w, https:\/\/blogg.fisheco.se\/flugfiskaren\/wp-content\/uploads\/sites\/3\/2021\/06\/image00018-web-768x1022.jpg 768w, https:\/\/blogg.fisheco.se\/flugfiskaren\/wp-content\/uploads\/sites\/3\/2021\/06\/image00018-web.jpg 1129w\" sizes=\"auto, (max-width: 769px) 100vw, 769px\" \/><\/figure>\n\n\n\n<p>V\u00e4dret var s\u00e5d\u00e4r &#8221;g\u00e4ddigt&#8221; som man vill ha det. Mulet, lagom bl\u00e5sigt och ca 12 grader i luften ingen sommardag direkt trots att vi nu \u00e4r inne i Juni m\u00e5nad. Vinden tryckte p\u00e5 och det bl\u00e5ste rakt in i viken. Peter har ett par fiskar p\u00e5 n\u00e4r vi driver ner\u00e5t och n\u00e4r vi n\u00e4stan n\u00e5tt hela v\u00e4gen in i viken s\u00e5 lossnar det ordentligt. G\u00e4ddorna verkar nedtryckta i \u00e4nden av viken och vi har under en magisk period p\u00e5 och efter fisk i n\u00e4stan varje kast. Peter briljerar och g\u00f6r sk\u00e4l till smeknamnet &#8221;G\u00e4ddkungen&#8221;. Han tar fisk efter fisk och de \u00e4r s\u00e5 att jag b\u00f6rjar fundera p\u00e5 vad han g\u00f6r egentligen som jag inte g\u00f6r. Jag byter fluga fr\u00e5n mina st\u00f6rre flugor till en mindre flashfluga liknande de Peter k\u00f6r med och snart s\u00e5 st\u00e5r jag ocks\u00e5 med sp\u00f6b\u00f6j. Det \u00e4r m\u00e5nga mindre fiskar vi f\u00e5ngar runt 70-80 cm men b\u00e5de jag och Peter lyckas f\u00e5 varsin st\u00f6rre fisk ocks\u00e5 en p\u00e5 87 cm och p\u00e5 90 cm. G\u00e4ddfisket kunde inte b\u00f6rjat b\u00e4ttre och g\u00e4ddorna \u00e4r verkligen h\u00e4ftiga att ta p\u00e5 fluga. Plogar efter flugorna och brutala hugg, ja g\u00e4ddflugfiske \u00e4r verkligen kul! <\/p>\n\n\n\n<figure class=\"wp-block-image\"><img loading=\"lazy\" decoding=\"async\" width=\"769\" height=\"1024\" src=\"https:\/\/blogg.fisheco.se\/flugfiskaren\/wp-content\/uploads\/sites\/3\/2021\/06\/image00014-web-769x1024.jpg\" alt=\"\" class=\"wp-image-4414\" srcset=\"https:\/\/blogg.fisheco.se\/flugfiskaren\/wp-content\/uploads\/sites\/3\/2021\/06\/image00014-web-769x1024.jpg 769w, https:\/\/blogg.fisheco.se\/flugfiskaren\/wp-content\/uploads\/sites\/3\/2021\/06\/image00014-web-225x300.jpg 225w, https:\/\/blogg.fisheco.se\/flugfiskaren\/wp-content\/uploads\/sites\/3\/2021\/06\/image00014-web-768x1022.jpg 768w, https:\/\/blogg.fisheco.se\/flugfiskaren\/wp-content\/uploads\/sites\/3\/2021\/06\/image00014-web.jpg 1129w\" sizes=\"auto, (max-width: 769px) 100vw, 769px\" \/><\/figure>\n\n\n\n<p>N\u00e5gra korta tankar d\u00e5 kring det h\u00e4r g\u00e4ddf\u00f6rbudet som vi har haft i m\u00e5nga \u00e5r nu, det \u00e4r \u00f6ver 10 \u00e5rs tid \u00e5tminstone. Jag \u00e4r absolut f\u00f6r att freda g\u00e4ddan under leken men jag \u00e4r \u00e4nd\u00e5 lite fr\u00e5gande till f\u00f6rbudet. Man har vad jag vet inte gjort n\u00e5gon uppf\u00f6ljning alls p\u00e5 om f\u00f6rbudet g\u00f6r n\u00e5gon skillnad f\u00f6r best\u00e5nden vilket borde vara en sj\u00e4lvklarhet att f\u00f6lja upp. Man s\u00e4tter stopp f\u00f6r fritidsfisket men s\u00e4len och skarven f\u00e5r ist\u00e4llet jaga helt ost\u00f6rt. Yrkesfisket och d\u00e5 t\u00e4nker jag framf\u00f6rallt p\u00e5 stora tr\u00e5lare som kommer n\u00e4rmare land hela tiden f\u00e5r h\u00e4rja fritt utan n\u00e5gra st\u00f6rre begr\u00e4nsningar. De \u00e4r egentligen de som \u00e4r de stora problemet. De t\u00f6mmer i stort sett \u00f6stersj\u00f6n p\u00e5 fisk, Torsken \u00e4r n\u00e4stan borta likas\u00e5 str\u00f6mmingen och detta g\u00f6r att S\u00e4lens f\u00f6da minskar och den kommer naturligt n\u00e4rmare land f\u00f6r att s\u00f6ka annan f\u00f6da som abborre och g\u00e4dda. <\/p>\n\n\n\n<p>S\u00e5 jag kan tycka att f\u00f6rbudet kanske borde vara under en kortare period med uppf\u00f6ljning d\u00e5 jag inte har m\u00e4rkt att best\u00e5ndet \u00f6kat. D\u00e5 har jag fiskat h\u00e4r i hela mitt liv och nog var g\u00e4ddfisket b\u00e4ttre f\u00f6rr. Satsa mer p\u00e5 g\u00e4ddfabriker och nya v\u00e5tmarker. <\/p>\n\n\n\n<p>Hur som helst \u00e4r g\u00e4ddfisket ig\u00e5ng igen och det blir nog ett par turer till i sommar mellan \u00f6ring och regnb\u00e5gspassen. <\/p>\n\n\n\n<figure class=\"wp-block-image\"><img loading=\"lazy\" decoding=\"async\" width=\"1024\" height=\"578\" src=\"https:\/\/blogg.fisheco.se\/flugfiskaren\/wp-content\/uploads\/sites\/3\/2021\/06\/image00013-web-1024x578.jpg\" alt=\"\" class=\"wp-image-4415\" srcset=\"https:\/\/blogg.fisheco.se\/flugfiskaren\/wp-content\/uploads\/sites\/3\/2021\/06\/image00013-web-1024x578.jpg 1024w, https:\/\/blogg.fisheco.se\/flugfiskaren\/wp-content\/uploads\/sites\/3\/2021\/06\/image00013-web-300x169.jpg 300w, https:\/\/blogg.fisheco.se\/flugfiskaren\/wp-content\/uploads\/sites\/3\/2021\/06\/image00013-web-768x434.jpg 768w, https:\/\/blogg.fisheco.se\/flugfiskaren\/wp-content\/uploads\/sites\/3\/2021\/06\/image00013-web.jpg 1286w\" sizes=\"auto, (max-width: 1024px) 100vw, 1024px\" \/><\/figure>\n","protected":false},"excerpt":{"rendered":"<p>\u00c4ntligen \u00e4r det lovligt att fiska efter g\u00e4dda i Kalmarsund igen. G\u00e4ddf\u00f6rbudet tr\u00e4der i kraft h\u00e4r fr\u00e5n 1 april till sista maj. S\u00e5 n\u00e4r vi v\u00e4nde blad i kalendern till f\u00f6rsta Juni s\u00e5 begavs sig jag och Peter oss ut &hellip; <a href=\"https:\/\/blogg.fisheco.se\/flugfiskaren\/2021\/06\/11\/gaddan-lovlig\/\">Forts\u00e4tt l\u00e4sa <span class=\"meta-nav\">&rarr;<\/span><\/a><\/p>\n","protected":false},"author":10,"featured_media":0,"comment_status":"open","ping_status":"open","sticky":false,"template":"","format":"standard","meta":{"footnotes":""},"categories":[72,18,1],"tags":[157,197,139,358,399,362,208],"class_list":["post-4380","post","type-post","status-publish","format-standard","hentry","category-gadda","category-kalmar","category-okategoriserade","tag-gadda","tag-gaddapafluga","tag-gaddflugfiske","tag-gaddforbud","tag-hecht","tag-kalmarsund","tag-pike"],"_links":{"self":[{"href":"https:\/\/blogg.fisheco.se\/flugfiskaren\/wp-json\/wp\/v2\/posts\/4380","targetHints":{"allow":["GET"]}}],"collection":[{"href":"https:\/\/blogg.fisheco.se\/flugfiskaren\/wp-json\/wp\/v2\/posts"}],"about":[{"href":"https:\/\/blogg.fisheco.se\/flugfiskaren\/wp-json\/wp\/v2\/types\/post"}],"author":[{"embeddable":true,"href":"https:\/\/blogg.fisheco.se\/flugfiskaren\/wp-json\/wp\/v2\/users\/10"}],"replies":[{"embeddable":true,"href":"https:\/\/blogg.fisheco.se\/flugfiskaren\/wp-json\/wp\/v2\/comments?post=4380"}],"version-history":[{"count":0,"href":"https:\/\/blogg.fisheco.se\/flugfiskaren\/wp-json\/wp\/v2\/posts\/4380\/revisions"}],"wp:attachment":[{"href":"https:\/\/blogg.fisheco.se\/flugfiskaren\/wp-json\/wp\/v2\/media?parent=4380"}],"wp:term":[{"taxonomy":"category","embeddable":true,"href":"https:\/\/blogg.fisheco.se\/flugfiskaren\/wp-json\/wp\/v2\/categories?post=4380"},{"taxonomy":"post_tag","embeddable":true,"href":"https:\/\/blogg.fisheco.se\/flugfiskaren\/wp-json\/wp\/v2\/tags?post=4380"}],"curies":[{"name":"wp","href":"https:\/\/api.w.org\/{rel}","templated":true}]}}