{"id":4291,"date":"2020-12-23T18:00:52","date_gmt":"2020-12-23T17:00:52","guid":{"rendered":"http:\/\/www.fisheco.se\/blogg\/flugfiskaren\/?p=4291"},"modified":"2020-12-23T18:00:52","modified_gmt":"2020-12-23T17:00:52","slug":"arskronika-2020","status":"publish","type":"post","link":"https:\/\/blogg.fisheco.se\/flugfiskaren\/2020\/12\/23\/arskronika-2020\/","title":{"rendered":"\u00c5rskr\u00f6nika 2020"},"content":{"rendered":"\n<p><strong><em>2020. <\/em><\/strong><br>Ett \u00e5r som verkligen kommer g\u00e5 till historien, oavsett vad man h\u00e5ller p\u00e5 med s\u00e5 kommer man inte kunna att undg\u00e5 att t\u00e4nka p\u00e5 Covid-19. En pandemi som fortfarande p\u00e5g\u00e5r, n\u00e5got som jag aldrig trodde man skulle beh\u00f6va uppleva. Nu \u00e4r tyv\u00e4rr verkligheten s\u00e5dan och \u00e4ven fisket har s\u00e5klart p\u00e5verkats av detta virus. Vi var ju p\u00e5 v\u00e4g till Slovenien detta \u00e5ret, flygbiljetter och allt var klappat och klart. Men sen slog som vi alla vet coronan till. <\/p>\n\n\n\n<figure class=\"wp-block-image\"><img loading=\"lazy\" decoding=\"async\" width=\"1024\" height=\"634\" src=\"https:\/\/blogg.fisheco.se\/flugfiskaren\/wp-content\/uploads\/sites\/3\/2020\/11\/P1000419-1024x634.jpg\" alt=\"\" class=\"wp-image-4263\" srcset=\"https:\/\/blogg.fisheco.se\/flugfiskaren\/wp-content\/uploads\/sites\/3\/2020\/11\/P1000419-1024x634.jpg 1024w, https:\/\/blogg.fisheco.se\/flugfiskaren\/wp-content\/uploads\/sites\/3\/2020\/11\/P1000419-300x186.jpg 300w, https:\/\/blogg.fisheco.se\/flugfiskaren\/wp-content\/uploads\/sites\/3\/2020\/11\/P1000419-768x475.jpg 768w, https:\/\/blogg.fisheco.se\/flugfiskaren\/wp-content\/uploads\/sites\/3\/2020\/11\/P1000419-1536x951.jpg 1536w, https:\/\/blogg.fisheco.se\/flugfiskaren\/wp-content\/uploads\/sites\/3\/2020\/11\/P1000419-2048x1268.jpg 2048w\" sizes=\"auto, (max-width: 1024px) 100vw, 1024px\" \/><\/figure>\n\n\n\n<p>Regnet \u00f6ser ned utanf\u00f6r f\u00f6nstret och jag t\u00e4nker tillbaka lite p\u00e5 det g\u00e5ngna \u00e5ret. Ig\u00e5r var jag ute i &#8221;skitv\u00e4dret&#8221; och fiskade abborre en art som jag lagt mycket tid p\u00e5 i \u00e5r. En annan art som jag lagt \u00e4nnu mer tid p\u00e5 i \u00e5r \u00e4r Regnb\u00e5gen. M\u00e5nga fiskar har f\u00e5ngats tror faktiskt jag passerat 100 st landande detta \u00e5r, vilket \u00e4r helt otroligt f\u00f6r min del. Men jag har haft  ynnesten att f\u00e5tt fiska i fantastiska vatten detta \u00e5r. D\u00e5 har jag \u00e4nd\u00e5 valt bort att \u00e5ka till ett par st\u00e4llen mycket tack vare att jag f\u00f6ljt Folkh\u00e4lsomyndighetens r\u00e5d om att inte resa i on\u00f6dan. Fj\u00e4llen gick ocks\u00e5 bort av denna orsaken. Ist\u00e4llet har tiden lagts p\u00e5 mer n\u00e4rliggande vatten och framf\u00f6rallt regnb\u00e5ge.  <br>Jag har skrivit det f\u00f6rr men jag tycker regnb\u00e5gen \u00e4r en fantastisk sportfisk. Ser d\u00e5 och d\u00e5 folk som skriver att det \u00e4r v\u00e4l inget att fiska p\u00e5 &#8221;tam&#8221; fisk osv men de kan kr\u00e4vas sin list m\u00e5nga g\u00e5nger f\u00f6r att lura upp dem och inte alls s\u00e5 enkelt alla g\u00e5nger som m\u00e5nga kanske tror. S\u00e4rskilt inte p\u00e5 de fiskarna som g\u00e5tt lite l\u00e4ngre i vattnet. <\/p>\n\n\n\n<figure class=\"wp-block-image\"><img loading=\"lazy\" decoding=\"async\" width=\"1024\" height=\"684\" src=\"https:\/\/blogg.fisheco.se\/flugfiskaren\/wp-content\/uploads\/sites\/3\/2020\/09\/DSC_2942-web-1024x684.jpg\" alt=\"\" class=\"wp-image-4207\" srcset=\"https:\/\/blogg.fisheco.se\/flugfiskaren\/wp-content\/uploads\/sites\/3\/2020\/09\/DSC_2942-web-1024x684.jpg 1024w, https:\/\/blogg.fisheco.se\/flugfiskaren\/wp-content\/uploads\/sites\/3\/2020\/09\/DSC_2942-web-300x200.jpg 300w, https:\/\/blogg.fisheco.se\/flugfiskaren\/wp-content\/uploads\/sites\/3\/2020\/09\/DSC_2942-web-768x513.jpg 768w, https:\/\/blogg.fisheco.se\/flugfiskaren\/wp-content\/uploads\/sites\/3\/2020\/09\/DSC_2942-web.jpg 1496w\" sizes=\"auto, (max-width: 1024px) 100vw, 1024px\" \/><\/figure>\n\n\n\n<p>2020 \u00e4r \u00e5ret d\u00e5 m\u00e5nga har b\u00f6rjat uppt\u00e4cka naturen och fisket har blivit v\u00e4ldigt popul\u00e4rt, tror jag l\u00e4ste att fiskekortsf\u00f6rs\u00e4ljningen \u00f6kat med ca 50%. Det \u00e4r ju helt fantastiskt att fler uppt\u00e4cker denna fina hobby och intresset l\u00e4r ju inte svalna under 2021<\/p>\n\n\n\n<figure class=\"wp-block-image\"><img loading=\"lazy\" decoding=\"async\" width=\"1024\" height=\"676\" src=\"https:\/\/blogg.fisheco.se\/flugfiskaren\/wp-content\/uploads\/sites\/3\/2020\/09\/DSC_2955-web-1024x676.jpg\" alt=\"\" class=\"wp-image-4206\" srcset=\"https:\/\/blogg.fisheco.se\/flugfiskaren\/wp-content\/uploads\/sites\/3\/2020\/09\/DSC_2955-web-1024x676.jpg 1024w, https:\/\/blogg.fisheco.se\/flugfiskaren\/wp-content\/uploads\/sites\/3\/2020\/09\/DSC_2955-web-300x198.jpg 300w, https:\/\/blogg.fisheco.se\/flugfiskaren\/wp-content\/uploads\/sites\/3\/2020\/09\/DSC_2955-web-768x507.jpg 768w, https:\/\/blogg.fisheco.se\/flugfiskaren\/wp-content\/uploads\/sites\/3\/2020\/09\/DSC_2955-web.jpg 1449w\" sizes=\"auto, (max-width: 1024px) 100vw, 1024px\" \/><\/figure>\n\n\n\n<p><br><strong><em>Mitt fiske<\/em><\/strong> d\u00e5, ja de kommer inte bli l\u00e4tt att sammanfatta f\u00f6r de har h\u00e4nt s\u00e5 otroligt mycket, faktiskt om man nu kan s\u00e4ga s\u00e5 &#8221;tack&#8221; vare den r\u00e5dande pandemin. Jag har som m\u00e5nga andra i landet blivit permitterad, otroligt tacksam \u00f6ver permittering och inte upps\u00e4gning som m\u00e5nga andra r\u00e5kat ut f\u00f6r, jag lider med dem. Men jag har varit permitterad i stort sett hela \u00e5ret och det har inneburit ca 2 extra &#8221;lediga&#8221; dagar i veckan. Barnen g\u00e5r i skolan och frun jobbar ja d\u00e5 har jag sj\u00e4lvklart lagt st\u00f6rre delen av den lediga tiden p\u00e5 fiske. S\u00e5 detta \u00e5ret har jag nog fiskat mer \u00e4n n\u00e5gonsin. <br>Jag har ocks\u00e5 skrivit flera artiklar f\u00f6r Flugfiske i Norden, faktiskt en artikel i varje nummer detta \u00e5ret, en stor \u00e4ra och n\u00e5got som jag kommer forts\u00e4tta med \u00e4ven under 2021. Det har blivit ett par reportage fisken med fantastiska resultat och flera dr\u00f6mfiskar. Ny arter har uppt\u00e4ckts medan vissa arter har f\u00e5tt mindre tid. Flugor har det sj\u00e4lvklart ocks\u00e5 bundits i massor. <\/p>\n\n\n\n<figure class=\"wp-block-image\"><img loading=\"lazy\" decoding=\"async\" width=\"1024\" height=\"697\" src=\"https:\/\/blogg.fisheco.se\/flugfiskaren\/wp-content\/uploads\/sites\/3\/2020\/11\/DSC_3242-web-1024x697.jpg\" alt=\"\" class=\"wp-image-4219\" srcset=\"https:\/\/blogg.fisheco.se\/flugfiskaren\/wp-content\/uploads\/sites\/3\/2020\/11\/DSC_3242-web-1024x697.jpg 1024w, https:\/\/blogg.fisheco.se\/flugfiskaren\/wp-content\/uploads\/sites\/3\/2020\/11\/DSC_3242-web-300x204.jpg 300w, https:\/\/blogg.fisheco.se\/flugfiskaren\/wp-content\/uploads\/sites\/3\/2020\/11\/DSC_3242-web-768x523.jpg 768w, https:\/\/blogg.fisheco.se\/flugfiskaren\/wp-content\/uploads\/sites\/3\/2020\/11\/DSC_3242-web.jpg 1138w\" sizes=\"auto, (max-width: 1024px) 100vw, 1024px\" \/><\/figure>\n\n\n\n<p>Det som varit tr\u00e5kigt \u00e4r att dr\u00f6mresor har blivit inst\u00e4llda, man har inte \u00e5kt p\u00e5 n\u00e5gra l\u00e4ngre fisketurer och m\u00e4ssorna har inte blivit av. Dock har jag och min familj klarat oss undan det h\u00e4r f\u00f6rbannade viruset vilket jag \u00e4r mycket tacksam \u00f6ver. <\/p>\n\n\n\n<figure class=\"wp-block-image\"><img loading=\"lazy\" decoding=\"async\" width=\"1024\" height=\"546\" src=\"https:\/\/blogg.fisheco.se\/flugfiskaren\/wp-content\/uploads\/sites\/3\/2020\/06\/P1000067-1024x546.jpg\" alt=\"\" class=\"wp-image-4080\" srcset=\"https:\/\/blogg.fisheco.se\/flugfiskaren\/wp-content\/uploads\/sites\/3\/2020\/06\/P1000067-1024x546.jpg 1024w, https:\/\/blogg.fisheco.se\/flugfiskaren\/wp-content\/uploads\/sites\/3\/2020\/06\/P1000067-300x160.jpg 300w, https:\/\/blogg.fisheco.se\/flugfiskaren\/wp-content\/uploads\/sites\/3\/2020\/06\/P1000067-768x410.jpg 768w, https:\/\/blogg.fisheco.se\/flugfiskaren\/wp-content\/uploads\/sites\/3\/2020\/06\/P1000067.jpg 1425w\" sizes=\"auto, (max-width: 1024px) 100vw, 1024px\" \/><\/figure>\n\n\n\n<p><strong><em>Hur b\u00f6rjade fiske\u00e5ret f\u00f6r mig d\u00e5?<\/em><\/strong> <br>Det b\u00f6rjade tidigt med g\u00e4ddfiske och h\u00f6gvatten som resulterade i bra g\u00e4ddfiske, inga stora men f\u00f6rsta g\u00e4ddan f\u00f6r \u00e5ret \u00e4r alltid trevligt. Under de lite kallare m\u00e5naderna februari och mars bands det mycket flugor och jag minns att g\u00e4ddfisket innan f\u00f6rbudet h\u00e4r som intr\u00e4der den 1:a april var riktigt d\u00e5ligt. <\/p>\n\n\n\n<figure class=\"wp-block-image\"><img loading=\"lazy\" decoding=\"async\" width=\"1024\" height=\"692\" src=\"https:\/\/blogg.fisheco.se\/flugfiskaren\/wp-content\/uploads\/sites\/3\/2020\/01\/web-1024x692.jpg\" alt=\"\" class=\"wp-image-3851\" srcset=\"https:\/\/blogg.fisheco.se\/flugfiskaren\/wp-content\/uploads\/sites\/3\/2020\/01\/web-1024x692.jpg 1024w, https:\/\/blogg.fisheco.se\/flugfiskaren\/wp-content\/uploads\/sites\/3\/2020\/01\/web-300x203.jpg 300w, https:\/\/blogg.fisheco.se\/flugfiskaren\/wp-content\/uploads\/sites\/3\/2020\/01\/web-768x519.jpg 768w, https:\/\/blogg.fisheco.se\/flugfiskaren\/wp-content\/uploads\/sites\/3\/2020\/01\/web.jpg 1222w\" sizes=\"auto, (max-width: 1024px) 100vw, 1024px\" \/><\/figure>\n\n\n\n<p>I April m\u00e5nad b\u00f6rjade det h\u00e4nda grejer. Jag blev inbjuden till Kosta f\u00f6r att g\u00f6ra reportage och f\u00e5 testa fisket i deras nya regi,<a rel=\"noreferrer noopener\" aria-label=\" Kosta Lodge (opens in a new tab)\" href=\"https:\/\/kostalodge.se\" target=\"_blank\"> Kosta Lodge<\/a>. Jag tog med mig min gode v\u00e4n Peter Svensson (<a rel=\"noreferrer noopener\" aria-label=\"G\u00e4lgreppet (opens in a new tab)\" href=\"http:\/\/www.fisheco.se\/blogg\/galgreppet\/\" target=\"_blank\">G\u00e4lgreppet<\/a>) och vi skulle testa fisket i <a href=\"http:\/\/www.fisheco.se\/blogg\/flugfiskaren\/2020\/04\/01\/regnbage-i-glasriket-kosta\/\" target=\"_blank\" rel=\"noreferrer noopener\" aria-label=\"Vitg\u00f6l (opens in a new tab)\">Vitg\u00f6l<\/a>. Jag tror knappast n\u00e5gon av oss har haft ett b\u00e4ttre regnb\u00e5gsfiske \u00e4n det vi hade denna dag. De var dubbelhugg, stora fiskar, god mat och m\u00e4ngder med fisk. Totalt landade vi \u00f6ver 50 st regnb\u00e5gar denna dag.<\/p>\n\n\n\n<figure class=\"wp-block-image\"><img loading=\"lazy\" decoding=\"async\" width=\"1024\" height=\"768\" src=\"https:\/\/blogg.fisheco.se\/flugfiskaren\/wp-content\/uploads\/sites\/3\/2020\/04\/90774891_296954117935801_2209230271100747776_n-1024x768.jpg\" alt=\"\" class=\"wp-image-3909\" srcset=\"https:\/\/blogg.fisheco.se\/flugfiskaren\/wp-content\/uploads\/sites\/3\/2020\/04\/90774891_296954117935801_2209230271100747776_n-1024x768.jpg 1024w, https:\/\/blogg.fisheco.se\/flugfiskaren\/wp-content\/uploads\/sites\/3\/2020\/04\/90774891_296954117935801_2209230271100747776_n-300x225.jpg 300w, https:\/\/blogg.fisheco.se\/flugfiskaren\/wp-content\/uploads\/sites\/3\/2020\/04\/90774891_296954117935801_2209230271100747776_n-768x576.jpg 768w, https:\/\/blogg.fisheco.se\/flugfiskaren\/wp-content\/uploads\/sites\/3\/2020\/04\/90774891_296954117935801_2209230271100747776_n-1536x1152.jpg 1536w, https:\/\/blogg.fisheco.se\/flugfiskaren\/wp-content\/uploads\/sites\/3\/2020\/04\/90774891_296954117935801_2209230271100747776_n.jpg 2048w\" sizes=\"auto, (max-width: 1024px) 100vw, 1024px\" \/><\/figure>\n\n\n\n<p>Fisket var en succ\u00e9 och vi skulle snart \u00e5terv\u00e4nda till <a rel=\"noreferrer noopener\" aria-label=\"Kosta (opens in a new tab)\" href=\"https:\/\/kostalodge.se\" target=\"_blank\">Kosta<\/a> f\u00f6r att testa fisket fr\u00e5n b\u00e5t i deras sj\u00f6 <a href=\"http:\/\/www.fisheco.se\/blogg\/flugfiskaren\/2020\/04\/23\/djupgol\/\" target=\"_blank\" rel=\"noreferrer noopener\" aria-label=\"Djupg\u00f6l. (opens in a new tab)\">Djupg\u00f6l.<\/a> Till en b\u00f6rjan hade vi lite sv\u00e5rt att hitta fisk men n\u00e4r vi v\u00e4l hade gjort de s\u00e5 hade vi \u00e4ven h\u00e4r ett riktigt fint fiske. April \u00e4r ocks\u00e5 m\u00e5naden f\u00f6r premi\u00e4rfisket i <a rel=\"noreferrer noopener\" aria-label=\"Alster\u00e5n (opens in a new tab)\" href=\"http:\/\/www.alsteran.com\" target=\"_blank\">Alster\u00e5n<\/a> och den vill man ju s\u00e5klart inte missa. <\/p>\n\n\n\n<figure class=\"wp-block-image\"><img loading=\"lazy\" decoding=\"async\" width=\"1024\" height=\"514\" src=\"https:\/\/blogg.fisheco.se\/flugfiskaren\/wp-content\/uploads\/sites\/3\/2020\/03\/DSC_0845-1024x514.jpg\" alt=\"\" class=\"wp-image-3902\" srcset=\"https:\/\/blogg.fisheco.se\/flugfiskaren\/wp-content\/uploads\/sites\/3\/2020\/03\/DSC_0845-1024x514.jpg 1024w, https:\/\/blogg.fisheco.se\/flugfiskaren\/wp-content\/uploads\/sites\/3\/2020\/03\/DSC_0845-300x151.jpg 300w, https:\/\/blogg.fisheco.se\/flugfiskaren\/wp-content\/uploads\/sites\/3\/2020\/03\/DSC_0845-768x386.jpg 768w, https:\/\/blogg.fisheco.se\/flugfiskaren\/wp-content\/uploads\/sites\/3\/2020\/03\/DSC_0845-1536x772.jpg 1536w, https:\/\/blogg.fisheco.se\/flugfiskaren\/wp-content\/uploads\/sites\/3\/2020\/03\/DSC_0845-2048x1029.jpg 2048w\" sizes=\"auto, (max-width: 1024px) 100vw, 1024px\" \/><\/figure>\n\n\n\n<p>Maj fortsatte \u00e4ven den i ett rasande tempo, det bands massor med Danica flugor inf\u00f6r kommande kl\u00e4ckningar. Jag var \u00f6ver till \u00d6land f\u00f6r att fiska efter den d\u00e4r f\u00f6rbannade <a rel=\"noreferrer noopener\" aria-label=\"havs\u00f6ringen (opens in a new tab)\" href=\"http:\/\/www.fisheco.se\/blogg\/flugfiskaren\/2020\/05\/23\/den-dar-havsoringen\/\" target=\"_blank\">havs\u00f6ringen<\/a> som verkar h\u00e5na mig, att de skall vara s\u00e5 f\u00f6rtvivlat sv\u00e5rt att f\u00e5 en p\u00e5 fluga. Denna g\u00e5ngen var jag \u00f6ver f\u00f6r att fiska tillsammans med Peter och en riktig expert p\u00e5 havs\u00f6ring. William Kernchen som driver <a href=\"https:\/\/www.bopensionat.se\/seatroutadventures\/\" target=\"_blank\" rel=\"noreferrer noopener\" aria-label=\"Seatroutguides  (opens in a new tab)\">Seatroutguides <\/a>p\u00e5 \u00f6n skulle guida oss och visa n\u00e5gra smultronst\u00e4llen. Men den enda bomrundan han har under hela v\u00e5ren, jo den \u00e4r vi med p\u00e5. Vi tar snart revansch ! <\/p>\n\n\n\n<figure class=\"wp-block-image\"><img loading=\"lazy\" decoding=\"async\" width=\"1024\" height=\"632\" src=\"https:\/\/blogg.fisheco.se\/flugfiskaren\/wp-content\/uploads\/sites\/3\/2020\/05\/DSC_1303-1024x632.jpg\" alt=\"\" class=\"wp-image-4067\" srcset=\"https:\/\/blogg.fisheco.se\/flugfiskaren\/wp-content\/uploads\/sites\/3\/2020\/05\/DSC_1303-1024x632.jpg 1024w, https:\/\/blogg.fisheco.se\/flugfiskaren\/wp-content\/uploads\/sites\/3\/2020\/05\/DSC_1303-300x185.jpg 300w, https:\/\/blogg.fisheco.se\/flugfiskaren\/wp-content\/uploads\/sites\/3\/2020\/05\/DSC_1303-768x474.jpg 768w, https:\/\/blogg.fisheco.se\/flugfiskaren\/wp-content\/uploads\/sites\/3\/2020\/05\/DSC_1303-1536x947.jpg 1536w, https:\/\/blogg.fisheco.se\/flugfiskaren\/wp-content\/uploads\/sites\/3\/2020\/05\/DSC_1303.jpg 1696w\" sizes=\"auto, (max-width: 1024px) 100vw, 1024px\" \/><\/figure>\n\n\n\n<p>I maj var det ocks\u00e5 dags f\u00f6r \u00e5rets <a href=\"http:\/\/www.fisheco.se\/blogg\/flugfiskaren\/2020\/05\/17\/gaddfabriken-2020\/\" target=\"_blank\" rel=\"noreferrer noopener\" aria-label=\"&quot;g\u00e4ddutsl\u00e4pp&quot; (opens in a new tab)\">&#8221;g\u00e4ddutsl\u00e4pp&#8221;<\/a>. Vi t\u00f6mmer v\u00e5r g\u00e4ddfabrik p\u00e5 vatten, sl\u00e4pper ut de yngel som blivit och r\u00e4knar dem. Det \u00e4r alltid med stor sp\u00e4nning som detta g\u00f6rs s\u00e5 \u00e4ven detta \u00e5ret. Just detta \u00e5ret betydde det lite extra d\u00e5 jag har lagt m\u00e5nga timmar vid g\u00e4ddfabriken detta \u00e5r med all sk\u00f6tsel som den kr\u00e4ver. Betydligt mer \u00e4n tidigare d\u00e5 jag haft en helt annan m\u00f6jlighet detta \u00e5ret pga permitteringen. N\u00e4stan varje g\u00e5ng har jag haft med mig n\u00e5gon av barnen eller b\u00e5da och det har varit roligt att se deras intresse f\u00f6r g\u00e4ddfabriken ocks\u00e5, fiskev\u00e5rd n\u00e4r den \u00e4r som b\u00e4st. Jag har skrivit m\u00e5nga g\u00e5nger om den h\u00e4r g\u00e4ddfabriken men det som \u00e4r unikt i v\u00e5r g\u00e4ddfabrik \u00e4r att vi sl\u00e4pper ut dem n\u00e4r de hunnit bli ca 6-8 cm vilket betyder att de har goda chanser att \u00f6verleva i det fria och slipper bli f\u00f6da \u00e5t spiggen. Vi fick ett helt fantastiskt resultat, det b\u00e4sta n\u00e5gonsin faktiskt och de var s\u00e5 m\u00e5nga att vi inte hann med att r\u00e4kna alla yngel men vi uppskattar det till n\u00e4stan 10 000 g\u00e4ddyngel. <\/p>\n\n\n\n<figure class=\"wp-block-image\"><img loading=\"lazy\" decoding=\"async\" width=\"868\" height=\"1024\" src=\"https:\/\/blogg.fisheco.se\/flugfiskaren\/wp-content\/uploads\/sites\/3\/2020\/05\/IMG_20200515_203607-868x1024.jpg\" alt=\"\" class=\"wp-image-4040\" srcset=\"https:\/\/blogg.fisheco.se\/flugfiskaren\/wp-content\/uploads\/sites\/3\/2020\/05\/IMG_20200515_203607-868x1024.jpg 868w, https:\/\/blogg.fisheco.se\/flugfiskaren\/wp-content\/uploads\/sites\/3\/2020\/05\/IMG_20200515_203607-254x300.jpg 254w, https:\/\/blogg.fisheco.se\/flugfiskaren\/wp-content\/uploads\/sites\/3\/2020\/05\/IMG_20200515_203607-768x906.jpg 768w, https:\/\/blogg.fisheco.se\/flugfiskaren\/wp-content\/uploads\/sites\/3\/2020\/05\/IMG_20200515_203607.jpg 1027w\" sizes=\"auto, (max-width: 868px) 100vw, 868px\" \/><\/figure>\n\n\n\n<p>I slutet av maj var jag och Peter tillbaka vid Alster\u00e5n f\u00f6r att testa lite nya str\u00e4ckor, jag som trodde jag hade koll p\u00e5 alla st\u00e4llen men inte d\u00e5. Johan som \u00e4ger <a href=\"http:\/\/www.vidingegard.com\" target=\"_blank\" rel=\"noopener\">Vidinge G\u00e5rd<\/a> tillsammans med Eva-Lena guidade oss till lite mer outforskade str\u00e4ckor. Det var verkligen fina str\u00e4ckor och jag kunde landa \u00e5rets f\u00f6rsta \u00f6ring i <a href=\"http:\/\/www.alsteran.com\" target=\"_blank\" rel=\"noopener\">Alster\u00e5n<\/a> denna g\u00e5ng. <\/p>\n\n\n\n<figure class=\"wp-block-image\"><img loading=\"lazy\" decoding=\"async\" width=\"1024\" height=\"576\" src=\"https:\/\/blogg.fisheco.se\/flugfiskaren\/wp-content\/uploads\/sites\/3\/2020\/05\/received_232685314632775-1024x576.jpeg\" alt=\"\" class=\"wp-image-4069\" srcset=\"https:\/\/blogg.fisheco.se\/flugfiskaren\/wp-content\/uploads\/sites\/3\/2020\/05\/received_232685314632775-1024x576.jpeg 1024w, https:\/\/blogg.fisheco.se\/flugfiskaren\/wp-content\/uploads\/sites\/3\/2020\/05\/received_232685314632775-300x169.jpeg 300w, https:\/\/blogg.fisheco.se\/flugfiskaren\/wp-content\/uploads\/sites\/3\/2020\/05\/received_232685314632775-768x432.jpeg 768w, https:\/\/blogg.fisheco.se\/flugfiskaren\/wp-content\/uploads\/sites\/3\/2020\/05\/received_232685314632775-1536x864.jpeg 1536w, https:\/\/blogg.fisheco.se\/flugfiskaren\/wp-content\/uploads\/sites\/3\/2020\/05\/received_232685314632775-2048x1152.jpeg 2048w\" sizes=\"auto, (max-width: 1024px) 100vw, 1024px\" \/><\/figure>\n\n\n\n<p>Men maj m\u00e5nad var inte \u00f6ver \u00e4n och jag skulle g\u00f6ra ett reportage vid Norrefors n\u00e4r danican kl\u00e4cker. Jag fick ett samtal fr\u00e5n Tommy p\u00e5 <a rel=\"noreferrer noopener\" aria-label=\"Camp Mayfly (opens in a new tab)\" href=\"https:\/\/www.bondemolla.se\" target=\"_blank\">Camp Mayfly<\/a> som sa att nu ska du nog snart hit, de kl\u00e4cker n\u00e4r som. Sagt och gjort en fredag efter jobbet, slutade tidigt och Peter som jag bj\u00f6d mer h\u00e4mtade upp mig. Vi kom \u00f6verens om att denna dag skulle vi ta dem p\u00e5 torrfluga, de var &#8221;All-in&#8221; p\u00e5 torrt som g\u00e4llde. N\u00e4stan direkt n\u00e4r vi kommer ner till vattnet s\u00e5 kan vi se att det dansar fullt med stora insekter i luften och snart landar de p\u00e5 vattnet. Danica en helt galen kl\u00e4ckning av Danicor n\u00e5got jag aldrig tidigare upplevt. Peter och jag har ett helt vansinnigt torrflugefiske och fiskarna kastar sig \u00f6ver v\u00e5ra relativt stora flugor som skall imitera en Danica givetvis. F\u00f6r att toppa den h\u00e4r dagen s\u00e5 lyckas jag f\u00e5nga en riktig dr\u00f6mfisk. En \u00f6ring p\u00e5 ca 4 kg, f\u00f6rmodligen den vackraste fisk jag n\u00e5gonsin f\u00e5ngat, det g\u00e5r inte riktigt att f\u00f6rmedla i ord gl\u00e4djen \u00f6ver denna fisk. Jag f\u00e5r senare h\u00f6ra att denna fisk sattes in f\u00f6r flera \u00e5r sedan och v\u00e4gde d\u00e5 runt 3 kg och hade aldrig tidigare f\u00e5ngats. Att sedan f\u00e5 dela denna dagen med en s\u00e5dan god v\u00e4n som Peter, ja de kunde knappats bli en b\u00e4ttre fiskedag. En dag jag kommer t\u00e4nka tillbaka p\u00e5 m\u00e5nga g\u00e5nger under vinterm\u00f6rkret. <\/p>\n\n\n\n<figure class=\"wp-block-image\"><img loading=\"lazy\" decoding=\"async\" width=\"1024\" height=\"586\" src=\"https:\/\/blogg.fisheco.se\/flugfiskaren\/wp-content\/uploads\/sites\/3\/2020\/06\/DSC_1356-1024x586.jpg\" alt=\"\" class=\"wp-image-4075\" srcset=\"https:\/\/blogg.fisheco.se\/flugfiskaren\/wp-content\/uploads\/sites\/3\/2020\/06\/DSC_1356-1024x586.jpg 1024w, https:\/\/blogg.fisheco.se\/flugfiskaren\/wp-content\/uploads\/sites\/3\/2020\/06\/DSC_1356-300x172.jpg 300w, https:\/\/blogg.fisheco.se\/flugfiskaren\/wp-content\/uploads\/sites\/3\/2020\/06\/DSC_1356-768x439.jpg 768w, https:\/\/blogg.fisheco.se\/flugfiskaren\/wp-content\/uploads\/sites\/3\/2020\/06\/DSC_1356.jpg 1405w\" sizes=\"auto, (max-width: 1024px) 100vw, 1024px\" \/><\/figure>\n\n\n\n<p>I juni d\u00e5 var jag tillbaka i Kosta tillsammans med familjen, vi fiskade i barndammarna och min dotter Siri fick visa vad hon kan och landade flera regnb\u00e5gar helt p\u00e5 egen hand. Det v\u00e4rmer i en flugfiskepappas hj\u00e4rta. <br>Jag uppt\u00e4ckte ocks\u00e5 ett f\u00f6r mig nytt vatten, eller jag k\u00e4nde till det men det har aldrig blivit av att jag testat det.<\/p>\n\n\n\n<figure class=\"wp-block-image\"><img loading=\"lazy\" decoding=\"async\" width=\"811\" height=\"1024\" src=\"https:\/\/blogg.fisheco.se\/flugfiskaren\/wp-content\/uploads\/sites\/3\/2020\/04\/IMG_20200410_164501-811x1024.jpg\" alt=\"\" class=\"wp-image-3963\" srcset=\"https:\/\/blogg.fisheco.se\/flugfiskaren\/wp-content\/uploads\/sites\/3\/2020\/04\/IMG_20200410_164501-811x1024.jpg 811w, https:\/\/blogg.fisheco.se\/flugfiskaren\/wp-content\/uploads\/sites\/3\/2020\/04\/IMG_20200410_164501-237x300.jpg 237w, https:\/\/blogg.fisheco.se\/flugfiskaren\/wp-content\/uploads\/sites\/3\/2020\/04\/IMG_20200410_164501-768x970.jpg 768w, https:\/\/blogg.fisheco.se\/flugfiskaren\/wp-content\/uploads\/sites\/3\/2020\/04\/IMG_20200410_164501.jpg 1022w\" sizes=\"auto, (max-width: 811px) 100vw, 811px\" \/><\/figure>\n\n\n\n<p>\u00c4ven denna g\u00e5ng hade jag familjen med mig och vi k\u00f6rde djupt in i skogen, parkerade bilen p\u00e5 en liten bergh\u00e4ll och promenerade ner\u00e5t tills vi n\u00e5dde en liten \u00e5. <a rel=\"noreferrer noopener\" aria-label=\"Alster\u00e5n (opens in a new tab)\" href=\"http:\/\/fiskeochfritidiblomstermala.se\" target=\"_blank\">Alster\u00e5n<\/a> fast en annan del av Alster\u00e5n d\u00e4r det simmar regnb\u00e5ge. Vi var p\u00e5 flugfiskestr\u00e4ckan och jag fiskade tillsammans med Siri medan frun och sonen vandrade uppstr\u00f6ms. Otroligt fin liten \u00e5 med gott om st\u00e5ndplatser, men de fick v\u00e4nta till en annan g\u00e5ng n\u00e4r vadarbyxorna var med. Jag hittade dock en fisk som stod bakom en sten i str\u00f6mmen, jag kastade l\u00e4nge och v\u00e4l p\u00e5 den innan den till slut tog min fluga. Fighten var dramatisk och jag blev ordentligt bl\u00f6t p\u00e5 kuppen men det var de v\u00e4rt. En otroligt vacker regnb\u00e5ge kunde landas. <\/p>\n\n\n\n<figure class=\"wp-block-image\"><img loading=\"lazy\" decoding=\"async\" width=\"768\" height=\"1024\" src=\"https:\/\/blogg.fisheco.se\/flugfiskaren\/wp-content\/uploads\/sites\/3\/2020\/06\/IMG_20200614_143014-01-768x1024.jpg\" alt=\"\" class=\"wp-image-4131\" srcset=\"https:\/\/blogg.fisheco.se\/flugfiskaren\/wp-content\/uploads\/sites\/3\/2020\/06\/IMG_20200614_143014-01-768x1024.jpg 768w, https:\/\/blogg.fisheco.se\/flugfiskaren\/wp-content\/uploads\/sites\/3\/2020\/06\/IMG_20200614_143014-01-225x300.jpg 225w, https:\/\/blogg.fisheco.se\/flugfiskaren\/wp-content\/uploads\/sites\/3\/2020\/06\/IMG_20200614_143014-01.jpg 1086w\" sizes=\"auto, (max-width: 768px) 100vw, 768px\" \/><\/figure>\n\n\n\n<p>I Juli var det dags f\u00f6r \u00e5terbes\u00f6k i <a href=\"http:\/\/www.fisheco.se\/blogg\/flugfiskaren\/2020\/07\/01\/regnbage-i-strommande-vatten\/\" target=\"_blank\" rel=\"noreferrer noopener\" aria-label=\"regnb\u00e5gsstr\u00f6mmen (opens in a new tab)\">regnb\u00e5gsstr\u00f6mmen<\/a> tillsammans med min v\u00e4n och den grymt duktiga nymffiskaren Jonas Olsson. Han hade heller inte fiskat h\u00e4r tidigare. Det tog inte l\u00e5ng tid innan han krokat f\u00f6rsta regnb\u00e5gen f\u00f6r dagen i en av de mer strida str\u00f6mmarna. Han har en f\u00f6rm\u00e5ga att hitta fisk och det \u00e4r alltid l\u00e4rorikt att fiska med Jonas, n\u00e5got jag har l\u00e4rt mig \u00e4r att inte bara g\u00e5 f\u00f6rbi de h\u00e4r snabba str\u00f6mmarna de \u00e4r inte alls ovanligt att de h\u00e5ller en fisk eller tv\u00e5. Vi har en kanondag i str\u00f6mmen och f\u00e5ngar m\u00e5nga fiskar denna dag. Nymffisket regerar och det \u00e4r fantastiskt kul och effektivt att nymfa i str\u00f6mmarna. Det \u00e4r inga j\u00e4ttefiskar, regnb\u00e5gar p\u00e5 max 2 kg men alla i toppkondition och med hela fina fenor. <\/p>\n\n\n\n<figure class=\"wp-block-image\"><img loading=\"lazy\" decoding=\"async\" width=\"683\" height=\"1024\" src=\"https:\/\/blogg.fisheco.se\/flugfiskaren\/wp-content\/uploads\/sites\/3\/2020\/06\/trout2-683x1024.jpg\" alt=\"\" class=\"wp-image-4143\" srcset=\"https:\/\/blogg.fisheco.se\/flugfiskaren\/wp-content\/uploads\/sites\/3\/2020\/06\/trout2-683x1024.jpg 683w, https:\/\/blogg.fisheco.se\/flugfiskaren\/wp-content\/uploads\/sites\/3\/2020\/06\/trout2-200x300.jpg 200w, https:\/\/blogg.fisheco.se\/flugfiskaren\/wp-content\/uploads\/sites\/3\/2020\/06\/trout2-768x1151.jpg 768w, https:\/\/blogg.fisheco.se\/flugfiskaren\/wp-content\/uploads\/sites\/3\/2020\/06\/trout2-1025x1536.jpg 1025w, https:\/\/blogg.fisheco.se\/flugfiskaren\/wp-content\/uploads\/sites\/3\/2020\/06\/trout2.jpg 1170w\" sizes=\"auto, (max-width: 683px) 100vw, 683px\" \/><\/figure>\n\n\n\n<p>I Augusti var jag tillbaka vid ett av mina favoritvatten, <a href=\"https:\/\/www.norrbystrommen.se\" target=\"_blank\" rel=\"noreferrer noopener\" aria-label=\"Norrbystr\u00f6mmen (opens in a new tab)\">Norrbystr\u00f6mmen<\/a>. Kristallklart vatten och mycket fisk. Jag var h\u00e4r tillsammans med min far och vi prickade in en av de varmaste dagarna denna sommaren vilket gjorde fisket riktigt sv\u00e5rt. Vi s\u00e5g massor med fisk men de var inte l\u00e4ttlurade, jag lyckades till slut kn\u00e4cka koden och de var sm\u00e5flugor som fick dem till att hugga. Pheasant tail i storlek 18 fiskade b\u00e4st men n\u00e4r man v\u00e4l f\u00e5tt dem till att hugga s\u00e5 skulle man f\u00f6rs\u00f6ka landa dem ocks\u00e5 vilket inte \u00e4r helt l\u00e4tt heller med dessa godst\u00e5g till regnb\u00e5gar. Tv\u00e5 fiskar fick till slut syna h\u00e5ven och de var h\u00e4rligt att vara vid Norrbystr\u00f6mmen igen. <\/p>\n\n\n\n<figure class=\"wp-block-image\"><img loading=\"lazy\" decoding=\"async\" width=\"1024\" height=\"685\" src=\"https:\/\/blogg.fisheco.se\/flugfiskaren\/wp-content\/uploads\/sites\/3\/2020\/08\/DSC_2806-web-1024x685.jpg\" alt=\"\" class=\"wp-image-4178\" srcset=\"https:\/\/blogg.fisheco.se\/flugfiskaren\/wp-content\/uploads\/sites\/3\/2020\/08\/DSC_2806-web-1024x685.jpg 1024w, https:\/\/blogg.fisheco.se\/flugfiskaren\/wp-content\/uploads\/sites\/3\/2020\/08\/DSC_2806-web-300x201.jpg 300w, https:\/\/blogg.fisheco.se\/flugfiskaren\/wp-content\/uploads\/sites\/3\/2020\/08\/DSC_2806-web-768x514.jpg 768w, https:\/\/blogg.fisheco.se\/flugfiskaren\/wp-content\/uploads\/sites\/3\/2020\/08\/DSC_2806-web.jpg 1356w\" sizes=\"auto, (max-width: 1024px) 100vw, 1024px\" \/><\/figure>\n\n\n\n<p>Det blev \u00e5terigen ett bes\u00f6k till regnb\u00e5garna i <a rel=\"noreferrer noopener\" aria-label=\"Alster\u00e5n (opens in a new tab)\" href=\"http:\/\/www.fisheco.se\/blogg\/flugfiskaren\/2020\/08\/05\/borre-och-regnbage\/\" target=\"_blank\">Alster\u00e5n<\/a> denna m\u00e5naden, denna g\u00e5ngen tillsammans med Peter och hans son Filip. Vattentemperaturen var ok nu efter lite regn men d\u00e4remot hade vattenniv\u00e5n sjunkit rej\u00e4lt sedan jag och Jonas var h\u00e4r. Det var v\u00e4ldigt sv\u00e5rfiskat och alla st\u00e5ndplatser som vi fiskade av tidigare fanns inte kvar l\u00e4ngre. Abborren var d\u00e4remot p\u00e5 hugget och vi landade massor med borrar. Jag fick upp en riktig gammal n\u00e4stan silverf\u00e4rgad abborre p\u00e5 dryga kilot vilket \u00e4r en superfin bonusfisk. Sedan i ett av de sista kasten lyckas jag lura upp en regnb\u00e5ge i str\u00f6mmarna och det blev dagens enda regnb\u00e5ge. <\/p>\n\n\n\n<figure class=\"wp-block-image\"><img loading=\"lazy\" decoding=\"async\" width=\"1024\" height=\"576\" src=\"https:\/\/blogg.fisheco.se\/flugfiskaren\/wp-content\/uploads\/sites\/3\/2020\/08\/P1000214-1024x576.jpg\" alt=\"\" class=\"wp-image-4160\" srcset=\"https:\/\/blogg.fisheco.se\/flugfiskaren\/wp-content\/uploads\/sites\/3\/2020\/08\/P1000214-1024x576.jpg 1024w, https:\/\/blogg.fisheco.se\/flugfiskaren\/wp-content\/uploads\/sites\/3\/2020\/08\/P1000214-300x169.jpg 300w, https:\/\/blogg.fisheco.se\/flugfiskaren\/wp-content\/uploads\/sites\/3\/2020\/08\/P1000214-768x432.jpg 768w, https:\/\/blogg.fisheco.se\/flugfiskaren\/wp-content\/uploads\/sites\/3\/2020\/08\/P1000214-1536x864.jpg 1536w, https:\/\/blogg.fisheco.se\/flugfiskaren\/wp-content\/uploads\/sites\/3\/2020\/08\/P1000214-2048x1152.jpg 2048w\" sizes=\"auto, (max-width: 1024px) 100vw, 1024px\" \/><\/figure>\n\n\n\n<p>Eftersom fiskeresorna norr\u00f6ver st\u00e4lldes in f\u00f6r min del pga pandemin s\u00e5 la jag en hel del tid p\u00e5 <a rel=\"noreferrer noopener\" aria-label=\"abborrfisket (opens in a new tab)\" href=\"http:\/\/www.fisheco.se\/blogg\/flugfiskaren\/2020\/09\/06\/sommarabborre\/\" target=\"_blank\">abborrfisket<\/a> ist\u00e4llet. Jag fiskade tillsammans med Eric och Richard Thunberg som \u00e4r tv\u00e5 rutinerade abborrefiskare och goda v\u00e4nner. Jag har l\u00e4rt mig massor om s\u00f6kandet efter abborren och hur de beter sig, mycket som \u00f6verraskat mig faktiskt. Flera fina fiskar har det blivit och nog f\u00f6r att jag saknade fiske efter harr och \u00f6ring s\u00e5 hj\u00e4lpte abborrarna till med att g\u00f6ra den saknaden lite mindre. <\/p>\n\n\n\n<figure class=\"wp-block-image\"><img loading=\"lazy\" decoding=\"async\" width=\"1024\" height=\"655\" src=\"https:\/\/blogg.fisheco.se\/flugfiskaren\/wp-content\/uploads\/sites\/3\/2020\/09\/DSC_1793-1-1024x655.jpg\" alt=\"\" class=\"wp-image-4191\" srcset=\"https:\/\/blogg.fisheco.se\/flugfiskaren\/wp-content\/uploads\/sites\/3\/2020\/09\/DSC_1793-1-1024x655.jpg 1024w, https:\/\/blogg.fisheco.se\/flugfiskaren\/wp-content\/uploads\/sites\/3\/2020\/09\/DSC_1793-1-300x192.jpg 300w, https:\/\/blogg.fisheco.se\/flugfiskaren\/wp-content\/uploads\/sites\/3\/2020\/09\/DSC_1793-1-768x491.jpg 768w, https:\/\/blogg.fisheco.se\/flugfiskaren\/wp-content\/uploads\/sites\/3\/2020\/09\/DSC_1793-1-1536x983.jpg 1536w, https:\/\/blogg.fisheco.se\/flugfiskaren\/wp-content\/uploads\/sites\/3\/2020\/09\/DSC_1793-1-2048x1310.jpg 2048w\" sizes=\"auto, (max-width: 1024px) 100vw, 1024px\" \/><\/figure>\n\n\n\n<p>I September s\u00e5 var jag \u00e5terigen i <a href=\"http:\/\/www.fisheco.se\/blogg\/flugfiskaren\/2020\/09\/29\/baltak-2\/\" target=\"_blank\" rel=\"noreferrer noopener\" aria-label=\"Baltak, (opens in a new tab)\">Baltak,<\/a> denna g\u00e5ngen var Peter med som gjorde sitt f\u00f6rsta fiskepass h\u00e4r. Tyv\u00e4rr prickade vi in en dag med v\u00e4ldigt l\u00e5gt fl\u00f6de och fisket blev sv\u00e5rt. Jag lyckades dock lura n\u00e5gra fiskar och en riktigt fin regnb\u00e5ge p\u00e5 ca 3 kg i absolut toppkondition. Fantastisk fisk med otroligt fina f\u00e4rger och fenor. F\u00f6rmodligen hade den st\u00e5tt i \u00e5n v\u00e4ldigt l\u00e4nge d\u00e5 den hade ett s\u00e5nt d\u00e4r &#8221;f\u00f6rvildat&#8221; utseende. <\/p>\n\n\n\n<figure class=\"wp-block-image\"><img loading=\"lazy\" decoding=\"async\" width=\"1024\" height=\"485\" src=\"https:\/\/blogg.fisheco.se\/flugfiskaren\/wp-content\/uploads\/sites\/3\/2020\/09\/DSC_2926-1024x485.jpg\" alt=\"\" class=\"wp-image-4198\" srcset=\"https:\/\/blogg.fisheco.se\/flugfiskaren\/wp-content\/uploads\/sites\/3\/2020\/09\/DSC_2926-1024x485.jpg 1024w, https:\/\/blogg.fisheco.se\/flugfiskaren\/wp-content\/uploads\/sites\/3\/2020\/09\/DSC_2926-300x142.jpg 300w, https:\/\/blogg.fisheco.se\/flugfiskaren\/wp-content\/uploads\/sites\/3\/2020\/09\/DSC_2926-768x364.jpg 768w, https:\/\/blogg.fisheco.se\/flugfiskaren\/wp-content\/uploads\/sites\/3\/2020\/09\/DSC_2926-1536x728.jpg 1536w, https:\/\/blogg.fisheco.se\/flugfiskaren\/wp-content\/uploads\/sites\/3\/2020\/09\/DSC_2926.jpg 1845w\" sizes=\"auto, (max-width: 1024px) 100vw, 1024px\" \/><\/figure>\n\n\n\n<p>Under oktober och november m\u00e5nad blev det flera fina fiskar och framf\u00f6rallt tv\u00e5 st som stack ut. <\/p>\n\n\n\n<figure class=\"wp-block-image\"><img loading=\"lazy\" decoding=\"async\" width=\"1024\" height=\"564\" src=\"https:\/\/blogg.fisheco.se\/flugfiskaren\/wp-content\/uploads\/sites\/3\/2020\/11\/DSC_3074-1024x564.jpg\" alt=\"\" class=\"wp-image-4242\" srcset=\"https:\/\/blogg.fisheco.se\/flugfiskaren\/wp-content\/uploads\/sites\/3\/2020\/11\/DSC_3074-1024x564.jpg 1024w, https:\/\/blogg.fisheco.se\/flugfiskaren\/wp-content\/uploads\/sites\/3\/2020\/11\/DSC_3074-300x165.jpg 300w, https:\/\/blogg.fisheco.se\/flugfiskaren\/wp-content\/uploads\/sites\/3\/2020\/11\/DSC_3074-768x423.jpg 768w, https:\/\/blogg.fisheco.se\/flugfiskaren\/wp-content\/uploads\/sites\/3\/2020\/11\/DSC_3074-1536x845.jpg 1536w, https:\/\/blogg.fisheco.se\/flugfiskaren\/wp-content\/uploads\/sites\/3\/2020\/11\/DSC_3074.jpg 1924w\" sizes=\"auto, (max-width: 1024px) 100vw, 1024px\" \/><\/figure>\n\n\n\n<p>Jag fortsatte med min <a rel=\"noreferrer noopener\" aria-label=\"abborresatsning (opens in a new tab)\" href=\"http:\/\/www.fisheco.se\/blogg\/flugfiskaren\/2020\/11\/07\/tidigt-hostfiske-efter-abborre\/\" target=\"_blank\">abborresatsning<\/a> och h\u00f6stfisket visade sig vara mer effektivt med fluga och stundtals hade jag ett fantastiskt abborrefiske med flera fina fiskar. Abborrarna \u00e4r ju k\u00e4nda f\u00f6r att kunna bli riktigt stora h\u00e4r nere och det \u00e4r m\u00e5nga som s\u00f6ker dem. Det \u00e4r dock inte bara att \u00e5ka ut och h\u00e4mta dem, mycket n\u00f6tande och lokalk\u00e4nnedom \u00e4r viktiga ingredienser. Till slut kunde \u00e4ven jag landa en riktig dr\u00f6mfisk p\u00e5 exakt 1800 gr. Mitt \u00f6ver 10 \u00e5r gamla rekord p\u00e5 1600 gr som egentligen var en slumpfisk var nu slaget. H\u00e4rligt n\u00e4r tiden man l\u00e4gger ned ger utdelning. <\/p>\n\n\n\n<figure class=\"wp-block-image\"><img loading=\"lazy\" decoding=\"async\" width=\"1024\" height=\"683\" src=\"https:\/\/blogg.fisheco.se\/flugfiskaren\/wp-content\/uploads\/sites\/3\/2020\/12\/DSC_2882web-1024x683.jpg\" alt=\"\" class=\"wp-image-4298\" srcset=\"https:\/\/blogg.fisheco.se\/flugfiskaren\/wp-content\/uploads\/sites\/3\/2020\/12\/DSC_2882web-1024x683.jpg 1024w, https:\/\/blogg.fisheco.se\/flugfiskaren\/wp-content\/uploads\/sites\/3\/2020\/12\/DSC_2882web-300x200.jpg 300w, https:\/\/blogg.fisheco.se\/flugfiskaren\/wp-content\/uploads\/sites\/3\/2020\/12\/DSC_2882web-768x512.jpg 768w, https:\/\/blogg.fisheco.se\/flugfiskaren\/wp-content\/uploads\/sites\/3\/2020\/12\/DSC_2882web.jpg 1034w\" sizes=\"auto, (max-width: 1024px) 100vw, 1024px\" \/><\/figure>\n\n\n\n<p>I slutet av oktober anordnades som vanligt <a href=\"http:\/\/www.fisheco.se\/blogg\/flugfiskaren\/2020\/11\/03\/bergkvara-gaddfestival-2020\/\" target=\"_blank\" rel=\"noreferrer noopener\" aria-label=\"Bergkvara G\u00e4ddfestival (opens in a new tab)\">Bergkvara G\u00e4ddfestival<\/a>. Jag deltog i Team Fisheco Sm\u00e5land tillsammans med Peter och min kusin Tommy. Vi hade en kanondag med stundtals fantastiskt fiske, m\u00e5nga skratt och god mat. Vi lyckades landa p\u00e5 en totall\u00e4ngd p\u00e5 436 cm p\u00e5 fem fiskar och i normala fall hade det r\u00e4ckt till seger. Vi fick dock se oss besegrade med 6 cm av Team Fishyfish och det \u00e4r bara att gratulera dem, grymt fiskat. Gl\u00e4djande var dock att jag f\u00f6rsvarade min titel fr\u00e5n f\u00f6rra \u00e5ret och vann \u00e5terigen priset f\u00f6r den l\u00e4ngsta flugf\u00e5ngade g\u00e4ddan. En fin fisk p\u00e5 90 cm och dessutom vann Peter priset f\u00f6r l\u00e4ngsta g\u00e4ddan under t\u00e4vlingen med en fisk p\u00e5 95 cm. <\/p>\n\n\n\n<figure class=\"wp-block-image\"><img loading=\"lazy\" decoding=\"async\" width=\"820\" height=\"1024\" src=\"https:\/\/blogg.fisheco.se\/flugfiskaren\/wp-content\/uploads\/sites\/3\/2020\/11\/123333254_526795108284868_7261866376048383718_n-1-820x1024.jpg\" alt=\"\" class=\"wp-image-4235\" srcset=\"https:\/\/blogg.fisheco.se\/flugfiskaren\/wp-content\/uploads\/sites\/3\/2020\/11\/123333254_526795108284868_7261866376048383718_n-1-820x1024.jpg 820w, https:\/\/blogg.fisheco.se\/flugfiskaren\/wp-content\/uploads\/sites\/3\/2020\/11\/123333254_526795108284868_7261866376048383718_n-1-240x300.jpg 240w, https:\/\/blogg.fisheco.se\/flugfiskaren\/wp-content\/uploads\/sites\/3\/2020\/11\/123333254_526795108284868_7261866376048383718_n-1-768x960.jpg 768w, https:\/\/blogg.fisheco.se\/flugfiskaren\/wp-content\/uploads\/sites\/3\/2020\/11\/123333254_526795108284868_7261866376048383718_n-1-1229x1536.jpg 1229w, https:\/\/blogg.fisheco.se\/flugfiskaren\/wp-content\/uploads\/sites\/3\/2020\/11\/123333254_526795108284868_7261866376048383718_n-1.jpg 1639w\" sizes=\"auto, (max-width: 820px) 100vw, 820px\" \/><\/figure>\n\n\n\n<p>I December har de inte hunnit bli s\u00e5 mycket fiske \u00e4nnu. Eller det gjordes ett sista f\u00f6rs\u00f6k p\u00e5 abborre f\u00f6r detta \u00e5ret och det blev en till slut, ingen j\u00e4tte men en fin abborre. Under det passet kunde jag dock landa en fin g\u00e4dda och en riktigt fin bonusfisk i form av en Id p\u00e5 n\u00e4rmare 3 pannor. Innan \u00e5ret \u00e4r slut hoppas jag p\u00e5 n\u00e5gon g\u00e4ddtur till, kanske ett f\u00f6rs\u00f6k till havs\u00f6ring p\u00e5 \u00d6land och ev regnb\u00e5gsfiske. Vi f\u00e5 se vad tiden r\u00e4cker till. <\/p>\n\n\n\n<figure class=\"wp-block-image\"><img loading=\"lazy\" decoding=\"async\" width=\"960\" height=\"721\" src=\"https:\/\/blogg.fisheco.se\/flugfiskaren\/wp-content\/uploads\/sites\/3\/2020\/12\/131286135_1900220823463070_9001330009773068652_n.jpg\" alt=\"\" class=\"wp-image-4299\" srcset=\"https:\/\/blogg.fisheco.se\/flugfiskaren\/wp-content\/uploads\/sites\/3\/2020\/12\/131286135_1900220823463070_9001330009773068652_n.jpg 960w, https:\/\/blogg.fisheco.se\/flugfiskaren\/wp-content\/uploads\/sites\/3\/2020\/12\/131286135_1900220823463070_9001330009773068652_n-300x225.jpg 300w, https:\/\/blogg.fisheco.se\/flugfiskaren\/wp-content\/uploads\/sites\/3\/2020\/12\/131286135_1900220823463070_9001330009773068652_n-768x577.jpg 768w\" sizes=\"auto, (max-width: 960px) 100vw, 960px\" \/><\/figure>\n\n\n\n<p>2020 har verkligen varit ett skit\u00e5r p\u00e5 m\u00e5nga vis men ur fiskesynpunkt f\u00e5r man nog vara mer \u00e4n n\u00f6jd. G\u00e4ddan kan nog ha f\u00e5tt mindre tid \u00e4n vanligt, men abborren desto mer. Regnb\u00e5gsfisket har varit helt galet egentligen. M\u00e5nga \u00f6ringar har det inte blivit men en riktig dr\u00f6mfisk vilket r\u00e4cker mer \u00e4n v\u00e4l. M\u00e5nga nya kontakter har knutits detta \u00e5ret och 2021 ser sp\u00e4nnande ut. Vi f\u00e5r hoppas att det h\u00e4r skitviruset ger med sig och v\u00e4rlden b\u00f6rjar \u00e5terg\u00e5 lite mer till det normala ocks\u00e5. N\u00e5gra utlandsresor r\u00e4knar jag inte med 2021 men f\u00f6rhoppning finns f\u00f6r en resa upp\u00e5t landet \u00e5tminstone. <\/p>\n\n\n\n<figure class=\"wp-block-image\"><img loading=\"lazy\" decoding=\"async\" width=\"654\" height=\"1024\" src=\"https:\/\/blogg.fisheco.se\/flugfiskaren\/wp-content\/uploads\/sites\/3\/2020\/11\/123422823_689550868361149_142887142089026099_n-654x1024.jpg\" alt=\"\" class=\"wp-image-4233\" srcset=\"https:\/\/blogg.fisheco.se\/flugfiskaren\/wp-content\/uploads\/sites\/3\/2020\/11\/123422823_689550868361149_142887142089026099_n-654x1024.jpg 654w, https:\/\/blogg.fisheco.se\/flugfiskaren\/wp-content\/uploads\/sites\/3\/2020\/11\/123422823_689550868361149_142887142089026099_n-192x300.jpg 192w, https:\/\/blogg.fisheco.se\/flugfiskaren\/wp-content\/uploads\/sites\/3\/2020\/11\/123422823_689550868361149_142887142089026099_n-768x1203.jpg 768w, https:\/\/blogg.fisheco.se\/flugfiskaren\/wp-content\/uploads\/sites\/3\/2020\/11\/123422823_689550868361149_142887142089026099_n-981x1536.jpg 981w, https:\/\/blogg.fisheco.se\/flugfiskaren\/wp-content\/uploads\/sites\/3\/2020\/11\/123422823_689550868361149_142887142089026099_n.jpg 1041w\" sizes=\"auto, (max-width: 654px) 100vw, 654px\" \/><\/figure>\n\n\n\n<p>M\u00e5nga artiklar \u00e4r redan klara och spikade f\u00f6r n\u00e4sta \u00e5r och arbetet med <a rel=\"noreferrer noopener\" aria-label=\"Flugfiske i Norden (opens in a new tab)\" href=\"http:\/\/flugfiskeinorden.se\" target=\"_blank\">Flugfiske i Norden<\/a> forts\u00e4tter. Jag forts\u00e4tter ocks\u00e5 mitt samarbete med Vision och jag k\u00e4nner mig verkligen privilegierad som f\u00e5 detta f\u00f6rtroende fr\u00e5n dem. Mycket annat \u00e4r p\u00e5 g\u00e5ng och det skall bli sp\u00e4nnande vad dessa projekt kommer leda till. Min gode v\u00e4n Peter och jag kommer ocks\u00e5 forts\u00e4tta v\u00e5rt arbete med v\u00e5r youtube kanal<a href=\"https:\/\/www.youtube.com\/channel\/UCTLuzRy3fAxmQO5Uru0wa4g\" target=\"_blank\" rel=\"noreferrer noopener\" aria-label=\" &quot;Every Fish Counts&quot; (opens in a new tab)\"> &#8221;Every Fish Counts&#8221;<\/a> och f\u00f6rhoppningsvis dyker det upp en hel del nytt d\u00e4r med under 2021. <\/p>\n\n\n\n<figure class=\"wp-block-image\"><img loading=\"lazy\" decoding=\"async\" width=\"1024\" height=\"576\" src=\"https:\/\/blogg.fisheco.se\/flugfiskaren\/wp-content\/uploads\/sites\/3\/2020\/09\/P1000283-web-1024x576.jpg\" alt=\"\" class=\"wp-image-4209\" srcset=\"https:\/\/blogg.fisheco.se\/flugfiskaren\/wp-content\/uploads\/sites\/3\/2020\/09\/P1000283-web-1024x576.jpg 1024w, https:\/\/blogg.fisheco.se\/flugfiskaren\/wp-content\/uploads\/sites\/3\/2020\/09\/P1000283-web-300x169.jpg 300w, https:\/\/blogg.fisheco.se\/flugfiskaren\/wp-content\/uploads\/sites\/3\/2020\/09\/P1000283-web-768x432.jpg 768w, https:\/\/blogg.fisheco.se\/flugfiskaren\/wp-content\/uploads\/sites\/3\/2020\/09\/P1000283-web.jpg 1292w\" sizes=\"auto, (max-width: 1024px) 100vw, 1024px\" \/><\/figure>\n\n\n\n<p>F\u00f6rr brukade jag alltid s\u00e4tta upp m\u00e5l om vad jag hoppades uppn\u00e5 inf\u00f6r kommande \u00e5r men det har jag slutat med nu, ett som alltid brukade vara med \u00e4r att ta en havs\u00f6ring p\u00e5 fluga men det verkar ju vara l\u00f6gn i helsike. Nej jag \u00e4r glad \u00f6ver att bara f\u00e5 komma ut och fiska och g\u00f6ra det jag \u00e4lskar. Att ha folk som tror p\u00e5 mig och gillar det jag g\u00f6r det tackar jag \u00f6dmjukast f\u00f6r. <\/p>\n\n\n\n<figure class=\"wp-block-image\"><img loading=\"lazy\" decoding=\"async\" width=\"1024\" height=\"683\" src=\"https:\/\/blogg.fisheco.se\/flugfiskaren\/wp-content\/uploads\/sites\/3\/2020\/06\/DSC_1353-1024x683.jpg\" alt=\"\" class=\"wp-image-4083\" srcset=\"https:\/\/blogg.fisheco.se\/flugfiskaren\/wp-content\/uploads\/sites\/3\/2020\/06\/DSC_1353-1024x683.jpg 1024w, https:\/\/blogg.fisheco.se\/flugfiskaren\/wp-content\/uploads\/sites\/3\/2020\/06\/DSC_1353-300x200.jpg 300w, https:\/\/blogg.fisheco.se\/flugfiskaren\/wp-content\/uploads\/sites\/3\/2020\/06\/DSC_1353-768x512.jpg 768w, https:\/\/blogg.fisheco.se\/flugfiskaren\/wp-content\/uploads\/sites\/3\/2020\/06\/DSC_1353-1536x1025.jpg 1536w, https:\/\/blogg.fisheco.se\/flugfiskaren\/wp-content\/uploads\/sites\/3\/2020\/06\/DSC_1353.jpg 2016w\" sizes=\"auto, (max-width: 1024px) 100vw, 1024px\" \/><\/figure>\n\n\n\n<p>Statistik d\u00e4remot \u00e4r n\u00e5got jag \u00e4lskar som en gammal sportn\u00f6rd som man \u00e4r. S\u00e5 h\u00e4r kommer lite statistik fr\u00e5n bloggen <br>Totalt har jag skrivit 33 inl\u00e4gg under 2020 och det har blivit 25632 ord (detta inl\u00e4gget \u00e4r ej medr\u00e4knat) <br>Totalt \u00f6ver 80 000 sidvisningar ! Helt galet. Stort tack f\u00f6r det! <br>Den popul\u00e4raste sidan \u00e4r <a rel=\"noreferrer noopener\" aria-label=\"&quot;Flugfiskeskolan&quot; (opens in a new tab)\" href=\"http:\/\/www.fisheco.se\/blogg\/flugfiskaren\/flugfiskeskolan-bra-att-veta-och-tips\/\" target=\"_blank\">&#8221;Flugfiskeskolan&#8221;<\/a> och mina mest l\u00e4sta inl\u00e4gg \u00e4r <a rel=\"noreferrer noopener\" aria-label=\"&quot;Put and take vatten&quot; (opens in a new tab)\" href=\"http:\/\/www.fisheco.se\/blogg\/flugfiskaren\/2020\/08\/09\/put-and-take-vatten\/\" target=\"_blank\">&#8221;Put and take vatten&#8221;<\/a> och <a href=\"http:\/\/www.fisheco.se\/blogg\/flugfiskaren\/2020\/04\/01\/regnbage-i-glasriket-kosta\/\" target=\"_blank\" rel=\"noopener\">regnb\u00e5gsfiske i Kosta<\/a>. Totalt f\u00f6ljer 451 st bloggen med notifikationer. <\/p>\n\n\n\n<figure class=\"wp-block-image\"><img loading=\"lazy\" decoding=\"async\" width=\"777\" height=\"1024\" src=\"https:\/\/blogg.fisheco.se\/flugfiskaren\/wp-content\/uploads\/sites\/3\/2020\/02\/IMG_20200125_092623-01-777x1024.jpg\" alt=\"\" class=\"wp-image-3859\" srcset=\"https:\/\/blogg.fisheco.se\/flugfiskaren\/wp-content\/uploads\/sites\/3\/2020\/02\/IMG_20200125_092623-01-777x1024.jpg 777w, https:\/\/blogg.fisheco.se\/flugfiskaren\/wp-content\/uploads\/sites\/3\/2020\/02\/IMG_20200125_092623-01-228x300.jpg 228w, https:\/\/blogg.fisheco.se\/flugfiskaren\/wp-content\/uploads\/sites\/3\/2020\/02\/IMG_20200125_092623-01-768x1012.jpg 768w, https:\/\/blogg.fisheco.se\/flugfiskaren\/wp-content\/uploads\/sites\/3\/2020\/02\/IMG_20200125_092623-01.jpg 977w\" sizes=\"auto, (max-width: 777px) 100vw, 777px\" \/><\/figure>\n\n\n\n<p>Tack till er som orkat er igenom hela min \u00e5rskr\u00f6nika.<br>Framf\u00f6rallt stort tack till alla er som l\u00e4ser, kommentera, st\u00e4ller fr\u00e5gor och f\u00f6ljer mig p\u00e5 bloggen och sociala medier. <br>Ett extra stort tack till <em>Niklaus Bauer <\/em>och g\u00e4nget p\u00e5 Flydressing, <em>Lasse Hallstr\u00f6m<\/em> p\u00e5 Flugfiske i Norden, <em>Tommy Svensson <\/em>p\u00e5 Camp Mayfly, <em>John K\u00e4llstr\u00f6m<\/em> p\u00e5 Kosta Lodge och<em> Jan Ohlsson<\/em> p\u00e5 Fisheco. Tack till mina fiskekamrater under alla pass och lite extra tack till <em>Tommy Olsson, Eric Thunberg, Richard Thunberg<\/em> och framf\u00f6rallt <em>Peter Svensson <\/em>f\u00f6r alla h\u00e4rliga fisketimmar. Hoppas p\u00e5 m\u00e5nga till under 2021. <br><br>Men framf\u00f6rallt tack till min familj och min fantastiska fru som st\u00e5r ut med mitt eviga fisket\u00e4nk och alla tidiga morgnar som jag gett mig iv\u00e4g f\u00f6r att fiska, tack f\u00f6r att du st\u00f6ttar mig.  <br><br><strong>Hoppas ni alla f\u00e5r en riktigt God Jul<\/strong><\/p>\n","protected":false},"excerpt":{"rendered":"<p>2020. Ett \u00e5r som verkligen kommer g\u00e5 till historien, oavsett vad man h\u00e5ller p\u00e5 med s\u00e5 kommer man inte kunna att undg\u00e5 att t\u00e4nka p\u00e5 Covid-19. En pandemi som fortfarande p\u00e5g\u00e5r, n\u00e5got som jag aldrig trodde man skulle beh\u00f6va uppleva. &hellip; <a href=\"https:\/\/blogg.fisheco.se\/flugfiskaren\/2020\/12\/23\/arskronika-2020\/\">Forts\u00e4tt l\u00e4sa <span class=\"meta-nav\">&rarr;<\/span><\/a><\/p>\n","protected":false},"author":10,"featured_media":0,"comment_status":"open","ping_status":"open","sticky":false,"template":"","format":"standard","meta":{"footnotes":""},"categories":[282],"tags":[304,428,429,117,121,122,430,157,129],"class_list":["post-4291","post","type-post","status-publish","format-standard","hentry","category-arskronika","tag-abborre","tag-atskronika","tag-fiske2021","tag-flugfiskaren-i-smaland","tag-flugfiskarenismaland","tag-flugfiske","tag-flugfiske-i-norden","tag-gadda","tag-regnbage"],"_links":{"self":[{"href":"https:\/\/blogg.fisheco.se\/flugfiskaren\/wp-json\/wp\/v2\/posts\/4291","targetHints":{"allow":["GET"]}}],"collection":[{"href":"https:\/\/blogg.fisheco.se\/flugfiskaren\/wp-json\/wp\/v2\/posts"}],"about":[{"href":"https:\/\/blogg.fisheco.se\/flugfiskaren\/wp-json\/wp\/v2\/types\/post"}],"author":[{"embeddable":true,"href":"https:\/\/blogg.fisheco.se\/flugfiskaren\/wp-json\/wp\/v2\/users\/10"}],"replies":[{"embeddable":true,"href":"https:\/\/blogg.fisheco.se\/flugfiskaren\/wp-json\/wp\/v2\/comments?post=4291"}],"version-history":[{"count":0,"href":"https:\/\/blogg.fisheco.se\/flugfiskaren\/wp-json\/wp\/v2\/posts\/4291\/revisions"}],"wp:attachment":[{"href":"https:\/\/blogg.fisheco.se\/flugfiskaren\/wp-json\/wp\/v2\/media?parent=4291"}],"wp:term":[{"taxonomy":"category","embeddable":true,"href":"https:\/\/blogg.fisheco.se\/flugfiskaren\/wp-json\/wp\/v2\/categories?post=4291"},{"taxonomy":"post_tag","embeddable":true,"href":"https:\/\/blogg.fisheco.se\/flugfiskaren\/wp-json\/wp\/v2\/tags?post=4291"}],"curies":[{"name":"wp","href":"https:\/\/api.w.org\/{rel}","templated":true}]}}