{"id":3844,"date":"2019-12-23T08:00:51","date_gmt":"2019-12-23T07:00:51","guid":{"rendered":"http:\/\/www.fisheco.se\/blogg\/flugfiskaren\/?p=3844"},"modified":"2019-12-23T08:00:51","modified_gmt":"2019-12-23T07:00:51","slug":"arskronika-2019","status":"publish","type":"post","link":"https:\/\/blogg.fisheco.se\/flugfiskaren\/2019\/12\/23\/arskronika-2019\/","title":{"rendered":"\u00c5rskr\u00f6nika 2019"},"content":{"rendered":"\n<p>S\u00e5 g\u00e5r \u00e4nnu ett \u00e5r mot sitt slut. Det har varit ett h\u00e4ndelserikt \u00e5r p\u00e5 m\u00e5nga vis, sj\u00e4lvklart hade man hoppats p\u00e5 mer fisketid och fler st\u00f6rre fiskar men det g\u00f6r man v\u00e4l alltid. Jag har skrivit det f\u00f6rr men det fina med att inte ha m\u00f6jlighet att komma ut och fiska lika mycket som man gjorde f\u00f6rr i tiden \u00e4r att man l\u00e4r sig att uppskatta tiden vid vattnet p\u00e5 ett annat s\u00e4tt. <\/p>\n\n\n\n<figure class=\"wp-block-image\"><img loading=\"lazy\" decoding=\"async\" width=\"1024\" height=\"647\" src=\"https:\/\/blogg.fisheco.se\/flugfiskaren\/wp-content\/uploads\/sites\/3\/2019\/07\/DSC_0112-1024x647.jpg\" alt=\"\" class=\"wp-image-3757\" srcset=\"https:\/\/blogg.fisheco.se\/flugfiskaren\/wp-content\/uploads\/sites\/3\/2019\/07\/DSC_0112-1024x647.jpg 1024w, https:\/\/blogg.fisheco.se\/flugfiskaren\/wp-content\/uploads\/sites\/3\/2019\/07\/DSC_0112-300x190.jpg 300w, https:\/\/blogg.fisheco.se\/flugfiskaren\/wp-content\/uploads\/sites\/3\/2019\/07\/DSC_0112-768x485.jpg 768w, https:\/\/blogg.fisheco.se\/flugfiskaren\/wp-content\/uploads\/sites\/3\/2019\/07\/DSC_0112.jpg 1116w\" sizes=\"auto, (max-width: 1024px) 100vw, 1024px\" \/><\/figure>\n\n\n\n<p>I dagens samh\u00e4lle n\u00e4r allt skall g\u00e5 s\u00e5 snabbt som m\u00f6jligt och tiden r\u00e4cker allt som oftast inte till. D\u00e5 \u00e4r det extra sk\u00f6nt att bara pausa och ge sig ut till vattnet med sitt sp\u00f6 och bara &#8221;vara&#8221;, det l\u00e5ter nog som en klyscha men man gl\u00f6mmer allt annat f\u00f6r en stund och fisket blir som en sorts meditation. Jag \u00e4r en person som oftast har v\u00e4ldigt m\u00e5nga &#8221;bollar&#8221; i luften samtidigt ibland kan det n\u00e4stan bli lite v\u00e4l mycket och fisket hj\u00e4lper mig mycket att hantera stressen i vardagen mycket. F\u00f6r n\u00e4r man v\u00e4l st\u00e5r d\u00e4r vid vattnet s\u00e5 kan man sl\u00e4ppa allt annat f\u00f6r ett \u00f6gonblick och bara njuta av nuet. Det \u00e4r mycket det fiske handlar om f\u00f6r mig.    <\/p>\n\n\n\n<figure class=\"wp-block-image\"><img loading=\"lazy\" decoding=\"async\" width=\"1024\" height=\"563\" src=\"https:\/\/blogg.fisheco.se\/flugfiskaren\/wp-content\/uploads\/sites\/3\/2019\/06\/DSC_9926-web-1024x563.jpg\" alt=\"\" class=\"wp-image-3718\" srcset=\"https:\/\/blogg.fisheco.se\/flugfiskaren\/wp-content\/uploads\/sites\/3\/2019\/06\/DSC_9926-web-1024x563.jpg 1024w, https:\/\/blogg.fisheco.se\/flugfiskaren\/wp-content\/uploads\/sites\/3\/2019\/06\/DSC_9926-web-300x165.jpg 300w, https:\/\/blogg.fisheco.se\/flugfiskaren\/wp-content\/uploads\/sites\/3\/2019\/06\/DSC_9926-web-768x422.jpg 768w, https:\/\/blogg.fisheco.se\/flugfiskaren\/wp-content\/uploads\/sites\/3\/2019\/06\/DSC_9926-web.jpg 1111w\" sizes=\"auto, (max-width: 1024px) 100vw, 1024px\" \/><\/figure>\n\n\n\n<p>Inga PB:n spr\u00e4ckta eller nya arter att skryta med men de har \u00e4nd\u00e5 varit ett h\u00e4ndelserikt \u00e5r p\u00e5 m\u00e5nga s\u00e4tt. Jag kan med stolthet skryta lite med att jag numera skriver frekvent f\u00f6r den anrika tidningen <a href=\"http:\/\/www.flugfiskeinorden.se\" target=\"_blank\" rel=\"noopener\">Flugfiske i Norden<\/a>. Detta \u00e5ret har jag f\u00e5tt 3 st artiklar publicerade och till f\u00f6rsta numret 2020 kommer det ytterligare en artikel denna g\u00e5ng om nymffiske. Att f\u00e5 skriva f\u00f6r en tidning som jag l\u00e4st och l\u00e4ser k\u00e4nns n\u00e4stan lite overkligt och att f\u00e5 m\u00f6jligheten att inspirera andra flugfiskare d\u00e4r ute och kanske hj\u00e4lpa dem lite med sitt fiske k\u00e4nns verkligen roligt och inspierande.  Mitt samarbete med <a href=\"http:\/\/www.visionflyfishing.com\" target=\"_blank\" rel=\"noopener\">Vision<\/a> och <a href=\"http:\/\/www.flydressing.se\" target=\"_blank\" rel=\"noopener\">Flydressing<\/a> forts\u00e4tter n\u00e5got som jag ocks\u00e5 \u00e4r fantastiskt glad och stolt \u00f6ver  <\/p>\n\n\n\n<figure class=\"wp-block-image\"><img loading=\"lazy\" decoding=\"async\" width=\"1024\" height=\"685\" src=\"https:\/\/blogg.fisheco.se\/flugfiskaren\/wp-content\/uploads\/sites\/3\/2019\/09\/IMG_20190921_184843-01-1024x685.jpg\" alt=\"\" class=\"wp-image-3775\" srcset=\"https:\/\/blogg.fisheco.se\/flugfiskaren\/wp-content\/uploads\/sites\/3\/2019\/09\/IMG_20190921_184843-01-1024x685.jpg 1024w, https:\/\/blogg.fisheco.se\/flugfiskaren\/wp-content\/uploads\/sites\/3\/2019\/09\/IMG_20190921_184843-01-300x201.jpg 300w, https:\/\/blogg.fisheco.se\/flugfiskaren\/wp-content\/uploads\/sites\/3\/2019\/09\/IMG_20190921_184843-01-768x514.jpg 768w, https:\/\/blogg.fisheco.se\/flugfiskaren\/wp-content\/uploads\/sites\/3\/2019\/09\/IMG_20190921_184843-01.jpg 1197w\" sizes=\"auto, (max-width: 1024px) 100vw, 1024px\" \/><\/figure>\n\n\n\n<p>Det har blivit en hel del g\u00e4ddfiske detta \u00e5ret med blandade resultat, men en toppfisk p\u00e5 105 cm \u00e4r nog en av dem som jag minns b\u00e4st, men den som jag minns allra b\u00e4st \u00e4r en fisk p\u00e5 87 cm. De var n\u00e4mligen l\u00e4ngden p\u00e5 den fisk som gav mig min f\u00f6rsta seger i flugfiskeklassen i <a href=\"https:\/\/torsassportfiske.com\/bergkvara-gaddfestival\/\" target=\"_blank\" rel=\"noopener\">Bergkvara G\u00e4ddfestival<\/a>. <\/p>\n\n\n\n<figure class=\"wp-block-image\"><img loading=\"lazy\" decoding=\"async\" width=\"768\" height=\"1024\" src=\"https:\/\/blogg.fisheco.se\/flugfiskaren\/wp-content\/uploads\/sites\/3\/2019\/11\/IMG_20191019_145340_1-01-01-768x1024.jpg\" alt=\"\" class=\"wp-image-3807\" srcset=\"https:\/\/blogg.fisheco.se\/flugfiskaren\/wp-content\/uploads\/sites\/3\/2019\/11\/IMG_20191019_145340_1-01-01-768x1024.jpg 768w, https:\/\/blogg.fisheco.se\/flugfiskaren\/wp-content\/uploads\/sites\/3\/2019\/11\/IMG_20191019_145340_1-01-01-225x300.jpg 225w, https:\/\/blogg.fisheco.se\/flugfiskaren\/wp-content\/uploads\/sites\/3\/2019\/11\/IMG_20191019_145340_1-01-01.jpg 924w\" sizes=\"auto, (max-width: 768px) 100vw, 768px\" \/><\/figure>\n\n\n\n<p>Det har blivit en hel del fiskeresor detta \u00e5ret, b la 2 g\u00e5nger  har jag varit i Baltak, tv\u00e5 g\u00e5nger i <a href=\"https:\/\/www.eriksberg.se\/\" target=\"_blank\" rel=\"noopener\">Eriksberg<\/a> varav den ena g\u00e5ngen ett repotagefiske vilket var v\u00e4ldigt roligt. Jag bes\u00f6kte \u00e4nnu en g\u00e5ng den fantastiska fiskeanl\u00e4ggningen i Str\u00f6mhult och vi kom \u00e4ntligen iv\u00e4g norrut f\u00f6r fiske i fj\u00e4llen. Tyv\u00e4rr blev inte resan riktigt som vi hade t\u00e4nkt oss men jag fick \u00e4ntligen fiska harr igen. <\/p>\n\n\n\n<figure class=\"wp-block-image\"><img loading=\"lazy\" decoding=\"async\" width=\"768\" height=\"1024\" src=\"https:\/\/blogg.fisheco.se\/flugfiskaren\/wp-content\/uploads\/sites\/3\/2019\/09\/IMG_20190814_105750-01-768x1024.jpg\" alt=\"\" class=\"wp-image-3764\" srcset=\"https:\/\/blogg.fisheco.se\/flugfiskaren\/wp-content\/uploads\/sites\/3\/2019\/09\/IMG_20190814_105750-01-768x1024.jpg 768w, https:\/\/blogg.fisheco.se\/flugfiskaren\/wp-content\/uploads\/sites\/3\/2019\/09\/IMG_20190814_105750-01-225x300.jpg 225w, https:\/\/blogg.fisheco.se\/flugfiskaren\/wp-content\/uploads\/sites\/3\/2019\/09\/IMG_20190814_105750-01.jpg 936w\" sizes=\"auto, (max-width: 768px) 100vw, 768px\" \/><\/figure>\n\n\n\n<p>I Januari s\u00e5 blev det inte mycket fiske de f\u00f6rsta veckorna d\u00e5 isen hade lagt sig. I slutet av Januari sprack det dock upp p\u00e5 sina st\u00e4llen s\u00e5 jag och Peter gjorde ett pass som resulterade i \u00e5rets f\u00f6rsta g\u00e4dda och jag fick chansen att testa ett nytt flugm\u00f6nster som det ocks\u00e5 blev en liten <a href=\"https:\/\/www.youtube.com\/watch?v=WatMHtEe340&amp;feature=emb_logo\" target=\"_blank\" rel=\"noopener\">video<\/a> p\u00e5.<\/p>\n\n\n\n<figure class=\"wp-block-image\"><img loading=\"lazy\" decoding=\"async\" width=\"1024\" height=\"679\" src=\"https:\/\/blogg.fisheco.se\/flugfiskaren\/wp-content\/uploads\/sites\/3\/2019\/01\/DSC_9218-1024x679.jpg\" alt=\"\" class=\"wp-image-3598\" srcset=\"https:\/\/blogg.fisheco.se\/flugfiskaren\/wp-content\/uploads\/sites\/3\/2019\/01\/DSC_9218-1024x679.jpg 1024w, https:\/\/blogg.fisheco.se\/flugfiskaren\/wp-content\/uploads\/sites\/3\/2019\/01\/DSC_9218-300x199.jpg 300w, https:\/\/blogg.fisheco.se\/flugfiskaren\/wp-content\/uploads\/sites\/3\/2019\/01\/DSC_9218-768x510.jpg 768w, https:\/\/blogg.fisheco.se\/flugfiskaren\/wp-content\/uploads\/sites\/3\/2019\/01\/DSC_9218-1536x1019.jpg 1536w, https:\/\/blogg.fisheco.se\/flugfiskaren\/wp-content\/uploads\/sites\/3\/2019\/01\/DSC_9218-2048x1359.jpg 2048w\" sizes=\"auto, (max-width: 1024px) 100vw, 1024px\" \/><\/figure>\n\n\n\n<p>Under mars m\u00e5nad s\u00e5 hade vi n\u00e5gra av \u00e5rets b\u00e4sta fisken efter g\u00e4dda. Favoritvikarna levererade och vi fick flera fina fiskar. B la tog Tommy en fantastisk fisk som ocks\u00e5 gav han ett nytt PB. Inte s\u00e5 l\u00e5ng men  otroligt tjock, en riktig &#8221;gris&#8221;. \u00c5rets f\u00f6rsta resa till Baltak gjordes \u00e4ven under mars och det var en tur d\u00e5 det var v\u00e4ldigt sv\u00e5rfiskat med h\u00f6ga fl\u00f6den men jag fick slipa p\u00e5 min nymfteknik och k\u00e4nna p\u00e5 lite fisk \u00e5tminstone. I slutet av mars s\u00e5 var det dags f\u00f6r sportfiskem\u00e4ssan och det  var kul att tr\u00e4ffa och prata med m\u00e5nga m\u00e4nniskor som man annars bara pratar med via n\u00e4tet.  <\/p>\n\n\n\n<figure class=\"wp-block-image\"><img loading=\"lazy\" decoding=\"async\" width=\"784\" height=\"1024\" src=\"https:\/\/blogg.fisheco.se\/flugfiskaren\/wp-content\/uploads\/sites\/3\/2019\/03\/DSC_9523-784x1024.jpg\" alt=\"\" class=\"wp-image-3630\" srcset=\"https:\/\/blogg.fisheco.se\/flugfiskaren\/wp-content\/uploads\/sites\/3\/2019\/03\/DSC_9523-784x1024.jpg 784w, https:\/\/blogg.fisheco.se\/flugfiskaren\/wp-content\/uploads\/sites\/3\/2019\/03\/DSC_9523-230x300.jpg 230w, https:\/\/blogg.fisheco.se\/flugfiskaren\/wp-content\/uploads\/sites\/3\/2019\/03\/DSC_9523-768x1004.jpg 768w, https:\/\/blogg.fisheco.se\/flugfiskaren\/wp-content\/uploads\/sites\/3\/2019\/03\/DSC_9523-1175x1536.jpg 1175w, https:\/\/blogg.fisheco.se\/flugfiskaren\/wp-content\/uploads\/sites\/3\/2019\/03\/DSC_9523-1567x2048.jpg 1567w, https:\/\/blogg.fisheco.se\/flugfiskaren\/wp-content\/uploads\/sites\/3\/2019\/03\/DSC_9523.jpg 1584w\" sizes=\"auto, (max-width: 784px) 100vw, 784px\" \/><\/figure>\n\n\n\n<p>I april m\u00e5nad hade jag mitt f\u00f6rmodligen b\u00e4sta och roligaste fiskepass detta \u00e5ret. De var <a href=\"http:\/\/www.fisheco.se\/blogg\/flugfiskaren\/2019\/04\/09\/premiarfiske-alsteran\/\" target=\"_blank\" rel=\"noopener\">premi\u00e4r-fiske i Alster\u00e5n<\/a>. En av mina absoluta favoritvatten och det levererade verkligen denna premi\u00e4rdag. Jag har de sista \u00e5ren haft lite tr\u00f6gt fiske p\u00e5 premi\u00e4rdagarna men denna dagen vart annorlunda. F\u00f6r f\u00f6rsta g\u00e5ngen i <a href=\"http:\/\/www.alsteran.com\/\" target=\"_blank\" rel=\"noopener\">Alster\u00e5n<\/a> skulle jag ut\u00f6va den nya nymftekniken som jag l\u00e4rt mig och det var riktigt effektivt. Min kompanjon Peter och jag fiskade rygg mot rygg i en av poolerna och hade kontakt i n\u00e4stan varje kast och drift.  Senare m\u00f6tte vi \u00e4ven Jonas och hans son Jerry, kort d\u00e4refter kunde vi \u00e4ven bevittna Jerry n\u00e4r han drillade \u00f6ring. Ett fantastiskt fiske med goda kamrater, det kan knappt bli b\u00e4ttre \u00e4n s\u00e5. <\/p>\n\n\n\n<figure class=\"wp-block-image\"><img loading=\"lazy\" decoding=\"async\" width=\"632\" height=\"1024\" src=\"https:\/\/blogg.fisheco.se\/flugfiskaren\/wp-content\/uploads\/sites\/3\/2019\/04\/DSC_9675-632x1024.jpg\" alt=\"\" class=\"wp-image-3663\" srcset=\"https:\/\/blogg.fisheco.se\/flugfiskaren\/wp-content\/uploads\/sites\/3\/2019\/04\/DSC_9675-632x1024.jpg 632w, https:\/\/blogg.fisheco.se\/flugfiskaren\/wp-content\/uploads\/sites\/3\/2019\/04\/DSC_9675-185x300.jpg 185w, https:\/\/blogg.fisheco.se\/flugfiskaren\/wp-content\/uploads\/sites\/3\/2019\/04\/DSC_9675-768x1244.jpg 768w, https:\/\/blogg.fisheco.se\/flugfiskaren\/wp-content\/uploads\/sites\/3\/2019\/04\/DSC_9675-949x1536.jpg 949w, https:\/\/blogg.fisheco.se\/flugfiskaren\/wp-content\/uploads\/sites\/3\/2019\/04\/DSC_9675.jpg 1245w\" sizes=\"auto, (max-width: 632px) 100vw, 632px\" \/><\/figure>\n\n\n\n<p>Maj m\u00e5nad var det inte s\u00e5 mycket fiske, fiskef\u00f6rbud efter g\u00e4dda och abborre g\u00e4ller i mina hemmavatten. Det blev ett par bindbeskrivningar p\u00e5 sidan och s\u00e5 publicerade jag ett lite annorlunda inl\u00e4gg om <a href=\"http:\/\/www.fisheco.se\/blogg\/flugfiskaren\/2019\/05\/04\/bananer-i-baten\/\" target=\"_blank\" rel=\"noopener\">&#8221;Bananer i B\u00e5ten&#8221;<\/a> som faktiskt \u00e4r ett av de mest l\u00e4sta inl\u00e4ggen p\u00e5 bloggen i \u00e5r.<\/p>\n\n\n\n<figure class=\"wp-block-image\"><img loading=\"lazy\" decoding=\"async\" width=\"1010\" height=\"646\" src=\"https:\/\/blogg.fisheco.se\/flugfiskaren\/wp-content\/uploads\/sites\/3\/2019\/05\/DSC_9861-web.jpg\" alt=\"\" class=\"wp-image-3702\" srcset=\"https:\/\/blogg.fisheco.se\/flugfiskaren\/wp-content\/uploads\/sites\/3\/2019\/05\/DSC_9861-web.jpg 1010w, https:\/\/blogg.fisheco.se\/flugfiskaren\/wp-content\/uploads\/sites\/3\/2019\/05\/DSC_9861-web-300x192.jpg 300w, https:\/\/blogg.fisheco.se\/flugfiskaren\/wp-content\/uploads\/sites\/3\/2019\/05\/DSC_9861-web-768x491.jpg 768w\" sizes=\"auto, (max-width: 1010px) 100vw, 1010px\" \/><\/figure>\n\n\n\n<p>I juni m\u00e5nad gjorde jag mitt f\u00f6rsta <a href=\"http:\/\/www.fisheco.se\/blogg\/flugfiskaren\/2019\/06\/23\/flugfiske-i-eriksberg\/\" target=\"_blank\" rel=\"noopener\">repotage-fiske f\u00f6r FisheEco<\/a>. Jag fick \u00e4ran att bes\u00f6ka viltparken Eriksberg f\u00f6r att pr\u00f6va de nystartade fisket d\u00e4r efter regnb\u00e5ge. Ett otroligt h\u00e4ftigt st\u00e4lle med vilda djur som springer runt sj\u00f6n och det \u00e4r verkligen en upplevelse att fiska h\u00e4r. Reportaget blev ocks\u00e5 en artikel f\u00f6r Flugfiske i Norden som publicerades i sista numret detta \u00e5ret. <\/p>\n\n\n\n<figure class=\"wp-block-image\"><img loading=\"lazy\" decoding=\"async\" width=\"1024\" height=\"744\" src=\"https:\/\/blogg.fisheco.se\/flugfiskaren\/wp-content\/uploads\/sites\/3\/2019\/06\/DSC_9991-web-1024x744.jpg\" alt=\"\" class=\"wp-image-3710\" srcset=\"https:\/\/blogg.fisheco.se\/flugfiskaren\/wp-content\/uploads\/sites\/3\/2019\/06\/DSC_9991-web-1024x744.jpg 1024w, https:\/\/blogg.fisheco.se\/flugfiskaren\/wp-content\/uploads\/sites\/3\/2019\/06\/DSC_9991-web-300x218.jpg 300w, https:\/\/blogg.fisheco.se\/flugfiskaren\/wp-content\/uploads\/sites\/3\/2019\/06\/DSC_9991-web-768x558.jpg 768w, https:\/\/blogg.fisheco.se\/flugfiskaren\/wp-content\/uploads\/sites\/3\/2019\/06\/DSC_9991-web.jpg 1113w\" sizes=\"auto, (max-width: 1024px) 100vw, 1024px\" \/><\/figure>\n\n\n\n<p>I juli var det \u00e5ter dags f\u00f6r en tur till <a href=\"http:\/\/www.fisheco.se\/blogg\/flugfiskaren\/2019\/07\/13\/baltak\/\" target=\"_blank\" rel=\"noopener\">Baltak<\/a> tillsammans med nymfexperten och min gode v\u00e4n Jonas Olsson. Vattenniv\u00e5erna vart betydligt mer hanterbara denna g\u00e5ngen och vi hade ett fantastiskt fiske med flera fina regnb\u00e5gar och \u00f6ringar. <\/p>\n\n\n\n<figure class=\"wp-block-image\"><img loading=\"lazy\" decoding=\"async\" width=\"1024\" height=\"553\" src=\"https:\/\/blogg.fisheco.se\/flugfiskaren\/wp-content\/uploads\/sites\/3\/2019\/07\/DSC_0107-1024x553.jpg\" alt=\"\" class=\"wp-image-3755\" srcset=\"https:\/\/blogg.fisheco.se\/flugfiskaren\/wp-content\/uploads\/sites\/3\/2019\/07\/DSC_0107-1024x553.jpg 1024w, https:\/\/blogg.fisheco.se\/flugfiskaren\/wp-content\/uploads\/sites\/3\/2019\/07\/DSC_0107-300x162.jpg 300w, https:\/\/blogg.fisheco.se\/flugfiskaren\/wp-content\/uploads\/sites\/3\/2019\/07\/DSC_0107-768x414.jpg 768w, https:\/\/blogg.fisheco.se\/flugfiskaren\/wp-content\/uploads\/sites\/3\/2019\/07\/DSC_0107-1536x829.jpg 1536w, https:\/\/blogg.fisheco.se\/flugfiskaren\/wp-content\/uploads\/sites\/3\/2019\/07\/DSC_0107.jpg 1920w\" sizes=\"auto, (max-width: 1024px) 100vw, 1024px\" \/><\/figure>\n\n\n\n<p>I Augusti var det dags att \u00e5terigen resa norrut efter m\u00e5nga \u00e5rs uppeh\u00e5ll fr\u00e5n dessa resor. F\u00f6rv\u00e4ntningarna och f\u00f6rhoppningarna var stora, fiske efter harr igen som jag har saknat det. Vi hade forskat lite och ville testa n\u00e5got nytt st\u00e4lle och vi fastnade f\u00f6r <a href=\"http:\/\/www.fisheco.se\/blogg\/flugfiskaren\/2019\/09\/04\/albacken\/\" target=\"_blank\" rel=\"noopener\">Albacken i J\u00e4mtland<\/a>. Jag, min far och Tommy begav oss norrut och hade sikte p\u00e5 harr, \u00f6ring och g\u00e4dda. Resan skulle dock visa sig bli r\u00e4tt besv\u00e4rlig. Min bil som kr\u00e5nglat mycket under \u00e5ret skulle \u00e4nnu en g\u00e5ng j\u00e4vlas med mig. F\u00f6rdelen med den var att den \u00e4r rymlig och var nyservad. Det skulle fungera. <\/p>\n\n\n\n<figure class=\"wp-block-image\"><img loading=\"lazy\" decoding=\"async\" width=\"768\" height=\"1024\" src=\"https:\/\/blogg.fisheco.se\/flugfiskaren\/wp-content\/uploads\/sites\/3\/2019\/09\/IMG_20190812_124646-01-768x1024.jpg\" alt=\"\" class=\"wp-image-3765\" srcset=\"https:\/\/blogg.fisheco.se\/flugfiskaren\/wp-content\/uploads\/sites\/3\/2019\/09\/IMG_20190812_124646-01-768x1024.jpg 768w, https:\/\/blogg.fisheco.se\/flugfiskaren\/wp-content\/uploads\/sites\/3\/2019\/09\/IMG_20190812_124646-01-225x300.jpg 225w, https:\/\/blogg.fisheco.se\/flugfiskaren\/wp-content\/uploads\/sites\/3\/2019\/09\/IMG_20190812_124646-01.jpg 936w\" sizes=\"auto, (max-width: 768px) 100vw, 768px\" \/><\/figure>\n\n\n\n<p>Men det gjorde den inte. Vi kom till Sundsvall sen b\u00f6rjade el\u00e4ndet, bilen b\u00f6rjade skaka och i automatl\u00e5dan sm\u00e4llde det till flera g\u00e5nger. Vi tog oss fram till slut men bilen gick det inte att lita p\u00e5 och f\u00f6rst\u00f6rde mycket av mina k\u00e4nslor f\u00f6r resan. En oro \u00f6ver hemf\u00e4rden var det som jag mest hade i huvudet under dagarna h\u00e4r. Men vi tog oss till de st\u00e4llen som l\u00e5g n\u00e4ra stugan \u00e5tminstone. Jag fick landa n\u00e5gra harrar och en av kv\u00e4llarna hade jag ett helt otroligt g\u00e4ddfiske. Jag kunde ocks\u00e5 ta ett nytt PB p\u00e5 Id p\u00e5 fluga. Tyv\u00e4rr blev som sagt inte fisket riktigt vad vi hade hoppats p\u00e5 men vi g\u00f6r nya f\u00f6rs\u00f6k n\u00e4sta \u00e5r. Bilen finns f\u00f6r \u00f6vrigt inte i mina \u00e4gor l\u00e4ngre, det blev droppen efter denna turen. <\/p>\n\n\n\n<figure class=\"wp-block-image\"><img loading=\"lazy\" decoding=\"async\" width=\"1024\" height=\"664\" src=\"https:\/\/blogg.fisheco.se\/flugfiskaren\/wp-content\/uploads\/sites\/3\/2019\/09\/IMG_20190813_183728-01-1024x664.jpg\" alt=\"\" class=\"wp-image-3769\" srcset=\"https:\/\/blogg.fisheco.se\/flugfiskaren\/wp-content\/uploads\/sites\/3\/2019\/09\/IMG_20190813_183728-01-1024x664.jpg 1024w, https:\/\/blogg.fisheco.se\/flugfiskaren\/wp-content\/uploads\/sites\/3\/2019\/09\/IMG_20190813_183728-01-300x194.jpg 300w, https:\/\/blogg.fisheco.se\/flugfiskaren\/wp-content\/uploads\/sites\/3\/2019\/09\/IMG_20190813_183728-01-768x498.jpg 768w, https:\/\/blogg.fisheco.se\/flugfiskaren\/wp-content\/uploads\/sites\/3\/2019\/09\/IMG_20190813_183728-01.jpg 1251w\" sizes=\"auto, (max-width: 1024px) 100vw, 1024px\" \/><\/figure>\n\n\n\n<p>H\u00f6sten bj\u00f6d p\u00e5 n\u00e5gra fina g\u00e4ddor, jag och Tommy hade n\u00e5gra fina AW-fisken innan det b\u00f6rjade m\u00f6rkna s\u00e5 tidigt som det g\u00f6r nu. \u00c5rets l\u00e4ngsta f\u00f6r fisk f\u00f6r min del tog jag en sen oktober kv\u00e4ll. En vacker fisk p\u00e5 105 cm. I oktober m\u00e5nad hade <a href=\"http:\/\/www.torsassportfiske.com\" target=\"_blank\" rel=\"noopener\">Tors\u00e5sbygdens Sportfiskeklubb<\/a> som vanligt den \u00e5rliga t\u00e4vlingen <a href=\"https:\/\/torsassportfiske.com\/bergkvara-gaddfestival\/\" target=\"_blank\" rel=\"noopener\">Bergkvara G\u00e4ddfestival<\/a>. Det var en dag d\u00e5 fisket var v\u00e4ldigt tr\u00f6gt och jag och Tommy som representerade Team Fisheco Sm\u00e5land hade det k\u00e4mpigt. Men till slut lyckades jag kroka och landa en fin t\u00e4vlingsfisk p\u00e5 89 cm. Den fisken visade sig vara den l\u00e4ngsta i flugklassen och jag tog hem min f\u00f6rsta titel i <a href=\"https:\/\/torsassportfiske.com\/bergkvara-gaddfestival\/\" target=\"_blank\" rel=\"noopener\">Bergkvara G\u00e4ddfestival<\/a>. <\/p>\n\n\n\n<figure class=\"wp-block-image\"><img loading=\"lazy\" decoding=\"async\" width=\"1024\" height=\"768\" src=\"https:\/\/blogg.fisheco.se\/flugfiskaren\/wp-content\/uploads\/sites\/3\/2019\/11\/received_552668008818011-01-1024x768.jpg\" alt=\"\" class=\"wp-image-3806\" srcset=\"https:\/\/blogg.fisheco.se\/flugfiskaren\/wp-content\/uploads\/sites\/3\/2019\/11\/received_552668008818011-01-1024x768.jpg 1024w, https:\/\/blogg.fisheco.se\/flugfiskaren\/wp-content\/uploads\/sites\/3\/2019\/11\/received_552668008818011-01-300x225.jpg 300w, https:\/\/blogg.fisheco.se\/flugfiskaren\/wp-content\/uploads\/sites\/3\/2019\/11\/received_552668008818011-01-768x576.jpg 768w, https:\/\/blogg.fisheco.se\/flugfiskaren\/wp-content\/uploads\/sites\/3\/2019\/11\/received_552668008818011-01.jpg 1212w\" sizes=\"auto, (max-width: 1024px) 100vw, 1024px\" \/><\/figure>\n\n\n\n<p>I november m\u00e5nad var jag tillbaka i fantastiska<a href=\"http:\/\/www.fisheco.se\/blogg\/flugfiskaren\/2019\/11\/16\/stromhult\/\" target=\"_blank\" rel=\"noopener\"> Str\u00f6mhult<\/a>. Det levererade \u00e4nnu en g\u00e5ng och vi hade ett kanonfiske. <\/p>\n\n\n\n<figure class=\"wp-block-image\"><img loading=\"lazy\" decoding=\"async\" width=\"1024\" height=\"669\" src=\"https:\/\/blogg.fisheco.se\/flugfiskaren\/wp-content\/uploads\/sites\/3\/2019\/11\/DSC_0353-1024x669.jpg\" alt=\"\" class=\"wp-image-3823\" srcset=\"https:\/\/blogg.fisheco.se\/flugfiskaren\/wp-content\/uploads\/sites\/3\/2019\/11\/DSC_0353-1024x669.jpg 1024w, https:\/\/blogg.fisheco.se\/flugfiskaren\/wp-content\/uploads\/sites\/3\/2019\/11\/DSC_0353-300x196.jpg 300w, https:\/\/blogg.fisheco.se\/flugfiskaren\/wp-content\/uploads\/sites\/3\/2019\/11\/DSC_0353-768x502.jpg 768w, https:\/\/blogg.fisheco.se\/flugfiskaren\/wp-content\/uploads\/sites\/3\/2019\/11\/DSC_0353.jpg 1456w\" sizes=\"auto, (max-width: 1024px) 100vw, 1024px\" \/><\/figure>\n\n\n\n<p>Nu \u00e4r det December, julen st\u00e5r f\u00f6r d\u00f6rren och jag har nyligen kommit hem fr\u00e5n ett fiskepass, denna g\u00e5ngen blev det en bomrunda. Bomrundor beh\u00f6vs de ocks\u00e5, man f\u00e5r f\u00f6rs\u00f6ka t\u00e4nka till och fundera p\u00e5 hur man skall g\u00f6ra det b\u00e4ttre till n\u00e4sta g\u00e5ng. <\/p>\n\n\n\n<figure class=\"wp-block-image\"><img loading=\"lazy\" decoding=\"async\" width=\"1024\" height=\"432\" src=\"https:\/\/blogg.fisheco.se\/flugfiskaren\/wp-content\/uploads\/sites\/3\/2019\/11\/DSC_0331-1024x432.jpg\" alt=\"\" class=\"wp-image-3817\" srcset=\"https:\/\/blogg.fisheco.se\/flugfiskaren\/wp-content\/uploads\/sites\/3\/2019\/11\/DSC_0331-1024x432.jpg 1024w, https:\/\/blogg.fisheco.se\/flugfiskaren\/wp-content\/uploads\/sites\/3\/2019\/11\/DSC_0331-300x126.jpg 300w, https:\/\/blogg.fisheco.se\/flugfiskaren\/wp-content\/uploads\/sites\/3\/2019\/11\/DSC_0331-768x324.jpg 768w, https:\/\/blogg.fisheco.se\/flugfiskaren\/wp-content\/uploads\/sites\/3\/2019\/11\/DSC_0331-1536x648.jpg 1536w, https:\/\/blogg.fisheco.se\/flugfiskaren\/wp-content\/uploads\/sites\/3\/2019\/11\/DSC_0331.jpg 2016w\" sizes=\"auto, (max-width: 1024px) 100vw, 1024px\" \/><\/figure>\n\n\n\n<p>Till 2020 s\u00e5 har vi en stor resa planerad, antingen blir det Norrland eller Slovenien som det ser ut. Det ser ut att vara ett fantastiskt land med vacker natur. Ut\u00f6ver det s\u00e5 hoppas jag p\u00e5 att f\u00e5 lite tid till att fiska mer abborre och sj\u00e4lvklart \u00e4nnu mer g\u00e4dda. Det \u00e4r ocks\u00e5 ett sp\u00e4nnande projekt p\u00e5 g\u00e5ng med nytt fiskevatten i min kommun som jag kommer vara lite involverad i och de ska bli v\u00e4ldigt sp\u00e4nnande att f\u00f6lja. Som vanligt s\u00e5 hoppas jag f\u00e5 mer fisketid vid<a href=\"http:\/\/www.alsteran.com\" target=\"_blank\" rel=\"noopener\"> Alster\u00e5n<\/a> och kommer sj\u00e4lvklart n\u00e4rvara vid premi\u00e4ren.<br>2020 kommer det fler artiklar i Flugfiske i Norden, som det ser ut redan i f\u00f6rsta numret f\u00f6r \u00e5ret en artikel om nymffiske. <\/p>\n\n\n\n<figure class=\"wp-block-image\"><img loading=\"lazy\" decoding=\"async\" width=\"1024\" height=\"768\" src=\"https:\/\/blogg.fisheco.se\/flugfiskaren\/wp-content\/uploads\/sites\/3\/2019\/03\/IMG_20190217_121554-01-1-1024x768.jpg\" alt=\"\" class=\"wp-image-3622\" srcset=\"https:\/\/blogg.fisheco.se\/flugfiskaren\/wp-content\/uploads\/sites\/3\/2019\/03\/IMG_20190217_121554-01-1-1024x768.jpg 1024w, https:\/\/blogg.fisheco.se\/flugfiskaren\/wp-content\/uploads\/sites\/3\/2019\/03\/IMG_20190217_121554-01-1-300x225.jpg 300w, https:\/\/blogg.fisheco.se\/flugfiskaren\/wp-content\/uploads\/sites\/3\/2019\/03\/IMG_20190217_121554-01-1-768x576.jpg 768w, https:\/\/blogg.fisheco.se\/flugfiskaren\/wp-content\/uploads\/sites\/3\/2019\/03\/IMG_20190217_121554-01-1-1536x1152.jpg 1536w, https:\/\/blogg.fisheco.se\/flugfiskaren\/wp-content\/uploads\/sites\/3\/2019\/03\/IMG_20190217_121554-01-1.jpg 1648w\" sizes=\"auto, (max-width: 1024px) 100vw, 1024px\" \/><\/figure>\n\n\n\n<p>Jag ser fram emot ett nytt och sp\u00e4nnande \u00e5r med nya m\u00f6jligheter och stora fiskar. Jag vill passa p\u00e5 att tacka <a href=\"http:\/\/www.visionflyfishing.com\" target=\"_blank\" rel=\"noopener\">Vision Flyfishing<\/a>, <a href=\"http:\/\/www.flydressing.se\" target=\"_blank\" rel=\"noopener\">Flydressing<\/a>, <a href=\"http:\/\/www.fisheco.se\" target=\"_blank\" rel=\"noopener\">Fisheco<\/a>, <a href=\"https:\/\/deepersonar.com\/se\/se_se\/home-se\" target=\"_blank\" rel=\"noopener\">Deeper <\/a>och <a href=\"http:\/\/www.flugfiskeinorden.se\" target=\"_blank\" rel=\"noopener\">Flugfiske i Norden<\/a> f\u00f6r ert f\u00f6rtroende. Jag vill tacka Lasse Hallberg (redakt\u00f6r FIN), Jan O (Fisheco), Niklaus Bauer (Flydressing) och Niklas Holm\u00e9r (Flydressing) lite extra f\u00f6r er hj\u00e4lp och f\u00f6rtroende. Jag vill ocks\u00e5 tacka alla mina fiskekompisar f\u00f6r h\u00e4rliga timmar vid vattnet och ett extra tack till Tommy, Peter (<a href=\"http:\/\/www.fisheco.se\/blogg\/galgreppet\/\" target=\"_blank\" rel=\"noopener\">G\u00e4lgreppet<\/a>) och min far som jag spenderat flest timmar med vid v\u00e5ra vatten. <br>Allra mest vill jag tacka min fru som st\u00e5r ut med mitt st\u00e4ndiga t\u00e4nk p\u00e5 fisket och f\u00f6r din support.<\/p>\n\n\n\n<figure class=\"wp-block-image\"><img loading=\"lazy\" decoding=\"async\" width=\"1024\" height=\"648\" src=\"https:\/\/blogg.fisheco.se\/flugfiskaren\/wp-content\/uploads\/sites\/3\/2019\/07\/DSC_0109-1024x648.jpg\" alt=\"\" class=\"wp-image-3756\" srcset=\"https:\/\/blogg.fisheco.se\/flugfiskaren\/wp-content\/uploads\/sites\/3\/2019\/07\/DSC_0109-1024x648.jpg 1024w, https:\/\/blogg.fisheco.se\/flugfiskaren\/wp-content\/uploads\/sites\/3\/2019\/07\/DSC_0109-300x190.jpg 300w, https:\/\/blogg.fisheco.se\/flugfiskaren\/wp-content\/uploads\/sites\/3\/2019\/07\/DSC_0109-768x486.jpg 768w, https:\/\/blogg.fisheco.se\/flugfiskaren\/wp-content\/uploads\/sites\/3\/2019\/07\/DSC_0109-1536x971.jpg 1536w, https:\/\/blogg.fisheco.se\/flugfiskaren\/wp-content\/uploads\/sites\/3\/2019\/07\/DSC_0109.jpg 2016w\" sizes=\"auto, (max-width: 1024px) 100vw, 1024px\" \/><\/figure>\n\n\n\n<p>Jag \u00f6nskar er en riktigt <strong><em>God Jul och ett Gott nytt \u00e5r<\/em><\/strong> ! Tack f\u00f6r att ni l\u00e4ser min blogg och klicka g\u00e4rna p\u00e5 F\u00f6lj bloggen s\u00e5 missar ni inga nya inl\u00e4gg.<\/p>\n","protected":false},"excerpt":{"rendered":"<p>S\u00e5 g\u00e5r \u00e4nnu ett \u00e5r mot sitt slut. Det har varit ett h\u00e4ndelserikt \u00e5r p\u00e5 m\u00e5nga vis, sj\u00e4lvklart hade man hoppats p\u00e5 mer fisketid och fler st\u00f6rre fiskar men det g\u00f6r man v\u00e4l alltid. Jag har skrivit det f\u00f6rr men &hellip; <a href=\"https:\/\/blogg.fisheco.se\/flugfiskaren\/2019\/12\/23\/arskronika-2019\/\">Forts\u00e4tt l\u00e4sa <span class=\"meta-nav\">&rarr;<\/span><\/a><\/p>\n","protected":false},"author":10,"featured_media":0,"comment_status":"open","ping_status":"open","sticky":false,"template":"","format":"standard","meta":{"footnotes":""},"categories":[282],"tags":[401,151,350,340,402,381,198,153,122,360,403,157,190,404,142,129,323,299],"class_list":["post-3844","post","type-post","status-publish","format-standard","hentry","category-arskronika","tag-albacken","tag-alsteran","tag-arskronika","tag-baltak","tag-blogg","tag-eriksberg","tag-fisheco","tag-fiske","tag-flugfiske","tag-flugfiskeinorden","tag-flydresing","tag-gadda","tag-harr","tag-natur","tag-oring","tag-regnbage","tag-sportfiske","tag-stromhult"],"_links":{"self":[{"href":"https:\/\/blogg.fisheco.se\/flugfiskaren\/wp-json\/wp\/v2\/posts\/3844","targetHints":{"allow":["GET"]}}],"collection":[{"href":"https:\/\/blogg.fisheco.se\/flugfiskaren\/wp-json\/wp\/v2\/posts"}],"about":[{"href":"https:\/\/blogg.fisheco.se\/flugfiskaren\/wp-json\/wp\/v2\/types\/post"}],"author":[{"embeddable":true,"href":"https:\/\/blogg.fisheco.se\/flugfiskaren\/wp-json\/wp\/v2\/users\/10"}],"replies":[{"embeddable":true,"href":"https:\/\/blogg.fisheco.se\/flugfiskaren\/wp-json\/wp\/v2\/comments?post=3844"}],"version-history":[{"count":0,"href":"https:\/\/blogg.fisheco.se\/flugfiskaren\/wp-json\/wp\/v2\/posts\/3844\/revisions"}],"wp:attachment":[{"href":"https:\/\/blogg.fisheco.se\/flugfiskaren\/wp-json\/wp\/v2\/media?parent=3844"}],"wp:term":[{"taxonomy":"category","embeddable":true,"href":"https:\/\/blogg.fisheco.se\/flugfiskaren\/wp-json\/wp\/v2\/categories?post=3844"},{"taxonomy":"post_tag","embeddable":true,"href":"https:\/\/blogg.fisheco.se\/flugfiskaren\/wp-json\/wp\/v2\/tags?post=3844"}],"curies":[{"name":"wp","href":"https:\/\/api.w.org\/{rel}","templated":true}]}}