{"id":377,"date":"2013-02-28T22:45:00","date_gmt":"2013-02-28T21:45:00","guid":{"rendered":"http:\/\/flugfiskarenismaland.wordpress.com\/2013\/02\/28\/bokdag"},"modified":"2013-02-28T22:45:00","modified_gmt":"2013-02-28T21:45:00","slug":"bokdag","status":"publish","type":"post","link":"https:\/\/blogg.fisheco.se\/flugfiskaren\/2013\/02\/28\/bokdag\/","title":{"rendered":"Bokdag"},"content":{"rendered":"<div dir=\"ltr\" style=\"text-align:left\"><b><u>\u00c4ntligen!<\/u><\/b><br \/>Idag har solen tittat fram ordentligt och de har varit runt 10 grader i luften och solen har str\u00e5lat. Sn\u00f6n sm\u00e4lter och man k\u00e4nner suget efter \u00f6ppna vatten, f\u00e5gels\u00e5ng och att f\u00e5 bl\u00f6ta \u00e5rets f\u00f6rsta flugor.<\/p>\n<div class=\"separator\" style=\"clear:both;text-align:center\"><a href=\"https:\/\/blogg.fisheco.se\/flugfiskaren\/wp-content\/uploads\/sites\/3\/2014\/08\/3f15b-bocc88cker1.jpg\" style=\"margin-left:1em;margin-right:1em\"><img loading=\"lazy\" decoding=\"async\" border=\"0\" height=\"424\" src=\"https:\/\/blogg.fisheco.se\/flugfiskaren\/wp-content\/uploads\/sites\/3\/2014\/08\/3f15b-bocc88cker1.jpg?w=300\" width=\"640\" \/><\/a><\/div>\n<p>F\u00f6rst p\u00e5 tur f\u00f6r min egen del bli Hossmo\u00e5n och ett allvarligt f\u00f6rs\u00f6k p\u00e5 tv\u00e5handsfisket som jag fortfarande inte k\u00e4nner mig helt hemma p\u00e5.<\/p>\n<div class=\"separator\" style=\"clear:both;text-align:center\"><a href=\"https:\/\/blogg.fisheco.se\/flugfiskaren\/wp-content\/uploads\/sites\/3\/2014\/08\/8b96f-bocc88cker5.jpg\" style=\"clear:left;float:left;margin-bottom:1em;margin-right:1em\"><img loading=\"lazy\" decoding=\"async\" border=\"0\" height=\"265\" src=\"https:\/\/blogg.fisheco.se\/flugfiskaren\/wp-content\/uploads\/sites\/3\/2014\/08\/8b96f-bocc88cker5.jpg?w=300\" width=\"400\" \/><\/a><\/div>\n<p><a href=\"https:\/\/blogg.fisheco.se\/flugfiskaren\/wp-content\/uploads\/sites\/3\/2014\/08\/37e7c-bocc88cker3.jpg\" style=\"clear:right;float:right;margin-bottom:1em;margin-left:1em\"><img loading=\"lazy\" decoding=\"async\" border=\"0\" height=\"320\" src=\"https:\/\/blogg.fisheco.se\/flugfiskaren\/wp-content\/uploads\/sites\/3\/2014\/08\/37e7c-bocc88cker3.jpg?w=198\" width=\"212\" \/><\/a><\/p>\n<p>P\u00e5 lunchen idag s\u00e5 passade jag p\u00e5 att njuta av v\u00e5rsolen n\u00e5gra minuter och l\u00e5na lite b\u00f6cker p\u00e5 v\u00e5rt h\u00e4rliga bibliotek i Kalmar. Hittade en hel del trevliga fiskeb\u00f6cker, men fastnade framf\u00f6rallt f\u00f6r boken &#8221;Flugn\u00f6rd&#8221; som \u00e4r skriven av Steven Goldfine. V\u00e4ldigt trevlig layout i boken, fina flugor och l\u00e4ttl\u00e4st. Boken finns f\u00f6r \u00f6vrigt att k\u00f6pa h\u00e4r\u00a0<a href=\"http:\/\/www.bokus.com\/cgi-bin\/product_search.cgi?ac_used=no&amp;search_word=flugn%F6rd\" target=\"_blank\" rel=\"noopener\">Bokus- Flugn\u00f6rd<\/a><\/p>\n<div class=\"separator\" style=\"clear:both;text-align:center\"><\/div>\n<div class=\"separator\" style=\"clear:both;text-align:center\"><\/div>\n<div class=\"separator\" style=\"clear:both;text-align:center\"><\/div>\n<div class=\"separator\" style=\"clear:both;text-align:center\"><a href=\"https:\/\/blogg.fisheco.se\/flugfiskaren\/wp-content\/uploads\/sites\/3\/2014\/08\/8d807-bocc88cker2.jpg\" style=\"margin-left:1em;margin-right:1em\"><img loading=\"lazy\" decoding=\"async\" border=\"0\" height=\"265\" src=\"https:\/\/blogg.fisheco.se\/flugfiskaren\/wp-content\/uploads\/sites\/3\/2014\/08\/8d807-bocc88cker2.jpg?w=300\" width=\"400\" \/><\/a><\/div>\n<p>Sedan blev det n\u00e5gra b\u00f6cker om ekologiskt fiskev\u00e5rd d\u00e4r det finns en hel del tips p\u00e5 hur man restauera vatten och mycket annat som kan komma till nytta under mitt egna fiskevatten projekt.<\/p>\n<p><\/p>\n<table align=\"center\" cellpadding=\"0\" cellspacing=\"0\" class=\"tr-caption-container\" style=\"margin-left:auto;margin-right:auto;text-align:center\">\n<tbody>\n<tr>\n<td style=\"text-align:center\"><a href=\"https:\/\/blogg.fisheco.se\/flugfiskaren\/wp-content\/uploads\/sites\/3\/2014\/08\/8d308-bocc88cker4.jpg\" style=\"margin-left:auto;margin-right:auto\"><img loading=\"lazy\" decoding=\"async\" border=\"0\" height=\"265\" src=\"https:\/\/blogg.fisheco.se\/flugfiskaren\/wp-content\/uploads\/sites\/3\/2014\/08\/8d308-bocc88cker4.jpg?w=300\" width=\"400\" \/><\/a><\/td>\n<\/tr>\n<tr>\n<td class=\"tr-caption\" style=\"text-align:center\"><u><b>Kloka ord\u00a0<\/b><\/u><\/td>\n<\/tr>\n<\/tbody>\n<\/table>\n<p><\/div>\n","protected":false},"excerpt":{"rendered":"<p>\u00c4ntligen!Idag har solen tittat fram ordentligt och de har varit runt 10 grader i luften och solen har str\u00e5lat. Sn\u00f6n sm\u00e4lter och man k\u00e4nner suget efter \u00f6ppna vatten, f\u00e5gels\u00e5ng och att f\u00e5 bl\u00f6ta \u00e5rets f\u00f6rsta flugor. F\u00f6rst p\u00e5 tur f\u00f6r &hellip; <a href=\"https:\/\/blogg.fisheco.se\/flugfiskaren\/2013\/02\/28\/bokdag\/\">Forts\u00e4tt l\u00e4sa <span class=\"meta-nav\">&rarr;<\/span><\/a><\/p>\n","protected":false},"author":10,"featured_media":0,"comment_status":"open","ping_status":"open","sticky":false,"template":"","format":"standard","meta":{"footnotes":""},"categories":[32,33,4,34],"tags":[],"class_list":["post-377","post","type-post","status-publish","format-standard","hentry","category-bocker","category-fiskevard","category-flugfiske","category-flugnord"],"_links":{"self":[{"href":"https:\/\/blogg.fisheco.se\/flugfiskaren\/wp-json\/wp\/v2\/posts\/377","targetHints":{"allow":["GET"]}}],"collection":[{"href":"https:\/\/blogg.fisheco.se\/flugfiskaren\/wp-json\/wp\/v2\/posts"}],"about":[{"href":"https:\/\/blogg.fisheco.se\/flugfiskaren\/wp-json\/wp\/v2\/types\/post"}],"author":[{"embeddable":true,"href":"https:\/\/blogg.fisheco.se\/flugfiskaren\/wp-json\/wp\/v2\/users\/10"}],"replies":[{"embeddable":true,"href":"https:\/\/blogg.fisheco.se\/flugfiskaren\/wp-json\/wp\/v2\/comments?post=377"}],"version-history":[{"count":0,"href":"https:\/\/blogg.fisheco.se\/flugfiskaren\/wp-json\/wp\/v2\/posts\/377\/revisions"}],"wp:attachment":[{"href":"https:\/\/blogg.fisheco.se\/flugfiskaren\/wp-json\/wp\/v2\/media?parent=377"}],"wp:term":[{"taxonomy":"category","embeddable":true,"href":"https:\/\/blogg.fisheco.se\/flugfiskaren\/wp-json\/wp\/v2\/categories?post=377"},{"taxonomy":"post_tag","embeddable":true,"href":"https:\/\/blogg.fisheco.se\/flugfiskaren\/wp-json\/wp\/v2\/tags?post=377"}],"curies":[{"name":"wp","href":"https:\/\/api.w.org\/{rel}","templated":true}]}}