{"id":3762,"date":"2019-09-04T07:00:36","date_gmt":"2019-09-04T05:00:36","guid":{"rendered":"http:\/\/www.fisheco.se\/blogg\/flugfiskaren\/?p=3762"},"modified":"2019-09-04T07:00:36","modified_gmt":"2019-09-04T05:00:36","slug":"albacken","status":"publish","type":"post","link":"https:\/\/blogg.fisheco.se\/flugfiskaren\/2019\/09\/04\/albacken\/","title":{"rendered":"Albacken"},"content":{"rendered":"\n<p>S\u00e5 var det \u00e4ntligen dags att \u00e5ka norrut igen.<\/p>\n\n\n\n<figure class=\"wp-block-image\"><img loading=\"lazy\" decoding=\"async\" width=\"1003\" height=\"667\" src=\"https:\/\/blogg.fisheco.se\/flugfiskaren\/wp-content\/uploads\/sites\/3\/2014\/08\/3feaf-csc_0040.jpg\" alt=\"\" class=\"wp-image-1009\" srcset=\"https:\/\/blogg.fisheco.se\/flugfiskaren\/wp-content\/uploads\/sites\/3\/2014\/08\/3feaf-csc_0040.jpg 1003w, https:\/\/blogg.fisheco.se\/flugfiskaren\/wp-content\/uploads\/sites\/3\/2014\/08\/3feaf-csc_0040-300x200.jpg 300w, https:\/\/blogg.fisheco.se\/flugfiskaren\/wp-content\/uploads\/sites\/3\/2014\/08\/3feaf-csc_0040-768x511.jpg 768w\" sizes=\"auto, (max-width: 1003px) 100vw, 1003px\" \/><\/figure>\n\n\n\n<p>De var 8 \u00e5r sedan sist jag var i de norra delarna av Sverige f\u00f6r att fiska, tidigare var vi h\u00e4r varje sommar. Men de sista \u00e5ren har det inte blivit av, dels pga jobb och framf\u00f6rallt har det blivit sv\u00e5rare att komma iv\u00e4g p\u00e5 dessa resor sen familjen blivit st\u00f6rre. Men nu n\u00e4r barnen blivit st\u00f6rre s\u00e5 blir det enklare att komma iv\u00e4g norr\u00f6ver igen, redan n\u00e4sta \u00e5r s\u00e5 ska kanske barnen t om f\u00f6lja med. Vore fantastiskt att f\u00e5 visa dem den vackra naturen, de rinnande vattendragen och de h\u00f6ga landskapen d\u00e4r.<\/p>\n\n\n\n<figure class=\"wp-block-image\"><img loading=\"lazy\" decoding=\"async\" width=\"768\" height=\"1024\" src=\"https:\/\/blogg.fisheco.se\/flugfiskaren\/wp-content\/uploads\/sites\/3\/2019\/09\/IMG_20190812_210742-01-768x1024.jpg\" alt=\"\" class=\"wp-image-3763\" srcset=\"https:\/\/blogg.fisheco.se\/flugfiskaren\/wp-content\/uploads\/sites\/3\/2019\/09\/IMG_20190812_210742-01-768x1024.jpg 768w, https:\/\/blogg.fisheco.se\/flugfiskaren\/wp-content\/uploads\/sites\/3\/2019\/09\/IMG_20190812_210742-01-225x300.jpg 225w, https:\/\/blogg.fisheco.se\/flugfiskaren\/wp-content\/uploads\/sites\/3\/2019\/09\/IMG_20190812_210742-01.jpg 936w\" sizes=\"auto, (max-width: 768px) 100vw, 768px\" \/><\/figure>\n\n\n\n<p>Vi har genom \u00e5ren varit runt p\u00e5 flera olika st\u00e4llen i J\u00e4mtland och H\u00e4rjedalen framf\u00f6rallt. Vemdalen, Gim\u00e5n, T\u00e4nn\u00e4s och Damm\u00e5n f\u00f6r att n\u00e4mna n\u00e5gra. Detta \u00e5ret hade vi spanat in ett st\u00e4lle som heter Albacken,  s\u00e5g intressant ut och verkade ha ett varierat fiske. P\u00e5 \u00e5rets resa skulle n\u00e4mligen min kusin Tommy f\u00f6lja med, han \u00e4r relativt ny inom flugfisket och han ville absolut testa g\u00e4ddfisket d\u00e4r uppe, n\u00e5got vi aldrig tidigare satsat p\u00e5. Albacken verkade ha ett bra g\u00e4ddfiske, samt harr och \u00f6ring i str\u00f6mmarna s\u00e5 valet f\u00f6ll p\u00e5 Albacken som ligger ca 1.5 timmes f\u00e4rd ovanf\u00f6r Sundsvall.<\/p>\n\n\n\n<figure class=\"wp-block-image\"><img loading=\"lazy\" decoding=\"async\" width=\"768\" height=\"1024\" src=\"https:\/\/blogg.fisheco.se\/flugfiskaren\/wp-content\/uploads\/sites\/3\/2019\/09\/IMG_20190814_105750-01-768x1024.jpg\" alt=\"\" class=\"wp-image-3764\" srcset=\"https:\/\/blogg.fisheco.se\/flugfiskaren\/wp-content\/uploads\/sites\/3\/2019\/09\/IMG_20190814_105750-01-768x1024.jpg 768w, https:\/\/blogg.fisheco.se\/flugfiskaren\/wp-content\/uploads\/sites\/3\/2019\/09\/IMG_20190814_105750-01-225x300.jpg 225w, https:\/\/blogg.fisheco.se\/flugfiskaren\/wp-content\/uploads\/sites\/3\/2019\/09\/IMG_20190814_105750-01.jpg 936w\" sizes=\"auto, (max-width: 768px) 100vw, 768px\" \/><\/figure>\n\n\n\n<p>Eftersom bilresan h\u00e4rifr\u00e5n tar ca 10-11 timmar s\u00e5 besl\u00f6t vi oss f\u00f6r att \u00e5ka tidig morgon f\u00f6r att vara framme efter lunch i J\u00e4mtland. Runt 03.00 s\u00e5 b\u00f6rjade vi rulla norrut. Men resan skulle inte bli riktigt som vi hade t\u00e4nkt oss. Vi best\u00e4mde oss f\u00f6r att ta min bil upp trots att jag var lite emot de d\u00e5 den hade strulat en del tidigare med v\u00e4xlarna b la. Men den har trots allt spenderat s\u00e4kert 2 m\u00e5nader p\u00e5 verkstad de sista halv\u00e5ret och bara veckan innan avf\u00e4rd s\u00e5 var den hos verkstaden och gick igenom besiktning med blanka papper. S\u00e5 de borde ju vara &#8221;safe&#8221; t\u00e4nkte jag ocks\u00e5. Och bilen gick j\u00e4ttebra tills det att vi passerat Sundsvall ca 80 mil hemifr\u00e5n d\u00e5 b\u00f6rjar den vibrera onaturligt mycket i h\u00f6ga hastigheter. N\u00e4r vi skall rulla in p\u00e5 en mack f\u00f6r att tanka s\u00e5 l\u00e5ser sig n\u00e4stan bilen och vill inte fram\u00e5t. Men den g\u00e5r ig\u00e5ng igen och vi \u00e4r nu s\u00e5 n\u00e4ra v\u00e5rt m\u00e5l s\u00e5 vi chansar p\u00e5 att ta oss till Albacken \u00e4nd\u00e5. V\u00e4l framme strax innan vi skall sv\u00e4nga ner till v\u00e5r stuga s\u00e5 m\u00e5ste vi g\u00f6ra en U-sv\u00e4ng och d\u00e5 sm\u00e4ller det till ordentligt i v\u00e4xell\u00e5dan och hela bilen studsar till. Tommy och farsan blir nu riktigt oroliga men jag har varit med om de tidigare, de \u00e4r just detta den var inne p\u00e5 verkstaden f\u00f6r. Vi tar oss \u00e4nd\u00e5 ner till stugan och beslutar oss f\u00f6r att f\u00f6rs\u00f6ka fiska av str\u00e4ckan som \u00e4r vid stugan under de f\u00f6rsta dagarna och endast fiska st\u00e4llen som vi kan ta oss till utan att beh\u00f6va k\u00f6ra. Vi v\u00e5gar inte riskera att det h\u00e4nder n\u00e5got allvarligt med bilen medan vi \u00e4r ute h\u00e4r mitt ute i ingenstans, de spara vi till hemresan. <\/p>\n\n\n\n<figure class=\"wp-block-image\"><img loading=\"lazy\" decoding=\"async\" width=\"768\" height=\"1024\" src=\"https:\/\/blogg.fisheco.se\/flugfiskaren\/wp-content\/uploads\/sites\/3\/2019\/09\/IMG_20190812_124646-01-768x1024.jpg\" alt=\"\" class=\"wp-image-3765\" srcset=\"https:\/\/blogg.fisheco.se\/flugfiskaren\/wp-content\/uploads\/sites\/3\/2019\/09\/IMG_20190812_124646-01-768x1024.jpg 768w, https:\/\/blogg.fisheco.se\/flugfiskaren\/wp-content\/uploads\/sites\/3\/2019\/09\/IMG_20190812_124646-01-225x300.jpg 225w, https:\/\/blogg.fisheco.se\/flugfiskaren\/wp-content\/uploads\/sites\/3\/2019\/09\/IMG_20190812_124646-01.jpg 936w\" sizes=\"auto, (max-width: 768px) 100vw, 768px\" \/><\/figure>\n\n\n\n<p>Nu f\u00f6rs\u00f6ker jag sl\u00e4ppa bilbekymmerna f\u00f6r stunden och fokusera p\u00e5 fisket vilket inte var helt l\u00e4tt, frustrerande n\u00e4r man lagt ut en massa pengar p\u00e5 reperationer men bilen forts\u00e4tter strula. N\u00e5v\u00e4l nog om bilen tills vidare. <\/p>\n\n\n\n<p>Jag och Tommy b\u00f6rjar fiskar en av str\u00f6mmarna men f\u00e5r snart avbryta v\u00e5rt fiske d\u00e5 ett ordentligt \u00e5skov\u00e4der drar f\u00f6rbi oss. Efter lite kortspel i stugan \u00e4r vi \u00e5ter redo f\u00f6r str\u00f6mmen och \u00e5skan har dragit f\u00f6rbi. Jag fiskar med nymf och krokar r\u00e4tt snabbt en fin liten harr p\u00e5 runt 30 cm. En fantastisk k\u00e4nsla att \u00e5terigen landa en harr, n\u00e4stan 9 \u00e5r sedan jag fiskade efter dessa vackra fiskar. Jag har alltid \u00e4lskat harrfisket, en art som f\u00f6r m\u00e5nga \u00e5r sedan gjorde att mitt intresse f\u00f6r flugfiske \u00e4r s\u00e5 stort som de \u00e4r idag. Jag gl\u00f6mmer aldrig v\u00e5ra f\u00f6rsta turer till Vemdalen med min far n\u00e4r vi fiskade harr i Veman. <\/p>\n\n\n\n<div class=\"wp-block-image\"><figure class=\"aligncenter\"><img loading=\"lazy\" decoding=\"async\" width=\"1024\" height=\"768\" src=\"https:\/\/blogg.fisheco.se\/flugfiskaren\/wp-content\/uploads\/sites\/3\/2019\/09\/IMG_20190812_200250-01-1024x768.jpg\" alt=\"\" class=\"wp-image-3766\" srcset=\"https:\/\/blogg.fisheco.se\/flugfiskaren\/wp-content\/uploads\/sites\/3\/2019\/09\/IMG_20190812_200250-01-1024x768.jpg 1024w, https:\/\/blogg.fisheco.se\/flugfiskaren\/wp-content\/uploads\/sites\/3\/2019\/09\/IMG_20190812_200250-01-300x225.jpg 300w, https:\/\/blogg.fisheco.se\/flugfiskaren\/wp-content\/uploads\/sites\/3\/2019\/09\/IMG_20190812_200250-01-768x576.jpg 768w, https:\/\/blogg.fisheco.se\/flugfiskaren\/wp-content\/uploads\/sites\/3\/2019\/09\/IMG_20190812_200250-01.jpg 1248w\" sizes=\"auto, (max-width: 1024px) 100vw, 1024px\" \/><\/figure><\/div>\n\n\n\n<p>Vi forts\u00e4tter v\u00e5rt fiske och harren lyser med sin fr\u00e5nvaro d\u00e4remot drar vi massor med abborrar, mestadels sm\u00e5tt men kul med sp\u00f6gung \u00e5tminstone men inte den art vi \u00e4r ute efter. Efter en l\u00e5ng och p\u00e5frestande bilresa s\u00e5 beger vi oss in till stugan innan det m\u00f6rknar f\u00f6r lite s\u00f6mn och ladda batterierna f\u00f6r morgondagen d\u00e5 vi best\u00e4mt oss f\u00f6r att testa den nedre delen av str\u00e4ckan efter v\u00e5r stuga.  <\/p>\n\n\n\n<p>Dag tv\u00e5 och vi vaknar r\u00e4tt sent, vi hade m\u00e5nga timmar att ta igen efter g\u00e5rdagens l\u00e5nga bilresa. Vi b\u00f6rjar v\u00e5r vandring genom skog och mark f\u00f6r att komma nedstr\u00f6ms. V\u00e4l vid str\u00f6mmen s\u00e5 m\u00e4rker vi att vadarbyxor n\u00e4stan \u00e4r \u00f6verskattat h\u00e4r d\u00e5 det direkt blir v\u00e4ldigt djupt. Jag har faktiskt aldrig fiskat i str\u00f6mmande vatten med s\u00e5 h\u00e4r djupt vatten tidigare och det skiljer sig r\u00e4tt mycket i karakt\u00e4r mot de vi tidigare fiskat. Jag t\u00e4nker att jag k\u00f6r djupt och fiska med tv\u00e5 f\u00f6rtyngda nymfer och tafsen \u00e4r f\u00f6rsedd med ett extra blyhagel f\u00f6r att snabbt f\u00e5 ner flugorna. N\u00e5gon vakande fisk ser vi inte alls. <\/p>\n\n\n\n<figure class=\"wp-block-image\"><img loading=\"lazy\" decoding=\"async\" width=\"1024\" height=\"671\" src=\"https:\/\/blogg.fisheco.se\/flugfiskaren\/wp-content\/uploads\/sites\/3\/2019\/09\/received_527159914490887-01-1024x671.jpg\" alt=\"\" class=\"wp-image-3767\" srcset=\"https:\/\/blogg.fisheco.se\/flugfiskaren\/wp-content\/uploads\/sites\/3\/2019\/09\/received_527159914490887-01-1024x671.jpg 1024w, https:\/\/blogg.fisheco.se\/flugfiskaren\/wp-content\/uploads\/sites\/3\/2019\/09\/received_527159914490887-01-300x197.jpg 300w, https:\/\/blogg.fisheco.se\/flugfiskaren\/wp-content\/uploads\/sites\/3\/2019\/09\/received_527159914490887-01-768x503.jpg 768w, https:\/\/blogg.fisheco.se\/flugfiskaren\/wp-content\/uploads\/sites\/3\/2019\/09\/received_527159914490887-01.jpg 1219w\" sizes=\"auto, (max-width: 1024px) 100vw, 1024px\" \/><\/figure>\n\n\n\n<p>Men fisket \u00e4r tr\u00f6gt och jag f\u00e5ngar n\u00e5gon mindre harr och vi f\u00e5ngar flertalet abborrar allihop, verkar vara v\u00e4ldigt gott om dem h\u00e4r i str\u00f6mmarna. N\u00e5gon st\u00f6rre fisk hittar vi inte under dagen och best\u00e4mmer oss f\u00f6r att testa g\u00e4ddfisket under eftermiddagen och kv\u00e4llen ist\u00e4llet. V\u00e5r orginalplan sprack ju som sagt pga bilen och vi f\u00e5r t\u00e4nka om lite. Efter ett samtal med Sigvard p\u00e5 campen s\u00e5 l\u00f6ser han s\u00e5 att vi f\u00e5r l\u00e5na en b\u00e5t som ligger en bit nedstr\u00f6ms i en av &#8221;sj\u00f6arna&#8221; mellan forsarna. Han ber\u00e4ttar att h\u00e4r har ingen fiskat g\u00e4dda p\u00e5 m\u00e5nga \u00e5r, det verkar inte vara n\u00e5got som man satsar p\u00e5 n\u00e4r man \u00e5ker hit\u00e5t. G\u00e4dda \u00e4r inget jag tidigare f\u00f6rknippat fj\u00e4llen med heller men p\u00e5 senare \u00e5r efter b la Bauers filmer fr\u00e5n Tjounajokk n\u00e4r han fiskar g\u00e4dda har man blivit lite mer intresserad av att testa p\u00e5 det. Jag vet att det finns grov g\u00e4dda h\u00e4r och m\u00e5nga anser fortfarande att all g\u00e4dda skall avlivas h\u00e4r d\u00e5 man \u00e4r s\u00e5 r\u00e4dd om harren och \u00f6ringen. Dock s\u00e5 anser jag och \u00e4r \u00f6vertygad om att g\u00e4ddan \u00e4r lika viktig h\u00e4r uppe som nere hos oss f\u00f6r att h\u00e5lla de andra best\u00e5nden i schack. <\/p>\n\n\n\n<figure class=\"wp-block-image\"><img loading=\"lazy\" decoding=\"async\" width=\"1024\" height=\"768\" src=\"https:\/\/blogg.fisheco.se\/flugfiskaren\/wp-content\/uploads\/sites\/3\/2019\/09\/IMG_20190813_180402-01-1024x768.jpg\" alt=\"\" class=\"wp-image-3768\" srcset=\"https:\/\/blogg.fisheco.se\/flugfiskaren\/wp-content\/uploads\/sites\/3\/2019\/09\/IMG_20190813_180402-01-1024x768.jpg 1024w, https:\/\/blogg.fisheco.se\/flugfiskaren\/wp-content\/uploads\/sites\/3\/2019\/09\/IMG_20190813_180402-01-300x225.jpg 300w, https:\/\/blogg.fisheco.se\/flugfiskaren\/wp-content\/uploads\/sites\/3\/2019\/09\/IMG_20190813_180402-01-768x576.jpg 768w, https:\/\/blogg.fisheco.se\/flugfiskaren\/wp-content\/uploads\/sites\/3\/2019\/09\/IMG_20190813_180402-01.jpg 1248w\" sizes=\"auto, (max-width: 1024px) 100vw, 1024px\" \/><\/figure>\n\n\n\n<p>Vi beger oss ned\u00e5t mot b\u00e5ten och efter en ca 20 minuter s\u00e5 \u00e4r vi framme vid en riktigt fin aluminiumb\u00e5t fr\u00e5n Linder som vi f\u00e5r anv\u00e4nda. <br>B\u00e5ten \u00e4r riktigt l\u00e4ttman\u00f6vrerad och stabil, det enda minuset \u00e4r att den \u00e4r v\u00e4ldigt vindk\u00e4nslig n\u00e5got som vi fick erfara n\u00e4r det bl\u00e5ste upp kraftigt under kv\u00e4llen och man ville ju og\u00e4rna hamna i str\u00f6mmen som ledde nedstr\u00f6ms till de stora forsarna som l\u00e5g strax nedanf\u00f6r denna &#8221;sj\u00f6n&#8221;. G\u00e4dda fanns det i massor, jag har aldrig n\u00e5gonsin f\u00e5ngat s\u00e5 m\u00e5nga g\u00e4ddor p\u00e5 ett pass tidigare. De h\u00f6gg som galningar p\u00e5 gummibeten, skeddrag och s\u00e5klart flugor. Vi hade ett fantastiskt fiske men lyckades inte hitta n\u00e5gra st\u00f6rre. De flesta var i 2-3 kilos fiskar men likv\u00e4l en h\u00e4ftig k\u00e4nsla att f\u00e5nga dessa sm\u00e5 kraftpaketen i denna vackra och storslagna naturen. <\/p>\n\n\n\n<figure class=\"wp-block-image\"><img loading=\"lazy\" decoding=\"async\" width=\"1024\" height=\"664\" src=\"https:\/\/blogg.fisheco.se\/flugfiskaren\/wp-content\/uploads\/sites\/3\/2019\/09\/IMG_20190813_183728-01-1024x664.jpg\" alt=\"\" class=\"wp-image-3769\" srcset=\"https:\/\/blogg.fisheco.se\/flugfiskaren\/wp-content\/uploads\/sites\/3\/2019\/09\/IMG_20190813_183728-01-1024x664.jpg 1024w, https:\/\/blogg.fisheco.se\/flugfiskaren\/wp-content\/uploads\/sites\/3\/2019\/09\/IMG_20190813_183728-01-300x194.jpg 300w, https:\/\/blogg.fisheco.se\/flugfiskaren\/wp-content\/uploads\/sites\/3\/2019\/09\/IMG_20190813_183728-01-768x498.jpg 768w, https:\/\/blogg.fisheco.se\/flugfiskaren\/wp-content\/uploads\/sites\/3\/2019\/09\/IMG_20190813_183728-01.jpg 1251w\" sizes=\"auto, (max-width: 1024px) 100vw, 1024px\" \/><figcaption><br><\/figcaption><\/figure>\n\n\n\n<p>Innan skymmningen s\u00e5 beger vi oss tillbaka till stugan och k\u00e4nner oss r\u00e4tt n\u00f6jda med vad g\u00e4ddfiske-satsningen gav oss.<\/p>\n\n\n\n<p> N\u00e4sta morgonen n\u00e4r vi stod och borstade t\u00e4nderna utanf\u00f6r stugan s\u00e5g vi ett stim med st\u00f6rre fiskar som simmade nedanf\u00f6r stugan. Man s\u00e5g att de hade v\u00e4ldigt r\u00f6da fenor men var sv\u00e5rt att avg\u00f6ra vilken art de var. Fr\u00e5n stugan ned till vattnet var det ca 2-3 meter s\u00e5 jag f\u00f6rstod att de skulle bli trixigt att f\u00e5 till n\u00e5gon vidare presentation  av min fluga d\u00e4r. Men jag var tvungen att f\u00f6rs\u00f6ka, f\u00f6rsta f\u00f6rs\u00f6ket misslyckas med att locka upp dem p\u00e5 torrt. Stimmet f\u00f6rsvinner iv\u00e4g men kommer tillbaka igen och jag g\u00f6r ett nytt f\u00f6rs\u00f6k. Denna g\u00e5ngen med en liten kopparnymf. En av fiskarna bli nyfiken och ta flugan direkt, ett snabbt mothugg och fisken sitter. Nu var det dags f\u00f6r n\u00e4sta utmaning att ta sig ned till vattnet, men jag lyckas halka mig ned och som tur var sitter vadarbyxorna redan p\u00e5. En riktigt stadig Id kan landas, f\u00f6rst lite av en besvikelse f\u00f6r att jag f\u00f6r en liten stund hoppats att jag f\u00e5tt p\u00e5 en r\u00f6ding eller \u00f6ring. Men en supertjock Id p\u00e5 n\u00e4stan 2 kg \u00e4r inte fy skam heller.<\/p>\n\n\n\n<figure class=\"wp-block-image\"><img loading=\"lazy\" decoding=\"async\" width=\"1024\" height=\"684\" src=\"https:\/\/blogg.fisheco.se\/flugfiskaren\/wp-content\/uploads\/sites\/3\/2019\/09\/received_2354477101303292-01-1024x684.jpg\" alt=\"\" class=\"wp-image-3770\" srcset=\"https:\/\/blogg.fisheco.se\/flugfiskaren\/wp-content\/uploads\/sites\/3\/2019\/09\/received_2354477101303292-01-1024x684.jpg 1024w, https:\/\/blogg.fisheco.se\/flugfiskaren\/wp-content\/uploads\/sites\/3\/2019\/09\/received_2354477101303292-01-300x200.jpg 300w, https:\/\/blogg.fisheco.se\/flugfiskaren\/wp-content\/uploads\/sites\/3\/2019\/09\/received_2354477101303292-01-768x513.jpg 768w, https:\/\/blogg.fisheco.se\/flugfiskaren\/wp-content\/uploads\/sites\/3\/2019\/09\/received_2354477101303292-01.jpg 1285w\" sizes=\"auto, (max-width: 1024px) 100vw, 1024px\" \/><\/figure>\n\n\n\n<p>Denna dag hade vi bokat en specialstr\u00e4cka som kallas f\u00f6r Drogsj\u00f6forsen. Som i resterande delar av str\u00f6mstr\u00e4ckorna var det h\u00e4r v\u00e4ldigt djupt och stora snabba forsar. Man gick p\u00e5 klippblock och det var r\u00e4tt sv\u00e5rfiskat d\u00e5 man inte kunde vada n\u00e5gonstans egentligen. Jag kan ganska snabbt kroka en b\u00e4ttre harr \u00e4ven denna p\u00e5 en rej\u00e4lt f\u00f6rtyngd nymf. Min k\u00e4re far stod och drog abborrar p\u00e5 andra sidan str\u00f6mmen, har skrivit det tidigare men det var helt galet mycket abborre i denna \u00e5n. Tommy som \u00e4r v\u00e4ldigt ny inom flugfisket k\u00e4mpade p\u00e5 och han kunde till slut landa sin livs f\u00f6rsta harr. De var ingen rekordfisk men riktigt kul f\u00f6r han att f\u00e5 den arten vi \u00e5kte upp hit f\u00f6r, s\u00e4rskilt efter allt strul som varit under resans g\u00e5ng.  <\/p>\n\n\n\n<figure class=\"wp-block-image\"><img loading=\"lazy\" decoding=\"async\" width=\"1024\" height=\"768\" src=\"https:\/\/blogg.fisheco.se\/flugfiskaren\/wp-content\/uploads\/sites\/3\/2019\/09\/received_2453924194879430-01-1024x768.jpg\" alt=\"\" class=\"wp-image-3771\" srcset=\"https:\/\/blogg.fisheco.se\/flugfiskaren\/wp-content\/uploads\/sites\/3\/2019\/09\/received_2453924194879430-01-1024x768.jpg 1024w, https:\/\/blogg.fisheco.se\/flugfiskaren\/wp-content\/uploads\/sites\/3\/2019\/09\/received_2453924194879430-01-300x225.jpg 300w, https:\/\/blogg.fisheco.se\/flugfiskaren\/wp-content\/uploads\/sites\/3\/2019\/09\/received_2453924194879430-01-768x576.jpg 768w, https:\/\/blogg.fisheco.se\/flugfiskaren\/wp-content\/uploads\/sites\/3\/2019\/09\/received_2453924194879430-01.jpg 1216w\" sizes=\"auto, (max-width: 1024px) 100vw, 1024px\" \/><figcaption>En bild f\u00e5ngad vid r\u00e4tt eller kanske fel tillf\u00e4lle&#8230;<\/figcaption><\/figure>\n\n\n\n<p>Det blev lite mer fiske vid stugan denna kv\u00e4llen innan det var dags f\u00f6r en nerv\u00f6s bilf\u00e4rd hem\u00e5t, men otroligt nog h\u00f6ll faktiskt bilen hela v\u00e4gen hem. Bilen \u00e4r f\u00f6r \u00f6vrigt en Fiat Freemont och \u00e4r till salu nu&#8230;.<\/p>\n","protected":false},"excerpt":{"rendered":"<p>S\u00e5 var det \u00e4ntligen dags att \u00e5ka norrut igen. De var 8 \u00e5r sedan sist jag var i de norra delarna av Sverige f\u00f6r att fiska, tidigare var vi h\u00e4r varje sommar. Men de sista \u00e5ren har det inte blivit &hellip; <a href=\"https:\/\/blogg.fisheco.se\/flugfiskaren\/2019\/09\/04\/albacken\/\">Forts\u00e4tt l\u00e4sa <span class=\"meta-nav\">&rarr;<\/span><\/a><\/p>\n","protected":false},"author":10,"featured_media":0,"comment_status":"open","ping_status":"open","sticky":false,"template":"","format":"standard","meta":{"footnotes":""},"categories":[1],"tags":[],"class_list":["post-3762","post","type-post","status-publish","format-standard","hentry","category-okategoriserade"],"_links":{"self":[{"href":"https:\/\/blogg.fisheco.se\/flugfiskaren\/wp-json\/wp\/v2\/posts\/3762","targetHints":{"allow":["GET"]}}],"collection":[{"href":"https:\/\/blogg.fisheco.se\/flugfiskaren\/wp-json\/wp\/v2\/posts"}],"about":[{"href":"https:\/\/blogg.fisheco.se\/flugfiskaren\/wp-json\/wp\/v2\/types\/post"}],"author":[{"embeddable":true,"href":"https:\/\/blogg.fisheco.se\/flugfiskaren\/wp-json\/wp\/v2\/users\/10"}],"replies":[{"embeddable":true,"href":"https:\/\/blogg.fisheco.se\/flugfiskaren\/wp-json\/wp\/v2\/comments?post=3762"}],"version-history":[{"count":0,"href":"https:\/\/blogg.fisheco.se\/flugfiskaren\/wp-json\/wp\/v2\/posts\/3762\/revisions"}],"wp:attachment":[{"href":"https:\/\/blogg.fisheco.se\/flugfiskaren\/wp-json\/wp\/v2\/media?parent=3762"}],"wp:term":[{"taxonomy":"category","embeddable":true,"href":"https:\/\/blogg.fisheco.se\/flugfiskaren\/wp-json\/wp\/v2\/categories?post=3762"},{"taxonomy":"post_tag","embeddable":true,"href":"https:\/\/blogg.fisheco.se\/flugfiskaren\/wp-json\/wp\/v2\/tags?post=3762"}],"curies":[{"name":"wp","href":"https:\/\/api.w.org\/{rel}","templated":true}]}}