{"id":3413,"date":"2018-05-26T21:47:25","date_gmt":"2018-05-26T19:47:25","guid":{"rendered":"http:\/\/www.fisheco.se\/blogg\/flugfiskaren\/?p=3413"},"modified":"2018-05-26T21:47:25","modified_gmt":"2018-05-26T19:47:25","slug":"gaddfabriken-2018-2","status":"publish","type":"post","link":"https:\/\/blogg.fisheco.se\/flugfiskaren\/2018\/05\/26\/gaddfabriken-2018-2\/","title":{"rendered":"G\u00e4ddfabriken 2018"},"content":{"rendered":"<p>Nu \u00e4r \u00e5rets st\u00f6rsta fiskev\u00e5rdsprojekt f\u00f6r v\u00e5r f\u00f6rening <strong><em><a href=\"http:\/\/www.torsassportfiske.com\" target=\"_blank\" rel=\"noopener\">Tors\u00e5sbygdens Sportfiskeklubb <\/a><\/em><\/strong>avklarat. Dammen \u00e4r t\u00f6md och de sista g\u00e4ddorna \u00e4r ute i havet, totalt landade det p\u00e5 strax \u00f6ver 4300 g\u00e4ddor utsl\u00e4ppta. Som jag skrivit tidigare s\u00e5 \u00e4r en av f\u00f6rdelarna i v\u00e5r fabrik att de \u00e4r 6-8 cm stora g\u00e4ddyngel som s\u00e4tts ut i havet. De \u00e4r s\u00e5 pass stora d\u00e5 s\u00e5 att de skall klara sig ifr\u00e5n att bli upp\u00e4tna av spigg och annat som g\u00e4rna \u00e4ter fiskyngel. Vi \u00e4r v\u00e4ldigt n\u00f6jda med \u00e5rets resultat och det k\u00e4nns fantastiskt roligt, s\u00e4rskild efter alla timmars slit. Tack vare flera eldsj\u00e4lar i f\u00f6reningen s\u00e5 har vi lyckats med detta, fantastiska m\u00e4nniskor som jobbar ideellt med detta.<\/p>\n<p><img loading=\"lazy\" decoding=\"async\" class=\"aligncenter wp-image-3414 size-large\" src=\"https:\/\/blogg.fisheco.se\/flugfiskaren\/wp-content\/uploads\/sites\/3\/2018\/05\/DSC_7316-1024x653.jpg\" alt=\"\" width=\"584\" height=\"372\" srcset=\"https:\/\/blogg.fisheco.se\/flugfiskaren\/wp-content\/uploads\/sites\/3\/2018\/05\/DSC_7316-1024x653.jpg 1024w, https:\/\/blogg.fisheco.se\/flugfiskaren\/wp-content\/uploads\/sites\/3\/2018\/05\/DSC_7316-300x191.jpg 300w, https:\/\/blogg.fisheco.se\/flugfiskaren\/wp-content\/uploads\/sites\/3\/2018\/05\/DSC_7316-768x490.jpg 768w, https:\/\/blogg.fisheco.se\/flugfiskaren\/wp-content\/uploads\/sites\/3\/2018\/05\/DSC_7316-1536x979.jpg 1536w, https:\/\/blogg.fisheco.se\/flugfiskaren\/wp-content\/uploads\/sites\/3\/2018\/05\/DSC_7316-2048x1306.jpg 2048w\" sizes=\"auto, (max-width: 584px) 100vw, 584px\" \/>Under \u00e5rets g\u00e4ddfabrik s\u00e5 har jag f\u00f6rs\u00f6kt dokumentera en del och har klippt ihop en liten film som kommunen h\u00e4r var intresserad av men jag delar den h\u00e4r f\u00f6r f\u00f6rsta g\u00e5ngen.<br \/>\nS\u00e5 kika in klippet h\u00e4r nedan och se vad vi pysslar med.<\/p>\n<p><iframe loading=\"lazy\" title=\"Bergkvara Ga\u0308ddfabrik\" width=\"584\" height=\"329\" src=\"https:\/\/www.youtube.com\/embed\/Wk3ZGN1UL_Q?start=3&#038;feature=oembed\" frameborder=\"0\" allow=\"accelerometer; autoplay; clipboard-write; encrypted-media; gyroscope; picture-in-picture; web-share\" referrerpolicy=\"strict-origin-when-cross-origin\" allowfullscreen><\/iframe><\/p>\n","protected":false},"excerpt":{"rendered":"<p>Nu \u00e4r \u00e5rets st\u00f6rsta fiskev\u00e5rdsprojekt f\u00f6r v\u00e5r f\u00f6rening Tors\u00e5sbygdens Sportfiskeklubb avklarat. Dammen \u00e4r t\u00f6md och de sista g\u00e4ddorna \u00e4r ute i havet, totalt landade det p\u00e5 strax \u00f6ver 4300 g\u00e4ddor utsl\u00e4ppta. Som jag skrivit tidigare s\u00e5 \u00e4r en av f\u00f6rdelarna &hellip; <a href=\"https:\/\/blogg.fisheco.se\/flugfiskaren\/2018\/05\/26\/gaddfabriken-2018-2\/\">Forts\u00e4tt l\u00e4sa <span class=\"meta-nav\">&rarr;<\/span><\/a><\/p>\n","protected":false},"author":10,"featured_media":0,"comment_status":"open","ping_status":"open","sticky":false,"template":"","format":"standard","meta":{"footnotes":""},"categories":[185,72,135],"tags":[184,198,137,288,148,117,121,122,118,157,229,289,139,140,146,150,134,193],"class_list":["post-3413","post","type-post","status-publish","format-standard","hentry","category-bergkvara","category-gadda","category-youtube","tag-bergkvara-gaddfestival","tag-fisheco","tag-fishline-2","tag-fiskejournalen","tag-fiskevard","tag-flugfiskaren-i-smaland","tag-flugfiskarenismaland","tag-flugfiske","tag-flugfiskeblogg","tag-gadda","tag-gaddfabriken","tag-gaddfabriken-se","tag-gaddflugfiske","tag-ge-fan-i-vara-vatten","tag-sportfiskarna","tag-torsasbygdens-sportfiskeklubb-2","tag-vision-2","tag-youtube"],"_links":{"self":[{"href":"https:\/\/blogg.fisheco.se\/flugfiskaren\/wp-json\/wp\/v2\/posts\/3413","targetHints":{"allow":["GET"]}}],"collection":[{"href":"https:\/\/blogg.fisheco.se\/flugfiskaren\/wp-json\/wp\/v2\/posts"}],"about":[{"href":"https:\/\/blogg.fisheco.se\/flugfiskaren\/wp-json\/wp\/v2\/types\/post"}],"author":[{"embeddable":true,"href":"https:\/\/blogg.fisheco.se\/flugfiskaren\/wp-json\/wp\/v2\/users\/10"}],"replies":[{"embeddable":true,"href":"https:\/\/blogg.fisheco.se\/flugfiskaren\/wp-json\/wp\/v2\/comments?post=3413"}],"version-history":[{"count":0,"href":"https:\/\/blogg.fisheco.se\/flugfiskaren\/wp-json\/wp\/v2\/posts\/3413\/revisions"}],"wp:attachment":[{"href":"https:\/\/blogg.fisheco.se\/flugfiskaren\/wp-json\/wp\/v2\/media?parent=3413"}],"wp:term":[{"taxonomy":"category","embeddable":true,"href":"https:\/\/blogg.fisheco.se\/flugfiskaren\/wp-json\/wp\/v2\/categories?post=3413"},{"taxonomy":"post_tag","embeddable":true,"href":"https:\/\/blogg.fisheco.se\/flugfiskaren\/wp-json\/wp\/v2\/tags?post=3413"}],"curies":[{"name":"wp","href":"https:\/\/api.w.org\/{rel}","templated":true}]}}