{"id":3112,"date":"2017-09-03T09:00:46","date_gmt":"2017-09-03T07:00:46","guid":{"rendered":"http:\/\/www.fisheco.se\/blogg\/flugfiskaren\/?p=3112"},"modified":"2017-09-03T09:00:46","modified_gmt":"2017-09-03T07:00:46","slug":"gaddfabriken-2k17-2","status":"publish","type":"post","link":"https:\/\/blogg.fisheco.se\/flugfiskaren\/2017\/09\/03\/gaddfabriken-2k17-2\/","title":{"rendered":"G\u00e4ddfabriken 2k17"},"content":{"rendered":"<p>H\u00e4r kommer \u00e4nnu ett inl\u00e4gg som varit ett av de mest visade under \u00e5ret.<\/p>\n<p>F\u00f6reningen som jag ofta skriver om, <a href=\"http:\/\/www.torsassportfiske.com\" target=\"_blank\" rel=\"noopener\">Tors\u00e5sbygdens Sportfiskeklubb<\/a> har en g\u00e4ddfabrik.<\/p>\n<div id=\"attachment_2870\" style=\"width: 484px\" class=\"wp-caption aligncenter\"><a href=\"https:\/\/flugfiskarenismaland.files.wordpress.com\/2017\/05\/fb2.jpg\" target=\"_blank\" rel=\"noopener\"><img loading=\"lazy\" decoding=\"async\" aria-describedby=\"caption-attachment-2870\" class=\"wp-image-2870 size-large\" src=\"https:\/\/flugfiskarenismaland.files.wordpress.com\/2017\/05\/fb2.jpg?w=474\" alt=\"\" width=\"474\" height=\"242\" srcset=\"https:\/\/blogg.fisheco.se\/flugfiskaren\/wp-content\/uploads\/sites\/3\/2017\/05\/fb2.jpg 2134w, https:\/\/blogg.fisheco.se\/flugfiskaren\/wp-content\/uploads\/sites\/3\/2017\/05\/fb2-300x153.jpg 300w, https:\/\/blogg.fisheco.se\/flugfiskaren\/wp-content\/uploads\/sites\/3\/2017\/05\/fb2-1024x524.jpg 1024w, https:\/\/blogg.fisheco.se\/flugfiskaren\/wp-content\/uploads\/sites\/3\/2017\/05\/fb2-768x393.jpg 768w, https:\/\/blogg.fisheco.se\/flugfiskaren\/wp-content\/uploads\/sites\/3\/2017\/05\/fb2-1536x785.jpg 1536w, https:\/\/blogg.fisheco.se\/flugfiskaren\/wp-content\/uploads\/sites\/3\/2017\/05\/fb2-2048x1047.jpg 2048w\" sizes=\"auto, (max-width: 474px) 100vw, 474px\" \/><\/a><p id=\"caption-attachment-2870\" class=\"wp-caption-text\">G\u00e4ddbebis<\/p><\/div>\n<p>Vi \u00e4r inne p\u00e5 v\u00e5rt fj\u00e4rde \u00e5r med fabriken, andra \u00e5ret som f\u00f6reningen sj\u00e4lva ansvarar f\u00f6r den. Efter ett misslyckat f\u00f6rg\u00e5ende \u00e5r s\u00e5 var f\u00f6rhoppningarna h\u00f6ga detta \u00e5ret och vi har f\u00f6rs\u00f6kt l\u00e4ra oss av v\u00e5ra misstag. Men med en del strul med att f\u00e5 ut g\u00e4ddorna fr\u00e5n dammen efter lek och det kraftigt varierande v\u00e4dret som varit denna v\u00e5ren s\u00e5 var inte f\u00f6rhoppningarna stora. Men i fredags b\u00f6rjade vi t\u00f6mma fabriken p\u00e5 vatten.<\/p>\n<div id=\"attachment_2871\" style=\"width: 484px\" class=\"wp-caption aligncenter\"><a href=\"https:\/\/flugfiskarenismaland.files.wordpress.com\/2017\/05\/fb1.jpg\" target=\"_blank\" rel=\"noopener\"><img loading=\"lazy\" decoding=\"async\" aria-describedby=\"caption-attachment-2871\" class=\"wp-image-2871 size-large\" src=\"https:\/\/flugfiskarenismaland.files.wordpress.com\/2017\/05\/fb1.jpg?w=474\" alt=\"\" width=\"474\" height=\"316\" \/><\/a><p id=\"caption-attachment-2871\" class=\"wp-caption-text\">Fina f\u00f6rh\u00e5llanden f\u00f6r g\u00e4ddan att leka p\u00e5<\/p><\/div>\n<p>Fabriken \u00e4r egentligen en liten &#8221;damm&#8221; som \u00e4r knappt 50 cm djup p\u00e5 djupaste st\u00e4llet. Under sommarhalv\u00e5ret s\u00e5 betar kossorna h\u00e4r och tidig v\u00e5r s\u00e5 fyller vi upp med vatten och t\u00e4ta dammen som ligger i direkt anslutning med havet.<\/p>\n<div id=\"attachment_2868\" style=\"width: 484px\" class=\"wp-caption aligncenter\"><a href=\"https:\/\/flugfiskarenismaland.files.wordpress.com\/2017\/05\/fb4.jpg\" target=\"_blank\" rel=\"noopener\"><img loading=\"lazy\" decoding=\"async\" aria-describedby=\"caption-attachment-2868\" class=\"wp-image-2868 size-large\" src=\"https:\/\/flugfiskarenismaland.files.wordpress.com\/2017\/05\/fb4.jpg?w=474\" alt=\"\" width=\"474\" height=\"291\" srcset=\"https:\/\/blogg.fisheco.se\/flugfiskaren\/wp-content\/uploads\/sites\/3\/2017\/05\/fb4.jpg 2228w, https:\/\/blogg.fisheco.se\/flugfiskaren\/wp-content\/uploads\/sites\/3\/2017\/05\/fb4-300x184.jpg 300w, https:\/\/blogg.fisheco.se\/flugfiskaren\/wp-content\/uploads\/sites\/3\/2017\/05\/fb4-1024x630.jpg 1024w, https:\/\/blogg.fisheco.se\/flugfiskaren\/wp-content\/uploads\/sites\/3\/2017\/05\/fb4-768x472.jpg 768w, https:\/\/blogg.fisheco.se\/flugfiskaren\/wp-content\/uploads\/sites\/3\/2017\/05\/fb4-1536x944.jpg 1536w, https:\/\/blogg.fisheco.se\/flugfiskaren\/wp-content\/uploads\/sites\/3\/2017\/05\/fb4-2048x1259.jpg 2048w\" sizes=\"auto, (max-width: 474px) 100vw, 474px\" \/><\/a><p id=\"caption-attachment-2868\" class=\"wp-caption-text\">En n\u00e4ve g\u00e4ddor<\/p><\/div>\n<p>N\u00e4r vi sedan t\u00f6mmer dammen har vi en r\u00e4nna som vattnet rinner igenom f\u00f6r att sedan landa i en stor plastbalja. Farten p\u00e5 vattnet n\u00e4r vi t\u00f6mmer \u00e4r precis lagom f\u00f6r att inte vattnet skall sv\u00e4mma \u00f6ver i baljan som \u00a0\u00e4r full med sm\u00e5 h\u00e5l som vattnet rinner igenom. P\u00e5 detta viset f\u00e5r vi koll p\u00e5 hur m\u00e5nga g\u00e4ddor som kommer ut fr\u00e5n fabriken. Sj\u00e4lva t\u00f6mningen av dammen tar ett antal dagar och i fredags s\u00e5g det inte positivt ut med endast 5 st sm\u00e5 g\u00e4ddyngel. Men imorse s\u00e5 var jag och Hasse &#8221;Pastorn&#8221; p\u00e5 plats f\u00f6r att se vad natten hade givit oss. Och till v\u00e5r stora gl\u00e4dje var baljan full med sm\u00e5 g\u00e4ddyngel p\u00e5 ett par cm. Fantastikt fina fiskar.<\/p>\n<div id=\"attachment_2865\" style=\"width: 484px\" class=\"wp-caption aligncenter\"><a href=\"https:\/\/flugfiskarenismaland.files.wordpress.com\/2017\/05\/fb7.jpg\" target=\"_blank\" rel=\"noopener\"><img loading=\"lazy\" decoding=\"async\" aria-describedby=\"caption-attachment-2865\" class=\"wp-image-2865 size-large\" src=\"https:\/\/flugfiskarenismaland.files.wordpress.com\/2017\/05\/fb7.jpg?w=474\" alt=\"\" width=\"474\" height=\"296\" \/><\/a><p id=\"caption-attachment-2865\" class=\"wp-caption-text\">H\u00e4r mellanlandar g\u00e4ddorna innan de skall ut i havet<\/p><\/div>\n<p>Vi r\u00e4knade det till ca 350 g\u00e4ddor och under dagen har det kommit ut \u00e4n fler s\u00e5 i nul\u00e4get har det kommit ut ca 400 g\u00e4ddor. 1\/5 del av dammen \u00e4r t\u00f6md och f\u00f6rhoppningsvis blir det m\u00e5nga, m\u00e5nga fler g\u00e4ddor innan dammen \u00e4r helt t\u00f6md p\u00e5 vatten.<br \/>\nKul n\u00e4r fiskev\u00e5rdsarbetet vi g\u00f6r ger utdelning!<\/p>\n<p><a href=\"https:\/\/www.facebook.com\/flugfiskarenismaland\/videos\/888006798017816\/\" target=\"_blank\" rel=\"noopener\">https:\/\/www.facebook.com\/flugfiskarenismaland\/videos\/888006798017816\/<\/a><\/p>\n","protected":false},"excerpt":{"rendered":"<p>H\u00e4r kommer \u00e4nnu ett inl\u00e4gg som varit ett av de mest visade under \u00e5ret. F\u00f6reningen som jag ofta skriver om, Tors\u00e5sbygdens Sportfiskeklubb har en g\u00e4ddfabrik. Vi \u00e4r inne p\u00e5 v\u00e5rt fj\u00e4rde \u00e5r med fabriken, andra \u00e5ret som f\u00f6reningen sj\u00e4lva ansvarar &hellip; <a href=\"https:\/\/blogg.fisheco.se\/flugfiskaren\/2017\/09\/03\/gaddfabriken-2k17-2\/\">Forts\u00e4tt l\u00e4sa <span class=\"meta-nav\">&rarr;<\/span><\/a><\/p>\n","protected":false},"author":10,"featured_media":0,"comment_status":"open","ping_status":"open","sticky":false,"template":"","format":"standard","meta":{"footnotes":""},"categories":[1],"tags":[198,288,148,117,157,229,289,150],"class_list":["post-3112","post","type-post","status-publish","format-standard","hentry","category-okategoriserade","tag-fisheco","tag-fiskejournalen","tag-fiskevard","tag-flugfiskaren-i-smaland","tag-gadda","tag-gaddfabriken","tag-gaddfabriken-se","tag-torsasbygdens-sportfiskeklubb-2"],"_links":{"self":[{"href":"https:\/\/blogg.fisheco.se\/flugfiskaren\/wp-json\/wp\/v2\/posts\/3112","targetHints":{"allow":["GET"]}}],"collection":[{"href":"https:\/\/blogg.fisheco.se\/flugfiskaren\/wp-json\/wp\/v2\/posts"}],"about":[{"href":"https:\/\/blogg.fisheco.se\/flugfiskaren\/wp-json\/wp\/v2\/types\/post"}],"author":[{"embeddable":true,"href":"https:\/\/blogg.fisheco.se\/flugfiskaren\/wp-json\/wp\/v2\/users\/10"}],"replies":[{"embeddable":true,"href":"https:\/\/blogg.fisheco.se\/flugfiskaren\/wp-json\/wp\/v2\/comments?post=3112"}],"version-history":[{"count":0,"href":"https:\/\/blogg.fisheco.se\/flugfiskaren\/wp-json\/wp\/v2\/posts\/3112\/revisions"}],"wp:attachment":[{"href":"https:\/\/blogg.fisheco.se\/flugfiskaren\/wp-json\/wp\/v2\/media?parent=3112"}],"wp:term":[{"taxonomy":"category","embeddable":true,"href":"https:\/\/blogg.fisheco.se\/flugfiskaren\/wp-json\/wp\/v2\/categories?post=3112"},{"taxonomy":"post_tag","embeddable":true,"href":"https:\/\/blogg.fisheco.se\/flugfiskaren\/wp-json\/wp\/v2\/tags?post=3112"}],"curies":[{"name":"wp","href":"https:\/\/api.w.org\/{rel}","templated":true}]}}