{"id":2959,"date":"2017-08-13T00:03:55","date_gmt":"2017-08-12T22:03:55","guid":{"rendered":"http:\/\/flugfiskarenismaland.com\/?p=2959"},"modified":"2017-08-13T00:03:55","modified_gmt":"2017-08-12T22:03:55","slug":"sommargadda","status":"publish","type":"post","link":"https:\/\/blogg.fisheco.se\/flugfiskaren\/2017\/08\/13\/sommargadda\/","title":{"rendered":"Sommarg\u00e4dda"},"content":{"rendered":"<p><a href=\"https:\/\/blogg.fisheco.se\/flugfiskaren\/wp-content\/uploads\/sites\/3\/2017\/08\/dsc_4604.jpg\"><img loading=\"lazy\" decoding=\"async\" class=\"aligncenter wp-image-2961 size-large\" src=\"https:\/\/blogg.fisheco.se\/flugfiskaren\/wp-content\/uploads\/sites\/3\/2017\/08\/dsc_4604.jpg?w=474\" alt=\"\" width=\"474\" height=\"321\" \/><\/a><\/p>\n<p>G\u00e4ddfisket under sommaren \u00e4r n\u00e5got jag inte \u00e4gnat s\u00e4rskilt mycket tid \u00e5t de senaste \u00e5ren. Det har oftast handlat om \u00f6ring, regnb\u00e5ge och harr. De har nog varit s\u00e5 pga att jag t\u00e4nkt att de \u00e4nd\u00e5 inte g\u00e5r att n\u00e5 p\u00e5 mina vanligtvis bra st\u00e4llen d\u00e4r djupet oftast \u00e4r som mest 2 meter. Det kan ocks\u00e5 ha att g\u00f6ra med att g\u00e4ddfisket inte varit lika stort d\u00e5 som det \u00e4r nu f\u00f6r mig. Numera rankar jag g\u00e4ddfisket h\u00f6gst och det \u00e4r ju en fantastisk sportfisk som alla kan relatera till p\u00e5 ett eller annat vis.<\/p>\n<div id=\"attachment_2960\" style=\"width: 484px\" class=\"wp-caption aligncenter\"><a href=\"https:\/\/blogg.fisheco.se\/flugfiskaren\/wp-content\/uploads\/sites\/3\/2017\/08\/dsc_4600.jpg\"><img loading=\"lazy\" decoding=\"async\" aria-describedby=\"caption-attachment-2960\" class=\"wp-image-2960 size-large\" src=\"https:\/\/blogg.fisheco.se\/flugfiskaren\/wp-content\/uploads\/sites\/3\/2017\/08\/dsc_4600.jpg?w=474\" alt=\"\" width=\"474\" height=\"594\" \/><\/a><p id=\"caption-attachment-2960\" class=\"wp-caption-text\">John med en fin 95:a fr\u00e5n i sommar<\/p><\/div>\n<p>Denna sommaren har jag gett g\u00e4ddfisket n\u00e5gra chanser och det har varit med blandade resultat. P\u00e5 sommaren n\u00e4r det \u00e4r goda chanser till vindfria dagar med str\u00e5lande sol \u00e4r det ofta sv\u00e5rt att komma i kontakt med dem.<\/p>\n<p><a href=\"https:\/\/blogg.fisheco.se\/flugfiskaren\/wp-content\/uploads\/sites\/3\/2017\/06\/dsc_4226.jpg\"><img loading=\"lazy\" decoding=\"async\" class=\"aligncenter wp-image-2904 size-large\" src=\"https:\/\/blogg.fisheco.se\/flugfiskaren\/wp-content\/uploads\/sites\/3\/2017\/06\/dsc_4226.jpg?w=474\" alt=\"\" width=\"474\" height=\"346\" \/><\/a><\/p>\n<p>Men under lite bl\u00e5sigare dagar med mycket moln s\u00e5 \u00e4r de inte alls lika f\u00f6rsiktiga och fisket kan vara riktigt bra. En nyckel \u00e4r att hitta platser d\u00e4r fisken har hyfsat n\u00e4ra till lite djupare vatten och d\u00e4r det finns grund som fisken kan g\u00e5 in och jaga p\u00e5. Ofta har fisket varit som hetast f\u00f6r egen del mellan 8-9 p\u00e5 kv\u00e4llen. N\u00e5got som gett resultat n\u00e4r man haft mycket f\u00f6ljare har varit att s\u00e4tta lite fart p\u00e5 betet f\u00f6r att &#8221;trigga&#8221; hugget.<\/p>\n<p><a href=\"https:\/\/blogg.fisheco.se\/flugfiskaren\/wp-content\/uploads\/sites\/3\/2017\/06\/dsc_4237.jpg\"><img loading=\"lazy\" decoding=\"async\" class=\"aligncenter wp-image-2911 size-large\" src=\"https:\/\/blogg.fisheco.se\/flugfiskaren\/wp-content\/uploads\/sites\/3\/2017\/06\/dsc_4237.jpg?w=474\" alt=\"\" width=\"474\" height=\"710\" \/><\/a><\/p>\n<p>S\u00e5 ta till vara p\u00e5 de sista sommardagarna nu och ut och fiska g\u00e4dda. Ett litet men viktigt tips \u00e4r att hantera fisken extra varsamt n\u00e4r det \u00e4r s\u00e5 pass varmt i vattnet som de \u00e4r nu. Ha g\u00e4rna fisken i h\u00e5ven tills ni \u00e4r redo f\u00f6r fotografering och lyft sedan snabbt upp f\u00f6r foto och l\u00e5t fisken simma tillbaka. Drilla inte med f\u00f6r l\u00e4tta grejer s\u00e5 att fisken blir allt f\u00f6r tr\u00f6tt heller. Ja nu blev det flera tips men k\u00f6r p\u00e5 det och ha ett riktigt skitfiske!<\/p>\n<p><a href=\"https:\/\/blogg.fisheco.se\/flugfiskaren\/wp-content\/uploads\/sites\/3\/2017\/08\/dsc_4608.jpg\"><img loading=\"lazy\" decoding=\"async\" class=\"aligncenter wp-image-2964 size-large\" src=\"https:\/\/blogg.fisheco.se\/flugfiskaren\/wp-content\/uploads\/sites\/3\/2017\/08\/dsc_4608.jpg?w=474\" alt=\"\" width=\"474\" height=\"259\" \/><\/a><\/p>\n<p>Ps nu har vi b\u00f6rjat med planeringen inf\u00f6r \u00e5rets stora t\u00e4vling &#8211; <a href=\"http:\/\/www.torsassportfiske.com\" target=\"_blank\" rel=\"noopener\">Bergkvara G\u00e4ddfestival<\/a>. Grymma priser att vinna \u00e4ven i \u00e5r, b la ett specialdesignat tr\u00e4bete fr\u00e5n en mycket duktig betesbyggare.<\/p>\n<p><a href=\"https:\/\/blogg.fisheco.se\/flugfiskaren\/wp-content\/uploads\/sites\/3\/2017\/08\/nybgf2017.jpg\"><img loading=\"lazy\" decoding=\"async\" class=\"aligncenter wp-image-2962 size-large\" src=\"https:\/\/blogg.fisheco.se\/flugfiskaren\/wp-content\/uploads\/sites\/3\/2017\/08\/nybgf2017.jpg?w=474\" alt=\"\" width=\"474\" height=\"617\" srcset=\"https:\/\/blogg.fisheco.se\/flugfiskaren\/wp-content\/uploads\/sites\/3\/2017\/08\/nybgf2017.jpg 1949w, https:\/\/blogg.fisheco.se\/flugfiskaren\/wp-content\/uploads\/sites\/3\/2017\/08\/nybgf2017-230x300.jpg 230w, https:\/\/blogg.fisheco.se\/flugfiskaren\/wp-content\/uploads\/sites\/3\/2017\/08\/nybgf2017-786x1024.jpg 786w, https:\/\/blogg.fisheco.se\/flugfiskaren\/wp-content\/uploads\/sites\/3\/2017\/08\/nybgf2017-768x1000.jpg 768w, https:\/\/blogg.fisheco.se\/flugfiskaren\/wp-content\/uploads\/sites\/3\/2017\/08\/nybgf2017-1179x1536.jpg 1179w, https:\/\/blogg.fisheco.se\/flugfiskaren\/wp-content\/uploads\/sites\/3\/2017\/08\/nybgf2017-1572x2048.jpg 1572w\" sizes=\"auto, (max-width: 474px) 100vw, 474px\" \/><\/a><\/p>\n","protected":false},"excerpt":{"rendered":"<p>G\u00e4ddfisket under sommaren \u00e4r n\u00e5got jag inte \u00e4gnat s\u00e4rskilt mycket tid \u00e5t de senaste \u00e5ren. Det har oftast handlat om \u00f6ring, regnb\u00e5ge och harr. De har nog varit s\u00e5 pga att jag t\u00e4nkt att de \u00e4nd\u00e5 inte g\u00e5r att n\u00e5 &hellip; <a href=\"https:\/\/blogg.fisheco.se\/flugfiskaren\/2017\/08\/13\/sommargadda\/\">Forts\u00e4tt l\u00e4sa <span class=\"meta-nav\">&rarr;<\/span><\/a><\/p>\n","protected":false},"author":10,"featured_media":0,"comment_status":"open","ping_status":"open","sticky":false,"template":"","format":"standard","meta":{"footnotes":""},"categories":[72],"tags":[184,198,137,123,117,121,122,118,139,140,208,146,147,150],"class_list":["post-2959","post","type-post","status-publish","format-standard","hentry","category-gadda","tag-bergkvara-gaddfestival","tag-fisheco","tag-fishline-2","tag-flugbindning","tag-flugfiskaren-i-smaland","tag-flugfiskarenismaland","tag-flugfiske","tag-flugfiskeblogg","tag-gaddflugfiske","tag-ge-fan-i-vara-vatten","tag-pike","tag-sportfiskarna","tag-tavling-2","tag-torsasbygdens-sportfiskeklubb-2"],"_links":{"self":[{"href":"https:\/\/blogg.fisheco.se\/flugfiskaren\/wp-json\/wp\/v2\/posts\/2959","targetHints":{"allow":["GET"]}}],"collection":[{"href":"https:\/\/blogg.fisheco.se\/flugfiskaren\/wp-json\/wp\/v2\/posts"}],"about":[{"href":"https:\/\/blogg.fisheco.se\/flugfiskaren\/wp-json\/wp\/v2\/types\/post"}],"author":[{"embeddable":true,"href":"https:\/\/blogg.fisheco.se\/flugfiskaren\/wp-json\/wp\/v2\/users\/10"}],"replies":[{"embeddable":true,"href":"https:\/\/blogg.fisheco.se\/flugfiskaren\/wp-json\/wp\/v2\/comments?post=2959"}],"version-history":[{"count":0,"href":"https:\/\/blogg.fisheco.se\/flugfiskaren\/wp-json\/wp\/v2\/posts\/2959\/revisions"}],"wp:attachment":[{"href":"https:\/\/blogg.fisheco.se\/flugfiskaren\/wp-json\/wp\/v2\/media?parent=2959"}],"wp:term":[{"taxonomy":"category","embeddable":true,"href":"https:\/\/blogg.fisheco.se\/flugfiskaren\/wp-json\/wp\/v2\/categories?post=2959"},{"taxonomy":"post_tag","embeddable":true,"href":"https:\/\/blogg.fisheco.se\/flugfiskaren\/wp-json\/wp\/v2\/tags?post=2959"}],"curies":[{"name":"wp","href":"https:\/\/api.w.org\/{rel}","templated":true}]}}