{"id":2812,"date":"2017-04-02T00:09:03","date_gmt":"2017-04-01T22:09:03","guid":{"rendered":"http:\/\/flugfiskarenismaland.com\/?p=2812"},"modified":"2017-04-02T00:09:03","modified_gmt":"2017-04-01T22:09:03","slug":"premiarfiske-2","status":"publish","type":"post","link":"https:\/\/blogg.fisheco.se\/flugfiskaren\/2017\/04\/02\/premiarfiske-2\/","title":{"rendered":"Premi\u00e4rfiske!"},"content":{"rendered":"<p>Idag var det dags f\u00f6r \u00e5rets \u00a0premi\u00e4r hos <a href=\"http:\/\/www.alsteran.com\" target=\"_blank\" rel=\"noopener\">Str\u00f6mfiske Alster\u00e5n<\/a>.<\/p>\n<p><a href=\"https:\/\/blogg.fisheco.se\/flugfiskaren\/wp-content\/uploads\/sites\/3\/2017\/04\/a-17-6-1.jpg\"><img loading=\"lazy\" decoding=\"async\" class=\"aligncenter wp-image-2818 size-large\" src=\"https:\/\/blogg.fisheco.se\/flugfiskaren\/wp-content\/uploads\/sites\/3\/2017\/04\/a-17-6-1.jpg?w=474\" alt=\"\" width=\"474\" height=\"316\" \/><\/a><\/p>\n<p>Tidig uppstigning, sl\u00e5 p\u00e5 kaffet, krama barnen och sedan bar det av mot den sm\u00e5l\u00e4ndska p\u00e4rlan Alster\u00e5n. Jag har skrivit det massor med g\u00e5nger tidigare men kan inte nog understryka vilket h\u00e4rligt vatten detta \u00e4r. Vildmarksk\u00e4nsla men \u00e4nd\u00e5 l\u00e4ttillg\u00e4ngligt, fina fiskar och mycket vatten att fiska p\u00e5 s\u00e5 ingen st\u00f6rre risk f\u00f6r tr\u00e4ngsel heller.<br \/>\n<a href=\"https:\/\/blogg.fisheco.se\/flugfiskaren\/wp-content\/uploads\/sites\/3\/2017\/04\/a-17-2.jpg\"><img loading=\"lazy\" decoding=\"async\" class=\"aligncenter wp-image-2814 size-large\" src=\"https:\/\/blogg.fisheco.se\/flugfiskaren\/wp-content\/uploads\/sites\/3\/2017\/04\/a-17-2.jpg?w=474\" alt=\"\" width=\"474\" height=\"250\" \/><\/a>Eftersom det var premi\u00e4r s\u00e5 samlades vi allihopa runt 15 personer i stugan vid dammen f\u00f6r lite snack och h\u00e4mtning av fiskekort. Denna dagen \u00e4r det en t\u00e4vling och den som f\u00e5ngar den l\u00e4ngsta \u00f6ringen vinner. Det var lite l\u00e4tt regn p\u00e5 morgonen som snart gick \u00f6ver till uppeh\u00e5ll f\u00f6r att senare v\u00e4nda till en riktigt fin och varm v\u00e5rdag.<br \/>\nJag fiskade tillsammans med Jonas och Paul \u00e4ven detta \u00e5ret och vi begav oss ner till zon 2 direkt d\u00e4r vi eller ja \u00e5tminstone Jonas hade riktigt bra fiske f\u00f6rra \u00e5ret.<\/p>\n<div id=\"attachment_2816\" style=\"width: 484px\" class=\"wp-caption aligncenter\"><a href=\"https:\/\/blogg.fisheco.se\/flugfiskaren\/wp-content\/uploads\/sites\/3\/2017\/04\/a-17-4.jpg\"><img loading=\"lazy\" decoding=\"async\" aria-describedby=\"caption-attachment-2816\" class=\"wp-image-2816 size-large\" src=\"https:\/\/blogg.fisheco.se\/flugfiskaren\/wp-content\/uploads\/sites\/3\/2017\/04\/a-17-4.jpg?w=474\" alt=\"\" width=\"474\" height=\"255\" \/><\/a><p id=\"caption-attachment-2816\" class=\"wp-caption-text\">Idag fick jag \u00e4ntligen testa mitt Orvis Reacon p\u00e5 riktigt. Supern\u00f6jd!<\/p><\/div>\n<p><em>Jonas hade laddat upp med torrflugor och v\u00e4ntade p\u00e5 vak&#8230;APRIL APRIL\u00a0<\/em><br \/>\nNej sk\u00e4mt \u00e5 sido s\u00e5 var det ingen st\u00f6rre ytaktivitet s\u00e5 fiskade givetvis med det som \u00e4r mest effektivt, nymf. Men huggen uteblev, vi fiskade av ett f\u00f6r oss normalt s\u00e4kert st\u00e4lle. Vi funderade vad det kunde bero p\u00e5, var det f\u00f6r kallt i vattnet fortfarande s\u00e5 att fisken var lite k\u00f6ldstel eller var det v\u00e4dret som st\u00e4llde till de.<br \/>\nMen efter en ca 1.5 timmars fiske s\u00e5 n\u00f6p det \u00e4ntligen till i sp\u00f6et och jag kunde landa en \u00f6ring p\u00e5 36 cm. Ingen j\u00e4tte men likt f\u00f6rbannat en h\u00e4rlig k\u00e4nsla att landa f\u00f6rsta \u00f6ringen f\u00f6r s\u00e4songen. Svart squirmy med en r\u00f6d huggpunkt var det som gjorde susen d\u00e4r.<br \/>\n<a href=\"https:\/\/blogg.fisheco.se\/flugfiskaren\/wp-content\/uploads\/sites\/3\/2017\/04\/a-17-5.jpg\"><img loading=\"lazy\" decoding=\"async\" class=\"alignnone wp-image-2817 size-large\" src=\"https:\/\/blogg.fisheco.se\/flugfiskaren\/wp-content\/uploads\/sites\/3\/2017\/04\/a-17-5.jpg?w=474\" alt=\"\" width=\"474\" height=\"316\" \/><\/a><br \/>\nP\u00e5 v\u00e4g tillbaka f\u00f6r lite kaffepaus blev jag och Jonas intervjuade av en journalist fr\u00e5n V\u00e4xj\u00f6bladet s\u00e5 h\u00e5ll utkik d\u00e4r i veckan ni som har den tidningen.\u00a0<a href=\"https:\/\/blogg.fisheco.se\/flugfiskaren\/wp-content\/uploads\/sites\/3\/2017\/04\/a-17-1.jpg\"><br \/>\n<\/a><br \/>\nVi pr\u00f6vade sedan att fiska i zon 3 och nu hade solen b\u00f6rjat v\u00e4rma p\u00e5 och det b\u00f6rjade kryllra av b\u00e4cksl\u00e4ndor. D\u00e5 dr\u00f6jde det inte l\u00e4nge innan jag s\u00e5g tv\u00e5 fina vak och jag bytte snabbt till torrt men f\u00f6rmodligen skr\u00e4mde jag fisken n\u00e4r jag skulle smyga mig fram till vattnet f\u00f6r vaken slutade lika snabbt som de hade b\u00f6rjat.<\/p>\n<p><a href=\"https:\/\/blogg.fisheco.se\/flugfiskaren\/wp-content\/uploads\/sites\/3\/2017\/04\/a-17-1.jpg\"><img loading=\"lazy\" decoding=\"async\" class=\"aligncenter wp-image-2813 size-large\" src=\"https:\/\/blogg.fisheco.se\/flugfiskaren\/wp-content\/uploads\/sites\/3\/2017\/04\/a-17-1.jpg?w=474\" alt=\"\" width=\"474\" height=\"316\" \/><\/a>Men h\u00e4r l\u00e4ngre upp i zon 3 d\u00e4r de b\u00f6rja str\u00f6mma p\u00e5 lite igen och d\u00e4r Johan och Eva-Lena tillsammans med n\u00e5gra andra eldsj\u00e4lar gjorde ett fantastiskt fint jobb f\u00f6rra sommaren med att l\u00e4gga ut sten och skapa fler st\u00e5ndplatser f\u00f6r fisken. H\u00e4r hade Jonas b\u00f6rjat f\u00e5 utdelning och han drog 3-4 st \u00f6ringar varav den st\u00f6rsta p\u00e5 41 cm.<br \/>\n<a href=\"https:\/\/blogg.fisheco.se\/flugfiskaren\/wp-content\/uploads\/sites\/3\/2017\/04\/a-17-3.jpg\"><img loading=\"lazy\" decoding=\"async\" class=\"aligncenter wp-image-2815 size-large\" src=\"https:\/\/blogg.fisheco.se\/flugfiskaren\/wp-content\/uploads\/sites\/3\/2017\/04\/a-17-3.jpg?w=474\" alt=\"\" width=\"474\" height=\"256\" \/><\/a>Som vanligt n\u00e4r man ha roligt s\u00e5 g\u00e5r klockan snabbt och kl 14 var det \u00e5ter samling vid stugan f\u00f6r prisutdelning och mat. Maten som var en fantastiskt god gryta, stort plus f\u00f6r det.<\/p>\n<p>Det visade sig att det var m\u00e5nga som \u00a0hade haft det sv\u00e5rt idag och den st\u00f6rsta fisken eller l\u00e4ngsta fisken som f\u00e5ngades var p\u00e5 42 cm. S\u00e5 tyv\u00e4rr f\u00f6ll Jonas p\u00e5 m\u00e5llinjen detta \u00e5ret ocks\u00e5 och vad jag f\u00f6rstod s\u00e5 verkade den jag fick vara den tredje st\u00f6rsta. Efter detta var det dags f\u00f6r mig att k\u00f6ra hem\u00e5t igen f\u00f6r att styra med lite kalas f\u00f6r lillkillen hemma. Jonas och Paul fiskade p\u00e5 ytterligare n\u00e5gra timmar efter detta och fick upp ett par fiskar till.<\/p>\n<p>Underbart att \u00f6rings\u00e4songen \u00e4r ig\u00e5ng nu igen, har varit mycket g\u00e4dda en tid nu men under f\u00f6rbudet som r\u00e5der nu blir det perfekt med lite \u00f6ringfiske som omv\u00e4xling.<\/p>\n<p>Har ni m\u00f6jlighet s\u00e5 testa denna p\u00e4rlan <a href=\"http:\/\/www.alsteran.com\" target=\"_blank\" rel=\"noopener\">Str\u00f6mfiske Alster\u00e5n <\/a>och boende finns hos b\u00e4sta Johan och Eva-Lena, de \u00e4r\u00a0supertrevliga, serviceminded och har god mat.<\/p>\n","protected":false},"excerpt":{"rendered":"<p>Idag var det dags f\u00f6r \u00e5rets \u00a0premi\u00e4r hos Str\u00f6mfiske Alster\u00e5n. Tidig uppstigning, sl\u00e5 p\u00e5 kaffet, krama barnen och sedan bar det av mot den sm\u00e5l\u00e4ndska p\u00e4rlan Alster\u00e5n. Jag har skrivit det massor med g\u00e5nger tidigare men kan inte nog understryka &hellip; <a href=\"https:\/\/blogg.fisheco.se\/flugfiskaren\/2017\/04\/02\/premiarfiske-2\/\">Forts\u00e4tt l\u00e4sa <span class=\"meta-nav\">&rarr;<\/span><\/a><\/p>\n","protected":false},"author":10,"featured_media":0,"comment_status":"open","ping_status":"open","sticky":false,"template":"","format":"standard","meta":{"footnotes":""},"categories":[107,46],"tags":[148,117,121,122,118,120,155,287,292,146,293,294],"class_list":["post-2812","post","type-post","status-publish","format-standard","hentry","category-alsteran","category-oring","tag-fiskevard","tag-flugfiskaren-i-smaland","tag-flugfiskarenismaland","tag-flugfiske","tag-flugfiskeblogg","tag-nikon","tag-nymf-2","tag-orvis","tag-reacon","tag-sportfiskarna","tag-sunray","tag-sunrayflyfish"],"_links":{"self":[{"href":"https:\/\/blogg.fisheco.se\/flugfiskaren\/wp-json\/wp\/v2\/posts\/2812","targetHints":{"allow":["GET"]}}],"collection":[{"href":"https:\/\/blogg.fisheco.se\/flugfiskaren\/wp-json\/wp\/v2\/posts"}],"about":[{"href":"https:\/\/blogg.fisheco.se\/flugfiskaren\/wp-json\/wp\/v2\/types\/post"}],"author":[{"embeddable":true,"href":"https:\/\/blogg.fisheco.se\/flugfiskaren\/wp-json\/wp\/v2\/users\/10"}],"replies":[{"embeddable":true,"href":"https:\/\/blogg.fisheco.se\/flugfiskaren\/wp-json\/wp\/v2\/comments?post=2812"}],"version-history":[{"count":0,"href":"https:\/\/blogg.fisheco.se\/flugfiskaren\/wp-json\/wp\/v2\/posts\/2812\/revisions"}],"wp:attachment":[{"href":"https:\/\/blogg.fisheco.se\/flugfiskaren\/wp-json\/wp\/v2\/media?parent=2812"}],"wp:term":[{"taxonomy":"category","embeddable":true,"href":"https:\/\/blogg.fisheco.se\/flugfiskaren\/wp-json\/wp\/v2\/categories?post=2812"},{"taxonomy":"post_tag","embeddable":true,"href":"https:\/\/blogg.fisheco.se\/flugfiskaren\/wp-json\/wp\/v2\/tags?post=2812"}],"curies":[{"name":"wp","href":"https:\/\/api.w.org\/{rel}","templated":true}]}}