{"id":2787,"date":"2017-03-06T21:45:26","date_gmt":"2017-03-06T20:45:26","guid":{"rendered":"http:\/\/flugfiskarenismaland.com\/?p=2787"},"modified":"2017-03-06T21:45:26","modified_gmt":"2017-03-06T20:45:26","slug":"gaddfiske-3","status":"publish","type":"post","link":"https:\/\/blogg.fisheco.se\/flugfiskaren\/2017\/03\/06\/gaddfiske-3\/","title":{"rendered":"G\u00e4ddfiske !"},"content":{"rendered":"<p>I helgen som var innan sn\u00f6stormen drog in (vem best\u00e4llde detta!!) s\u00e5 var jag ute med Richard och Hasse (<strong>Pastorn<\/strong>) Brolin p\u00e5 lite g\u00e4ddfiske.<br \/>\n<a href=\"https:\/\/blogg.fisheco.se\/flugfiskaren\/wp-content\/uploads\/sites\/3\/2017\/03\/bm02.jpg\"><img loading=\"lazy\" decoding=\"async\" class=\"aligncenter wp-image-2789 size-large\" src=\"https:\/\/blogg.fisheco.se\/flugfiskaren\/wp-content\/uploads\/sites\/3\/2017\/03\/bm02.jpg?w=474\" alt=\"\" width=\"474\" height=\"238\" srcset=\"https:\/\/blogg.fisheco.se\/flugfiskaren\/wp-content\/uploads\/sites\/3\/2017\/03\/bm02.jpg 2034w, https:\/\/blogg.fisheco.se\/flugfiskaren\/wp-content\/uploads\/sites\/3\/2017\/03\/bm02-300x150.jpg 300w, https:\/\/blogg.fisheco.se\/flugfiskaren\/wp-content\/uploads\/sites\/3\/2017\/03\/bm02-1024x514.jpg 1024w, https:\/\/blogg.fisheco.se\/flugfiskaren\/wp-content\/uploads\/sites\/3\/2017\/03\/bm02-768x385.jpg 768w, https:\/\/blogg.fisheco.se\/flugfiskaren\/wp-content\/uploads\/sites\/3\/2017\/03\/bm02-1536x770.jpg 1536w\" sizes=\"auto, (max-width: 474px) 100vw, 474px\" \/><\/a><br \/>\nUnder veckan hade de bl\u00e5st kraftiga sydostliga vindar och vattenniv\u00e5n hade stigit och det k\u00e4ndes v\u00e4ldigt lovande inf\u00f6r fisket. Vi \u00e5kte till v\u00e5r &#8221;hemliga&#8221; vik som numera inte verkar vara s\u00e4rskilt hemlig. Kommer till det senare.<\/p>\n<div id=\"attachment_2788\" style=\"width: 484px\" class=\"wp-caption aligncenter\"><a href=\"https:\/\/blogg.fisheco.se\/flugfiskaren\/wp-content\/uploads\/sites\/3\/2017\/03\/bm03.jpg\"><img loading=\"lazy\" decoding=\"async\" aria-describedby=\"caption-attachment-2788\" class=\"wp-image-2788 size-large\" src=\"https:\/\/blogg.fisheco.se\/flugfiskaren\/wp-content\/uploads\/sites\/3\/2017\/03\/bm03.jpg?w=474\" alt=\"\" width=\"474\" height=\"256\" srcset=\"https:\/\/blogg.fisheco.se\/flugfiskaren\/wp-content\/uploads\/sites\/3\/2017\/03\/bm03.jpg 2209w, https:\/\/blogg.fisheco.se\/flugfiskaren\/wp-content\/uploads\/sites\/3\/2017\/03\/bm03-300x162.jpg 300w, https:\/\/blogg.fisheco.se\/flugfiskaren\/wp-content\/uploads\/sites\/3\/2017\/03\/bm03-1024x552.jpg 1024w, https:\/\/blogg.fisheco.se\/flugfiskaren\/wp-content\/uploads\/sites\/3\/2017\/03\/bm03-768x414.jpg 768w, https:\/\/blogg.fisheco.se\/flugfiskaren\/wp-content\/uploads\/sites\/3\/2017\/03\/bm03-1536x828.jpg 1536w, https:\/\/blogg.fisheco.se\/flugfiskaren\/wp-content\/uploads\/sites\/3\/2017\/03\/bm03-2048x1104.jpg 2048w\" sizes=\"auto, (max-width: 474px) 100vw, 474px\" \/><\/a><p id=\"caption-attachment-2788\" class=\"wp-caption-text\">R\u00e5djuren \u00e4r uppe tidigt<\/p><\/div>\n<p>Vi var p\u00e5 plats vid viken strax efter 8.00 och det var fortfarande ganska kyligt i luften efter den kalla natten. Det dr\u00f6jde inte l\u00e4nge f\u00f6rens vi hade hugg och flera f\u00f6ljare men de var sv\u00e5rt att kroka dem. De var inga explosiva hugg och de k\u00e4ndes ganska sl\u00f6a, med all sannolikhet s\u00e5 \u00e4r det fortfarande lite f\u00f6r kallt i vattnet f\u00f6r de skall vara riktigt p\u00e5 hugget.<br \/>\nMen efter ett flertal bommade hugg s\u00e5 kunde jag till slut landa dagens f\u00f6rsta en riktigt fet g\u00e4dda p\u00e5 ca 3-4 kg, kort och tjock som de brukar vara h\u00e4r. Vi lyckades under dagen alla landa fisk och missade s\u00e4kerligen ett tjugotal hugg tillsammans. N\u00e5gra plusgrader till i vattnet s\u00e5 kommer det bli fart p\u00e5 dem. De vi fick hade gott om iglar p\u00e5 sig vilket tyder p\u00e5 att de st\u00e5r still f\u00f6r tillf\u00e4llet och de flesta h\u00f6gg ganska l\u00e5ngt ut i viken. Tyv\u00e4rr k\u00e4nns de d\u00e4r plusgraderna en bra bit bort nu n\u00e4r man tittar ut och se att det ligger 1-2 dm <strong>SN\u00d6<\/strong> igen. De ville vi verkligen inte ha.<\/p>\n<div id=\"attachment_2790\" style=\"width: 484px\" class=\"wp-caption aligncenter\"><a href=\"https:\/\/blogg.fisheco.se\/flugfiskaren\/wp-content\/uploads\/sites\/3\/2017\/03\/bm01.jpg\"><img loading=\"lazy\" decoding=\"async\" aria-describedby=\"caption-attachment-2790\" class=\"wp-image-2790 size-large\" src=\"https:\/\/blogg.fisheco.se\/flugfiskaren\/wp-content\/uploads\/sites\/3\/2017\/03\/bm01.jpg?w=474\" alt=\"\" width=\"474\" height=\"323\" srcset=\"https:\/\/blogg.fisheco.se\/flugfiskaren\/wp-content\/uploads\/sites\/3\/2017\/03\/bm01.jpg 2402w, https:\/\/blogg.fisheco.se\/flugfiskaren\/wp-content\/uploads\/sites\/3\/2017\/03\/bm01-300x204.jpg 300w, https:\/\/blogg.fisheco.se\/flugfiskaren\/wp-content\/uploads\/sites\/3\/2017\/03\/bm01-1024x697.jpg 1024w, https:\/\/blogg.fisheco.se\/flugfiskaren\/wp-content\/uploads\/sites\/3\/2017\/03\/bm01-768x523.jpg 768w, https:\/\/blogg.fisheco.se\/flugfiskaren\/wp-content\/uploads\/sites\/3\/2017\/03\/bm01-1536x1046.jpg 1536w, https:\/\/blogg.fisheco.se\/flugfiskaren\/wp-content\/uploads\/sites\/3\/2017\/03\/bm01-2048x1394.jpg 2048w\" sizes=\"auto, (max-width: 474px) 100vw, 474px\" \/><\/a><p id=\"caption-attachment-2790\" class=\"wp-caption-text\">Gillar skarpt den nya big mama l\u00e5dan<\/p><\/div>\n<p>Ang\u00e5ende viken s\u00e5 var vi inte ensamma d\u00e4r denna fiskedag. Vi var f\u00f6rst p\u00e5 plats men det dr\u00f6jde inte l\u00e4nge f\u00f6rens en b\u00e5t gled in i viken och sedan en till. Sedan kom det fyra man som k\u00f6rde fr\u00e5n land samt en i kajak&#8230;Ser f\u00f6rbaskat trevligt ut de d\u00e4r med fiske fr\u00e5n kajak dock.<\/p>\n<p>H\u00e4r nedan kommer en film fr\u00e5n fisketuren<\/p>\n<p><iframe loading=\"lazy\" title=\"Pikefishing in cold waters\" width=\"584\" height=\"329\" src=\"https:\/\/www.youtube.com\/embed\/ejnG-oR3KWU?feature=oembed\" frameborder=\"0\" allow=\"accelerometer; autoplay; clipboard-write; encrypted-media; gyroscope; picture-in-picture; web-share\" referrerpolicy=\"strict-origin-when-cross-origin\" allowfullscreen><\/iframe><br \/>\nSkitfiske!<\/p>\n","protected":false},"excerpt":{"rendered":"<p>I helgen som var innan sn\u00f6stormen drog in (vem best\u00e4llde detta!!) s\u00e5 var jag ute med Richard och Hasse (Pastorn) Brolin p\u00e5 lite g\u00e4ddfiske. Under veckan hade de bl\u00e5st kraftiga sydostliga vindar och vattenniv\u00e5n hade stigit och det k\u00e4ndes v\u00e4ldigt &hellip; <a href=\"https:\/\/blogg.fisheco.se\/flugfiskaren\/2017\/03\/06\/gaddfiske-3\/\">Forts\u00e4tt l\u00e4sa <span class=\"meta-nav\">&rarr;<\/span><\/a><\/p>\n","protected":false},"author":10,"featured_media":0,"comment_status":"open","ping_status":"open","sticky":false,"template":"","format":"standard","meta":{"footnotes":""},"categories":[13,3,4,72,94],"tags":[198,288,289,139,120,146,194,193],"class_list":["post-2787","post","type-post","status-publish","format-standard","hentry","category-fluga","category-flugfiskarenismaland","category-flugfiske","category-gadda","category-gronaguldet","tag-fisheco","tag-fiskejournalen","tag-gaddfabriken-se","tag-gaddflugfiske","tag-nikon","tag-sportfiskarna","tag-video","tag-youtube"],"_links":{"self":[{"href":"https:\/\/blogg.fisheco.se\/flugfiskaren\/wp-json\/wp\/v2\/posts\/2787","targetHints":{"allow":["GET"]}}],"collection":[{"href":"https:\/\/blogg.fisheco.se\/flugfiskaren\/wp-json\/wp\/v2\/posts"}],"about":[{"href":"https:\/\/blogg.fisheco.se\/flugfiskaren\/wp-json\/wp\/v2\/types\/post"}],"author":[{"embeddable":true,"href":"https:\/\/blogg.fisheco.se\/flugfiskaren\/wp-json\/wp\/v2\/users\/10"}],"replies":[{"embeddable":true,"href":"https:\/\/blogg.fisheco.se\/flugfiskaren\/wp-json\/wp\/v2\/comments?post=2787"}],"version-history":[{"count":0,"href":"https:\/\/blogg.fisheco.se\/flugfiskaren\/wp-json\/wp\/v2\/posts\/2787\/revisions"}],"wp:attachment":[{"href":"https:\/\/blogg.fisheco.se\/flugfiskaren\/wp-json\/wp\/v2\/media?parent=2787"}],"wp:term":[{"taxonomy":"category","embeddable":true,"href":"https:\/\/blogg.fisheco.se\/flugfiskaren\/wp-json\/wp\/v2\/categories?post=2787"},{"taxonomy":"post_tag","embeddable":true,"href":"https:\/\/blogg.fisheco.se\/flugfiskaren\/wp-json\/wp\/v2\/tags?post=2787"}],"curies":[{"name":"wp","href":"https:\/\/api.w.org\/{rel}","templated":true}]}}