{"id":2748,"date":"2017-02-12T20:45:59","date_gmt":"2017-02-12T19:45:59","guid":{"rendered":"http:\/\/flugfiskarenismaland.com\/?p=2748"},"modified":"2017-02-12T20:45:59","modified_gmt":"2017-02-12T19:45:59","slug":"orvis","status":"publish","type":"post","link":"https:\/\/blogg.fisheco.se\/flugfiskaren\/2017\/02\/12\/orvis\/","title":{"rendered":"ORVIS"},"content":{"rendered":"<p>Sn\u00f6n \u00e4r tillbaka och minusgraderna ocks\u00e5. L\u00e4ngtan efter v\u00e5r, v\u00e4rme och framf\u00f6rallt fiske \u00e4r stor. Det har varit och \u00e4r fortfarande mycket g\u00e4ddfiske i tankarna men nu har fisket efter \u00f6ring och regnb\u00e5ge \u00f6kat ocks\u00e5. \u00a0Inf\u00f6r \u00e5rets \u00f6rings\u00e4song s\u00e5 har jag laddat upp med ett\u00a0nytt fiskeset fr\u00e5n <strong><a href=\"http:\/\/www.orvis.com\" target=\"_blank\" rel=\"noopener\">Orvis<\/a>\u00a0<\/strong>som d\u00f6k upp i veckan. S\u00e5 fiskesuget \u00e4r ju inte mindre nu direkt. Det nya sp\u00f6et \u00e4r ett <a href=\"http:\/\/www.bios.se\/recon-864-4\" target=\"_blank\" rel=\"noopener\"><em><strong>Orvis<\/strong> Reacon 8.6 fot #3<\/em><\/a> till det en <strong>Orvis<\/strong>\u00a0B<a href=\"http:\/\/www.bios.se\/battenkill-bar-stock\" target=\"_blank\" rel=\"noopener\">attenkill II rulle<\/a>, laddad med en <a href=\"http:\/\/www.bios.se\/access-wf\" target=\"_blank\" rel=\"noopener\">Orvis Acess lina. \u00a0<\/a><a href=\"https:\/\/blogg.fisheco.se\/flugfiskaren\/wp-content\/uploads\/sites\/3\/2017\/02\/orvis02-1.jpg\"><br \/>\n<\/a><\/p>\n<p><a href=\"https:\/\/blogg.fisheco.se\/flugfiskaren\/wp-content\/uploads\/sites\/3\/2017\/02\/orvis03-11.jpg\"><img loading=\"lazy\" decoding=\"async\" class=\"aligncenter wp-image-2755 size-large\" src=\"https:\/\/blogg.fisheco.se\/flugfiskaren\/wp-content\/uploads\/sites\/3\/2017\/02\/orvis03-11.jpg?w=474\" alt=\"orvis03-1\" width=\"474\" height=\"288\" \/><\/a><\/p>\n<p>Tanken \u00e4r att anv\u00e4nda detta till finliret med torrflugor och nymfer, framf\u00f6rallt i<a href=\"http:\/\/www.alsteran.com\" target=\"_blank\" rel=\"noopener\"> Alster\u00e5n<\/a> kommer det vara mitt f\u00f6rstaval. Tror ocks\u00e5 det kan vara sjukt trevligt att drilla regnb\u00e5ge p\u00e5. Detta \u00e4r mitt f\u00f6rsta sp\u00f6 ifr\u00e5n Orvis och det skall bli v\u00e4ldigt sp\u00e4nnande att f\u00e5 ut och testa det. Jag har endast hunnit testa det ute p\u00e5 sn\u00f6n i tr\u00e4dg\u00e5rden men det k\u00e4ndes riktigt bra. Ingen kastkanon kanske, dock s\u00e5 k\u00e4nde man att det fanns kraft att kunna ladda sp\u00f6et ordentligt om man s\u00e5 vill. En snabb aktion vilket passar mig utm\u00e4rkt och byggkvalit\u00e9n \u00e4r fantastiskt. Rullen en Battenkill II, en klassisk design p\u00e5 den med klickbroms s\u00e5 man f\u00e5r det d\u00e4r h\u00e4rliga knarret fr\u00e5n rullen n\u00e4r fisken rusar. Linan en Orvis Acess, en allround lina som k\u00e4ndes l\u00e4ttkastad. V\u00e4ldigt sugen p\u00e5 att f\u00e5 komma ut och testa combon p\u00e5 lite riktigt fiske men som det ser ut nu s\u00e5 blir det p\u00e5 premi\u00e4rfisket i <a href=\"http:\/\/www.alsteran.com\" target=\"_blank\" rel=\"noopener\">Alster\u00e5n<\/a>. D\u00e5 skall jag f\u00f6rs\u00f6ka ge ett fullst\u00e4ndigt intryck av sp\u00f6et.<\/p>\n<p><a href=\"https:\/\/blogg.fisheco.se\/flugfiskaren\/wp-content\/uploads\/sites\/3\/2017\/02\/orvis02-11.jpg\"><img loading=\"lazy\" decoding=\"async\" class=\"aligncenter wp-image-2756 size-large\" src=\"https:\/\/blogg.fisheco.se\/flugfiskaren\/wp-content\/uploads\/sites\/3\/2017\/02\/orvis02-11.jpg?w=474\" alt=\"orvis02-1\" width=\"474\" height=\"309\" \/><\/a><\/p>\n<p>F\u00f6r er som blivit nyfikna p\u00e5 Orvis prylar kika in h\u00e4r\u00a0<strong><a href=\"http:\/\/www.bios.se\/flugfiske\" target=\"_blank\" rel=\"noopener\">http:\/\/www.bios.se\/flugfiske<br \/>\n<\/a><\/strong><\/p>\n<div id=\"attachment_2350\" style=\"width: 484px\" class=\"wp-caption aligncenter\"><a href=\"https:\/\/flugfiskarenismaland.files.wordpress.com\/2016\/07\/al1.jpg\" target=\"_blank\" rel=\"noopener\"><img loading=\"lazy\" decoding=\"async\" aria-describedby=\"caption-attachment-2350\" class=\"wp-image-2350 size-large\" src=\"https:\/\/flugfiskarenismaland.files.wordpress.com\/2016\/07\/al1.jpg?w=474\" alt=\"al1\" width=\"474\" height=\"261\" \/><\/a><p id=\"caption-attachment-2350\" class=\"wp-caption-text\">\u00d6ring fr\u00e5n Alster\u00e5n<\/p><\/div>\n<p>Och f\u00f6r er som \u00e4r nyfikna p\u00e5 premi\u00e4rfisket eller bara fisket i Alster\u00e5n kika in h\u00e4r &#8211;\u00a0<a href=\"http:\/\/www.alsteran.com\" target=\"_blank\" rel=\"noopener\"><strong>www.alsteran.com<\/strong><\/a><\/p>\n","protected":false},"excerpt":{"rendered":"<p>Sn\u00f6n \u00e4r tillbaka och minusgraderna ocks\u00e5. L\u00e4ngtan efter v\u00e5r, v\u00e4rme och framf\u00f6rallt fiske \u00e4r stor. Det har varit och \u00e4r fortfarande mycket g\u00e4ddfiske i tankarna men nu har fisket efter \u00f6ring och regnb\u00e5ge \u00f6kat ocks\u00e5. \u00a0Inf\u00f6r \u00e5rets \u00f6rings\u00e4song s\u00e5 har &hellip; <a href=\"https:\/\/blogg.fisheco.se\/flugfiskaren\/2017\/02\/12\/orvis\/\">Forts\u00e4tt l\u00e4sa <span class=\"meta-nav\">&rarr;<\/span><\/a><\/p>\n","protected":false},"author":10,"featured_media":0,"comment_status":"open","ping_status":"open","sticky":false,"template":"","format":"standard","meta":{"footnotes":""},"categories":[107,4,42,46],"tags":[286,254,121,118,127,155,287,129],"class_list":["post-2748","post","type-post","status-publish","format-standard","hentry","category-alsteran","category-flugfiske","category-flugspo","category-oring","tag-battenkill","tag-bios","tag-flugfiskarenismaland","tag-flugfiskeblogg","tag-flugor","tag-nymf-2","tag-orvis","tag-regnbage"],"_links":{"self":[{"href":"https:\/\/blogg.fisheco.se\/flugfiskaren\/wp-json\/wp\/v2\/posts\/2748","targetHints":{"allow":["GET"]}}],"collection":[{"href":"https:\/\/blogg.fisheco.se\/flugfiskaren\/wp-json\/wp\/v2\/posts"}],"about":[{"href":"https:\/\/blogg.fisheco.se\/flugfiskaren\/wp-json\/wp\/v2\/types\/post"}],"author":[{"embeddable":true,"href":"https:\/\/blogg.fisheco.se\/flugfiskaren\/wp-json\/wp\/v2\/users\/10"}],"replies":[{"embeddable":true,"href":"https:\/\/blogg.fisheco.se\/flugfiskaren\/wp-json\/wp\/v2\/comments?post=2748"}],"version-history":[{"count":0,"href":"https:\/\/blogg.fisheco.se\/flugfiskaren\/wp-json\/wp\/v2\/posts\/2748\/revisions"}],"wp:attachment":[{"href":"https:\/\/blogg.fisheco.se\/flugfiskaren\/wp-json\/wp\/v2\/media?parent=2748"}],"wp:term":[{"taxonomy":"category","embeddable":true,"href":"https:\/\/blogg.fisheco.se\/flugfiskaren\/wp-json\/wp\/v2\/categories?post=2748"},{"taxonomy":"post_tag","embeddable":true,"href":"https:\/\/blogg.fisheco.se\/flugfiskaren\/wp-json\/wp\/v2\/tags?post=2748"}],"curies":[{"name":"wp","href":"https:\/\/api.w.org\/{rel}","templated":true}]}}