{"id":2736,"date":"2017-01-21T16:30:46","date_gmt":"2017-01-21T15:30:46","guid":{"rendered":"http:\/\/flugfiskarenismaland.com\/?p=2736"},"modified":"2017-01-21T16:30:46","modified_gmt":"2017-01-21T15:30:46","slug":"pikefly-video","status":"publish","type":"post","link":"https:\/\/blogg.fisheco.se\/flugfiskaren\/2017\/01\/21\/pikefly-video\/","title":{"rendered":"Pikefly &#8211; Video"},"content":{"rendered":"<p>H\u00e4r kommer en bindvideo, f\u00f6rsta f\u00f6r \u00e5ret. Flugan jag binder \u00e4r en ett nytt m\u00f6nster som jag tror stenh\u00e5rt p\u00e5, sj\u00e4lvklart mycket gr\u00f6na f\u00e4rger . Som alltid n\u00e4r det g\u00e4ller mina flugor, #gogreen<\/p>\n<p><iframe loading=\"lazy\" title=\"Pikefly Green &amp; Chartreause\" width=\"584\" height=\"329\" src=\"https:\/\/www.youtube.com\/embed\/zDCGeO6gvMg?feature=oembed\" frameborder=\"0\" allow=\"accelerometer; autoplay; clipboard-write; encrypted-media; gyroscope; picture-in-picture; web-share\" referrerpolicy=\"strict-origin-when-cross-origin\" allowfullscreen><\/iframe><\/p>\n<p>Just nu lite plusgrader ute och isarna sm\u00e4lter, tack och lov. Bara hoppas att det forts\u00e4tter, fiskel\u00e4get b\u00f6rjar bli olidligt nu.<\/p>\n<p>\/ Tight lines!<\/p>\n","protected":false},"excerpt":{"rendered":"<p>H\u00e4r kommer en bindvideo, f\u00f6rsta f\u00f6r \u00e5ret. Flugan jag binder \u00e4r en ett nytt m\u00f6nster som jag tror stenh\u00e5rt p\u00e5, sj\u00e4lvklart mycket gr\u00f6na f\u00e4rger . Som alltid n\u00e4r det g\u00e4ller mina flugor, #gogreen Just nu lite plusgrader ute och isarna &hellip; <a href=\"https:\/\/blogg.fisheco.se\/flugfiskaren\/2017\/01\/21\/pikefly-video\/\">Forts\u00e4tt l\u00e4sa <span class=\"meta-nav\">&rarr;<\/span><\/a><\/p>\n","protected":false},"author":10,"featured_media":0,"comment_status":"open","ping_status":"open","sticky":false,"template":"","format":"standard","meta":{"footnotes":""},"categories":[16,72,71],"tags":[137,123,121,122,118,127,139,120,208,209,146,284,134,180,193],"class_list":["post-2736","post","type-post","status-publish","format-standard","hentry","category-bindbeskrivning","category-gadda","category-video","tag-fishline-2","tag-flugbindning","tag-flugfiskarenismaland","tag-flugfiske","tag-flugfiskeblogg","tag-flugor","tag-gaddflugfiske","tag-nikon","tag-pike","tag-pikeonfly","tag-sportfiskarna","tag-sportfiskemassan","tag-vision-2","tag-visionflyfishing","tag-youtube"],"_links":{"self":[{"href":"https:\/\/blogg.fisheco.se\/flugfiskaren\/wp-json\/wp\/v2\/posts\/2736","targetHints":{"allow":["GET"]}}],"collection":[{"href":"https:\/\/blogg.fisheco.se\/flugfiskaren\/wp-json\/wp\/v2\/posts"}],"about":[{"href":"https:\/\/blogg.fisheco.se\/flugfiskaren\/wp-json\/wp\/v2\/types\/post"}],"author":[{"embeddable":true,"href":"https:\/\/blogg.fisheco.se\/flugfiskaren\/wp-json\/wp\/v2\/users\/10"}],"replies":[{"embeddable":true,"href":"https:\/\/blogg.fisheco.se\/flugfiskaren\/wp-json\/wp\/v2\/comments?post=2736"}],"version-history":[{"count":0,"href":"https:\/\/blogg.fisheco.se\/flugfiskaren\/wp-json\/wp\/v2\/posts\/2736\/revisions"}],"wp:attachment":[{"href":"https:\/\/blogg.fisheco.se\/flugfiskaren\/wp-json\/wp\/v2\/media?parent=2736"}],"wp:term":[{"taxonomy":"category","embeddable":true,"href":"https:\/\/blogg.fisheco.se\/flugfiskaren\/wp-json\/wp\/v2\/categories?post=2736"},{"taxonomy":"post_tag","embeddable":true,"href":"https:\/\/blogg.fisheco.se\/flugfiskaren\/wp-json\/wp\/v2\/tags?post=2736"}],"curies":[{"name":"wp","href":"https:\/\/api.w.org\/{rel}","templated":true}]}}