{"id":270,"date":"2013-08-16T11:30:00","date_gmt":"2013-08-16T09:30:00","guid":{"rendered":"http:\/\/flugfiskarenismaland.wordpress.com\/2013\/08\/16\/flugfiske-vm"},"modified":"2013-08-16T11:30:00","modified_gmt":"2013-08-16T09:30:00","slug":"flugfiske-vm","status":"publish","type":"post","link":"https:\/\/blogg.fisheco.se\/flugfiskaren\/2013\/08\/16\/flugfiske-vm\/","title":{"rendered":"Flugfiske-VM"},"content":{"rendered":"<div dir=\"ltr\" style=\"text-align:left\">Ig\u00e5r visades f\u00f6rsta avsnittet av \u00e5rets<b> flugfiske-vm<\/b>. Det kommer att g\u00e5 varje kv\u00e4ll p\u00e5 tv4sport fram tills s\u00f6ndag om jag inte minns fel. Jag personligen tycker inte det \u00e4r s\u00e5 j\u00e4ttesp\u00e4nnande att dra upp s\u00e5 mycket fisk som m\u00f6jligt, men en av tankarna med flugfiske vm \u00e4r v\u00e4l ocks\u00e5 att sprida sporten, framf\u00f6rallt till de yngre vilket \u00e4r bra. Dock som sagt \u00e4r det inget jag skulle vilja h\u00e5lla p\u00e5 med d\u00e5 flugfisket f\u00f6r mig mer handlar om meditation, upplevelsen och kamratskap, inte att f\u00e5nga flest och st\u00f6rst fiskar.<\/p>\n<p>Fisket f\u00f6r min egen del har varit ok d\u00e5 jag varit i Runtorp tv\u00e5 g\u00e5nger senaste veckan varav en bomrunda och en kv\u00e4ll med riktigt trevligt torrflugefiske. Den st\u00f6rsta fisken drog iv\u00e4g p\u00e5 en rej\u00e4l rusning och t\u00f6mde b\u00e5de fluglina och st\u00f6rre delen av backingen p\u00e5 rullen och bj\u00f6d upp till en riktig fight trots de varma temperaturerna i vattnet. Fisken landades och \u00e5terutsattes med uppskattad vikt p\u00e5 3 kg. Fisken h\u00f6gg p\u00e5 en egen variant av en kl\u00e4ckare, som funkade kanon denna kv\u00e4llen. Bindbeskrivning kommer p\u00e5 detta m\u00f6nstret.<\/p>\n<p>Skitfiske p\u00e5 er!<\/p><\/div>\n","protected":false},"excerpt":{"rendered":"<p>Ig\u00e5r visades f\u00f6rsta avsnittet av \u00e5rets flugfiske-vm. Det kommer att g\u00e5 varje kv\u00e4ll p\u00e5 tv4sport fram tills s\u00f6ndag om jag inte minns fel. Jag personligen tycker inte det \u00e4r s\u00e5 j\u00e4ttesp\u00e4nnande att dra upp s\u00e5 mycket fisk som m\u00f6jligt, men &hellip; <a href=\"https:\/\/blogg.fisheco.se\/flugfiskaren\/2013\/08\/16\/flugfiske-vm\/\">Forts\u00e4tt l\u00e4sa <span class=\"meta-nav\">&rarr;<\/span><\/a><\/p>\n","protected":false},"author":10,"featured_media":0,"comment_status":"open","ping_status":"open","sticky":false,"template":"","format":"standard","meta":{"footnotes":""},"categories":[1],"tags":[],"class_list":["post-270","post","type-post","status-publish","format-standard","hentry","category-okategoriserade"],"_links":{"self":[{"href":"https:\/\/blogg.fisheco.se\/flugfiskaren\/wp-json\/wp\/v2\/posts\/270","targetHints":{"allow":["GET"]}}],"collection":[{"href":"https:\/\/blogg.fisheco.se\/flugfiskaren\/wp-json\/wp\/v2\/posts"}],"about":[{"href":"https:\/\/blogg.fisheco.se\/flugfiskaren\/wp-json\/wp\/v2\/types\/post"}],"author":[{"embeddable":true,"href":"https:\/\/blogg.fisheco.se\/flugfiskaren\/wp-json\/wp\/v2\/users\/10"}],"replies":[{"embeddable":true,"href":"https:\/\/blogg.fisheco.se\/flugfiskaren\/wp-json\/wp\/v2\/comments?post=270"}],"version-history":[{"count":0,"href":"https:\/\/blogg.fisheco.se\/flugfiskaren\/wp-json\/wp\/v2\/posts\/270\/revisions"}],"wp:attachment":[{"href":"https:\/\/blogg.fisheco.se\/flugfiskaren\/wp-json\/wp\/v2\/media?parent=270"}],"wp:term":[{"taxonomy":"category","embeddable":true,"href":"https:\/\/blogg.fisheco.se\/flugfiskaren\/wp-json\/wp\/v2\/categories?post=270"},{"taxonomy":"post_tag","embeddable":true,"href":"https:\/\/blogg.fisheco.se\/flugfiskaren\/wp-json\/wp\/v2\/tags?post=270"}],"curies":[{"name":"wp","href":"https:\/\/api.w.org\/{rel}","templated":true}]}}