{"id":2596,"date":"2016-11-13T23:46:22","date_gmt":"2016-11-13T22:46:22","guid":{"rendered":"http:\/\/flugfiskarenismaland.com\/?p=2596"},"modified":"2016-11-13T23:46:22","modified_gmt":"2016-11-13T22:46:22","slug":"movember","status":"publish","type":"post","link":"https:\/\/blogg.fisheco.se\/flugfiskaren\/2016\/11\/13\/movember\/","title":{"rendered":"Movember"},"content":{"rendered":"<p><a href=\"https:\/\/blogg.fisheco.se\/flugfiskaren\/wp-content\/uploads\/sites\/3\/2016\/11\/mov01-copy.jpg\"><img loading=\"lazy\" decoding=\"async\" class=\"aligncenter wp-image-2597 size-large\" src=\"https:\/\/blogg.fisheco.se\/flugfiskaren\/wp-content\/uploads\/sites\/3\/2016\/11\/mov01-copy.jpg?w=474\" alt=\"mov01-copy\" width=\"474\" height=\"280\" \/><\/a><\/p>\n<p>Tidigare i oktober gjorde jag n\u00e5gra rosa flugor f\u00f6r &#8221;Rosa Bandet&#8221;. \u00a0Dessa s\u00e5ldes och hela summan sk\u00e4nkte jag till cancerfonden. Nu p\u00e5g\u00e5r kampanjen &#8221;movember&#8221; \u00a0och jag t\u00e4nkte nu l\u00e4gga ut flugan\u00a0p\u00e5 bilden till f\u00f6rs\u00e4ljning. \u00a0Pengarna som den s\u00e4ljs f\u00f6r g\u00e5r oavkortat till cancerfonden. \u00a0Skicka ett bud till flugfiskarenismaland@gmail.com eller kommentera p\u00e5 Facebook &#8211; sidan. \u00a0Flugan s\u00e4ljs komplett med en f\u00e4rdig krokrigg och wiggle tail. Flugan \u00e4r en g\u00e4ddfluga bunden p\u00e5 tub.<\/p>\n<p><img decoding=\"async\" class=\"wp-image-2598 alignnone size-full\" src=\"http:\/\/i0.wp.com\/flugfiskarenismaland.files.wordpress.com\/2016\/11\/mov1.jpg?w=528\" \/><\/p>\n","protected":false},"excerpt":{"rendered":"<p>Tidigare i oktober gjorde jag n\u00e5gra rosa flugor f\u00f6r &#8221;Rosa Bandet&#8221;. \u00a0Dessa s\u00e5ldes och hela summan sk\u00e4nkte jag till cancerfonden. Nu p\u00e5g\u00e5r kampanjen &#8221;movember&#8221; \u00a0och jag t\u00e4nkte nu l\u00e4gga ut flugan\u00a0p\u00e5 bilden till f\u00f6rs\u00e4ljning. \u00a0Pengarna som den s\u00e4ljs f\u00f6r g\u00e5r &hellip; <a href=\"https:\/\/blogg.fisheco.se\/flugfiskaren\/2016\/11\/13\/movember\/\">Forts\u00e4tt l\u00e4sa <span class=\"meta-nav\">&rarr;<\/span><\/a><\/p>\n","protected":false},"author":10,"featured_media":0,"comment_status":"open","ping_status":"open","sticky":false,"template":"","format":"standard","meta":{"footnotes":""},"categories":[96,13,72,1],"tags":[273,139,274],"class_list":["post-2596","post","type-post","status-publish","format-standard","hentry","category-fisheco","category-fluga","category-gadda","category-okategoriserade","tag-cancerfonden","tag-gaddflugfiske","tag-movember"],"_links":{"self":[{"href":"https:\/\/blogg.fisheco.se\/flugfiskaren\/wp-json\/wp\/v2\/posts\/2596","targetHints":{"allow":["GET"]}}],"collection":[{"href":"https:\/\/blogg.fisheco.se\/flugfiskaren\/wp-json\/wp\/v2\/posts"}],"about":[{"href":"https:\/\/blogg.fisheco.se\/flugfiskaren\/wp-json\/wp\/v2\/types\/post"}],"author":[{"embeddable":true,"href":"https:\/\/blogg.fisheco.se\/flugfiskaren\/wp-json\/wp\/v2\/users\/10"}],"replies":[{"embeddable":true,"href":"https:\/\/blogg.fisheco.se\/flugfiskaren\/wp-json\/wp\/v2\/comments?post=2596"}],"version-history":[{"count":0,"href":"https:\/\/blogg.fisheco.se\/flugfiskaren\/wp-json\/wp\/v2\/posts\/2596\/revisions"}],"wp:attachment":[{"href":"https:\/\/blogg.fisheco.se\/flugfiskaren\/wp-json\/wp\/v2\/media?parent=2596"}],"wp:term":[{"taxonomy":"category","embeddable":true,"href":"https:\/\/blogg.fisheco.se\/flugfiskaren\/wp-json\/wp\/v2\/categories?post=2596"},{"taxonomy":"post_tag","embeddable":true,"href":"https:\/\/blogg.fisheco.se\/flugfiskaren\/wp-json\/wp\/v2\/tags?post=2596"}],"curies":[{"name":"wp","href":"https:\/\/api.w.org\/{rel}","templated":true}]}}