{"id":2590,"date":"2016-11-13T17:00:41","date_gmt":"2016-11-13T16:00:41","guid":{"rendered":"http:\/\/flugfiskarenismaland.com\/?p=2590"},"modified":"2016-11-13T17:00:41","modified_gmt":"2016-11-13T16:00:41","slug":"fars-dag","status":"publish","type":"post","link":"https:\/\/blogg.fisheco.se\/flugfiskaren\/2016\/11\/13\/fars-dag\/","title":{"rendered":"Fars Dag"},"content":{"rendered":"<p>Idag \u00e4r det fars dag.<\/p>\n<div id=\"attachment_2592\" style=\"width: 484px\" class=\"wp-caption aligncenter\"><a href=\"https:\/\/blogg.fisheco.se\/flugfiskaren\/wp-content\/uploads\/sites\/3\/2016\/11\/f01.jpg\"><img loading=\"lazy\" decoding=\"async\" aria-describedby=\"caption-attachment-2592\" class=\"wp-image-2592 size-large\" src=\"https:\/\/blogg.fisheco.se\/flugfiskaren\/wp-content\/uploads\/sites\/3\/2016\/11\/f01.jpg?w=474\" alt=\"f01\" width=\"474\" height=\"317\" srcset=\"https:\/\/blogg.fisheco.se\/flugfiskaren\/wp-content\/uploads\/sites\/3\/2016\/11\/f01.jpg 1936w, https:\/\/blogg.fisheco.se\/flugfiskaren\/wp-content\/uploads\/sites\/3\/2016\/11\/f01-300x201.jpg 300w, https:\/\/blogg.fisheco.se\/flugfiskaren\/wp-content\/uploads\/sites\/3\/2016\/11\/f01-1024x685.jpg 1024w, https:\/\/blogg.fisheco.se\/flugfiskaren\/wp-content\/uploads\/sites\/3\/2016\/11\/f01-768x514.jpg 768w, https:\/\/blogg.fisheco.se\/flugfiskaren\/wp-content\/uploads\/sites\/3\/2016\/11\/f01-1536x1028.jpg 1536w\" sizes=\"auto, (max-width: 474px) 100vw, 474px\" \/><\/a><p id=\"caption-attachment-2592\" class=\"wp-caption-text\">Vilken fluga?<\/p><\/div>\n<p>Som jag skrivit ett par g\u00e5nger tidigare p\u00e5 bloggen s\u00e5 \u00e4r min far den som hj\u00e4lpte mig att utveckla mitt fiske och som fortsatt att verkligen uppmuntra mitt fiskeintresse. Det \u00e4r jag otroligt tacksam f\u00f6r idag. Min fiskekarri\u00e4r tog sin start uppe i Stockholms &nbsp;sk\u00e4rg\u00e5rd n\u00e4r jag var ute och fiskade med min far, farfar och farbror. Efter det har det bara v\u00e4xt och jag och min far har varit och fiskat n\u00e4stan \u00f6verallt i v\u00e5rt avl\u00e5nga land.<\/p>\n<p>&nbsp;<\/p>\n<p>En fantastisk far och fiskekompanjon. S\u00e5 grattis far!<\/p>\n","protected":false},"excerpt":{"rendered":"<p>Idag \u00e4r det fars dag. Som jag skrivit ett par g\u00e5nger tidigare p\u00e5 bloggen s\u00e5 \u00e4r min far den som hj\u00e4lpte mig att utveckla mitt fiske och som fortsatt att verkligen uppmuntra mitt fiskeintresse. Det \u00e4r jag otroligt tacksam f\u00f6r &hellip; <a href=\"https:\/\/blogg.fisheco.se\/flugfiskaren\/2016\/11\/13\/fars-dag\/\">Forts\u00e4tt l\u00e4sa <span class=\"meta-nav\">&rarr;<\/span><\/a><\/p>\n","protected":false},"author":10,"featured_media":0,"comment_status":"open","ping_status":"open","sticky":false,"template":"","format":"standard","meta":{"footnotes":""},"categories":[1],"tags":[269,122,270,271,272],"class_list":["post-2590","post","type-post","status-publish","format-standard","hentry","category-okategoriserade","tag-farsdag","tag-flugfiske","tag-harjedalen","tag-jamtland","tag-pappa"],"_links":{"self":[{"href":"https:\/\/blogg.fisheco.se\/flugfiskaren\/wp-json\/wp\/v2\/posts\/2590","targetHints":{"allow":["GET"]}}],"collection":[{"href":"https:\/\/blogg.fisheco.se\/flugfiskaren\/wp-json\/wp\/v2\/posts"}],"about":[{"href":"https:\/\/blogg.fisheco.se\/flugfiskaren\/wp-json\/wp\/v2\/types\/post"}],"author":[{"embeddable":true,"href":"https:\/\/blogg.fisheco.se\/flugfiskaren\/wp-json\/wp\/v2\/users\/10"}],"replies":[{"embeddable":true,"href":"https:\/\/blogg.fisheco.se\/flugfiskaren\/wp-json\/wp\/v2\/comments?post=2590"}],"version-history":[{"count":0,"href":"https:\/\/blogg.fisheco.se\/flugfiskaren\/wp-json\/wp\/v2\/posts\/2590\/revisions"}],"wp:attachment":[{"href":"https:\/\/blogg.fisheco.se\/flugfiskaren\/wp-json\/wp\/v2\/media?parent=2590"}],"wp:term":[{"taxonomy":"category","embeddable":true,"href":"https:\/\/blogg.fisheco.se\/flugfiskaren\/wp-json\/wp\/v2\/categories?post=2590"},{"taxonomy":"post_tag","embeddable":true,"href":"https:\/\/blogg.fisheco.se\/flugfiskaren\/wp-json\/wp\/v2\/tags?post=2590"}],"curies":[{"name":"wp","href":"https:\/\/api.w.org\/{rel}","templated":true}]}}