{"id":2522,"date":"2016-10-23T22:58:40","date_gmt":"2016-10-23T20:58:40","guid":{"rendered":"http:\/\/flugfiskarenismaland.com\/?p=2522"},"modified":"2016-10-23T22:58:40","modified_gmt":"2016-10-23T20:58:40","slug":"bergkvara-gaddfestival-2016-3","status":"publish","type":"post","link":"https:\/\/blogg.fisheco.se\/flugfiskaren\/2016\/10\/23\/bergkvara-gaddfestival-2016-3\/","title":{"rendered":"Bergkvara G\u00e4ddfestival 2016"},"content":{"rendered":"<p>Nu var det dags att summera \u00e5ret t\u00e4vling Bergkvara G\u00e4ddfestival 2016!<\/p>\n<p><a href=\"https:\/\/blogg.fisheco.se\/flugfiskaren\/wp-content\/uploads\/sites\/3\/2016\/10\/0001.jpg\"><img loading=\"lazy\" decoding=\"async\" class=\"aligncenter wp-image-2527 size-large\" src=\"https:\/\/blogg.fisheco.se\/flugfiskaren\/wp-content\/uploads\/sites\/3\/2016\/10\/0001.jpg?w=474\" alt=\"0001\" width=\"474\" height=\"319\" \/><\/a><\/p>\n<p>L\u00f6rdagen var det ett rej\u00e4lt &#8221;skitv\u00e4der&#8221; med regn, bl\u00e5st och ordentligt l\u00e5gvatten. Men trots detta och att SM i g\u00e4ddfiske p\u00e5gick s\u00e5 kom det 48 fiskare till start. Totalt var det 19 lag som var anm\u00e4lda.<\/p>\n<p><a href=\"https:\/\/blogg.fisheco.se\/flugfiskaren\/wp-content\/uploads\/sites\/3\/2016\/10\/14800054_1103147216430370_1388843258_o.jpg\"><img loading=\"lazy\" decoding=\"async\" class=\"aligncenter wp-image-2523 size-large\" src=\"https:\/\/blogg.fisheco.se\/flugfiskaren\/wp-content\/uploads\/sites\/3\/2016\/10\/14800054_1103147216430370_1388843258_o.jpg?w=474\" alt=\"14800054_1103147216430370_1388843258_o\" width=\"474\" height=\"356\" srcset=\"https:\/\/blogg.fisheco.se\/flugfiskaren\/wp-content\/uploads\/sites\/3\/2016\/10\/14800054_1103147216430370_1388843258_o.jpg 1184w, https:\/\/blogg.fisheco.se\/flugfiskaren\/wp-content\/uploads\/sites\/3\/2016\/10\/14800054_1103147216430370_1388843258_o-300x225.jpg 300w, https:\/\/blogg.fisheco.se\/flugfiskaren\/wp-content\/uploads\/sites\/3\/2016\/10\/14800054_1103147216430370_1388843258_o-1024x768.jpg 1024w, https:\/\/blogg.fisheco.se\/flugfiskaren\/wp-content\/uploads\/sites\/3\/2016\/10\/14800054_1103147216430370_1388843258_o-768x576.jpg 768w\" sizes=\"auto, (max-width: 474px) 100vw, 474px\" \/><\/a><\/p>\n<p>I \u00e5r hade vi en minimigr\u00e4ns p\u00e5 70 cm f\u00f6r att fiskarna skulle vara godk\u00e4nda i t\u00e4vlingen. Det kom upp en hel del fisk under detta men totalt s\u00e5 blev det ca 30 fiskar som anm\u00e4ldes som var \u00f6ver 70cm.<\/p>\n<div id=\"attachment_2535\" style=\"width: 484px\" class=\"wp-caption aligncenter\"><a href=\"https:\/\/blogg.fisheco.se\/flugfiskaren\/wp-content\/uploads\/sites\/3\/2016\/10\/bgf12.jpg\"><img loading=\"lazy\" decoding=\"async\" aria-describedby=\"caption-attachment-2535\" class=\"wp-image-2535 size-large\" src=\"https:\/\/blogg.fisheco.se\/flugfiskaren\/wp-content\/uploads\/sites\/3\/2016\/10\/bgf12.jpg?w=474\" alt=\"bgf12\" width=\"474\" height=\"294\" \/><\/a><p id=\"caption-attachment-2535\" class=\"wp-caption-text\">Hasse Brolin f\u00f6rs\u00f6ker f\u00e5nga g\u00e4dda p\u00e5 fluga<\/p><\/div>\n<div class=\"text_exposed_show\">\n<p>6 st fiskar \u00f6ver 100 cm registrerades vilket f\u00e5r anses som riktigt bra, s\u00e4rskilt med tanke p\u00e5 f\u00f6rh\u00e5llandena som var.<\/p>\n<div id=\"attachment_2526\" style=\"width: 484px\" class=\"wp-caption aligncenter\"><a href=\"https:\/\/blogg.fisheco.se\/flugfiskaren\/wp-content\/uploads\/sites\/3\/2016\/10\/resized_20161022_120802.jpg\"><img loading=\"lazy\" decoding=\"async\" aria-describedby=\"caption-attachment-2526\" class=\"wp-image-2526 size-large\" src=\"https:\/\/blogg.fisheco.se\/flugfiskaren\/wp-content\/uploads\/sites\/3\/2016\/10\/resized_20161022_120802.jpg?w=474\" alt=\"resized_20161022_120802\" width=\"474\" height=\"632\" srcset=\"https:\/\/blogg.fisheco.se\/flugfiskaren\/wp-content\/uploads\/sites\/3\/2016\/10\/resized_20161022_120802.jpg 810w, https:\/\/blogg.fisheco.se\/flugfiskaren\/wp-content\/uploads\/sites\/3\/2016\/10\/resized_20161022_120802-225x300.jpg 225w, https:\/\/blogg.fisheco.se\/flugfiskaren\/wp-content\/uploads\/sites\/3\/2016\/10\/resized_20161022_120802-768x1024.jpg 768w\" sizes=\"auto, (max-width: 474px) 100vw, 474px\" \/><\/a><p id=\"caption-attachment-2526\" class=\"wp-caption-text\">Peter &#8221;Lappen&#8221; Nilsson med en fin g\u00e4dda p\u00e5 103 cm<\/p><\/div>\n<p>Vi i styrelsen hade fullt upp med att styra med t\u00e4vlingen men fick lite fiskat iaf men ingen st\u00f6rre lycka f\u00f6r oss heller. Men vi \u00e4r n\u00f6jda med \u00e5rets t\u00e4vling och hade supertrevligt och det verkar som de flesta har haft det bra trots ett sv\u00e5rt fiske och skitv\u00e4der.<\/p>\n<div id=\"attachment_2525\" style=\"width: 458px\" class=\"wp-caption aligncenter\"><a href=\"https:\/\/blogg.fisheco.se\/flugfiskaren\/wp-content\/uploads\/sites\/3\/2016\/10\/resized_s.jpg\"><img loading=\"lazy\" decoding=\"async\" aria-describedby=\"caption-attachment-2525\" class=\"wp-image-2525 size-full\" src=\"https:\/\/blogg.fisheco.se\/flugfiskaren\/wp-content\/uploads\/sites\/3\/2016\/10\/resized_s.jpg\" alt=\"resized_s\" width=\"448\" height=\"645\" srcset=\"https:\/\/blogg.fisheco.se\/flugfiskaren\/wp-content\/uploads\/sites\/3\/2016\/10\/resized_s.jpg 448w, https:\/\/blogg.fisheco.se\/flugfiskaren\/wp-content\/uploads\/sites\/3\/2016\/10\/resized_s-208x300.jpg 208w\" sizes=\"auto, (max-width: 448px) 100vw, 448px\" \/><\/a><p id=\"caption-attachment-2525\" class=\"wp-caption-text\">\u00c5rets vinnarfisk p\u00e5 108 cm<\/p><\/div>\n<p>Till n\u00e4sta \u00e5r kommer vi att framf\u00f6rallt ta fram en ny m\u00e4tsticka och vi kommer f\u00f6rmodligen att ha t\u00e4vlingen senare i november n\u00e5gon g\u00e5ng. Men detta diskutera vi vidare under en fisketr\u00e4ff fram\u00f6ver.<\/p>\n<div id=\"attachment_2532\" style=\"width: 484px\" class=\"wp-caption aligncenter\"><a href=\"https:\/\/blogg.fisheco.se\/flugfiskaren\/wp-content\/uploads\/sites\/3\/2016\/10\/image.jpg\"><img loading=\"lazy\" decoding=\"async\" aria-describedby=\"caption-attachment-2532\" class=\"wp-image-2532 size-large\" src=\"https:\/\/blogg.fisheco.se\/flugfiskaren\/wp-content\/uploads\/sites\/3\/2016\/10\/image.jpg?w=474\" alt=\"image\" width=\"474\" height=\"316\" srcset=\"https:\/\/blogg.fisheco.se\/flugfiskaren\/wp-content\/uploads\/sites\/3\/2016\/10\/image.jpg 1200w, https:\/\/blogg.fisheco.se\/flugfiskaren\/wp-content\/uploads\/sites\/3\/2016\/10\/image-300x200.jpg 300w, https:\/\/blogg.fisheco.se\/flugfiskaren\/wp-content\/uploads\/sites\/3\/2016\/10\/image-1024x683.jpg 1024w, https:\/\/blogg.fisheco.se\/flugfiskaren\/wp-content\/uploads\/sites\/3\/2016\/10\/image-768x512.jpg 768w\" sizes=\"auto, (max-width: 474px) 100vw, 474px\" \/><\/a><p id=\"caption-attachment-2532\" class=\"wp-caption-text\">Hasse och jag flugfiskar. Foto Anna Borg \/ Barometern<\/p><\/div>\n<p>\u00c4nnu en g\u00e5ng stort grattis till vinnarna<br \/>\nRobin Nilsson som f\u00f6rsvarade f\u00f6rra \u00e5rets seger och vann \u00e4ven detta \u00e5ret, mycket imponerande! Vinnarfisken i \u00e5r var p\u00e5 108 cm<\/p>\n<div id=\"attachment_2528\" style=\"width: 484px\" class=\"wp-caption aligncenter\"><a href=\"https:\/\/blogg.fisheco.se\/flugfiskaren\/wp-content\/uploads\/sites\/3\/2016\/10\/001.jpg\"><img loading=\"lazy\" decoding=\"async\" aria-describedby=\"caption-attachment-2528\" class=\"wp-image-2528 size-large\" src=\"https:\/\/blogg.fisheco.se\/flugfiskaren\/wp-content\/uploads\/sites\/3\/2016\/10\/001.jpg?w=474\" alt=\"001\" width=\"474\" height=\"339\" \/><\/a><p id=\"caption-attachment-2528\" class=\"wp-caption-text\">Robin Nilsson vann priset f\u00f6r den l\u00e4ngsta g\u00e4ddan<\/p><\/div>\n<p>Laget Pikeboys best\u00e5ende av Peter &#8221;Lappen&#8221; Nilsson och Niclas &#8221;Bonden&#8221; Svensson som fick ihop tre g\u00e4ddor som m\u00e4tte totalt 301 cm<\/p>\n<div id=\"attachment_2529\" style=\"width: 484px\" class=\"wp-caption aligncenter\"><a href=\"https:\/\/blogg.fisheco.se\/flugfiskaren\/wp-content\/uploads\/sites\/3\/2016\/10\/003.jpg\"><img loading=\"lazy\" decoding=\"async\" aria-describedby=\"caption-attachment-2529\" class=\"wp-image-2529 size-large\" src=\"https:\/\/blogg.fisheco.se\/flugfiskaren\/wp-content\/uploads\/sites\/3\/2016\/10\/003.jpg?w=474\" alt=\"003\" width=\"474\" height=\"285\" \/><\/a><p id=\"caption-attachment-2529\" class=\"wp-caption-text\">Laget Pikeboys<\/p><\/div>\n<p>Peter &#8221;G\u00e4ddkungen&#8221; Svensson som \u00e4ven han f\u00f6rsvarade f\u00f6rra \u00e5rets seger i flugfiskepriset.<\/p>\n<div id=\"attachment_2530\" style=\"width: 484px\" class=\"wp-caption aligncenter\"><a href=\"https:\/\/blogg.fisheco.se\/flugfiskaren\/wp-content\/uploads\/sites\/3\/2016\/10\/002.jpg\"><img loading=\"lazy\" decoding=\"async\" aria-describedby=\"caption-attachment-2530\" class=\"wp-image-2530 size-large\" src=\"https:\/\/blogg.fisheco.se\/flugfiskaren\/wp-content\/uploads\/sites\/3\/2016\/10\/002.jpg?w=474\" alt=\"002\" width=\"474\" height=\"727\" \/><\/a><p id=\"caption-attachment-2530\" class=\"wp-caption-text\">Peter Svensson tog hem flugfiskeklassen<\/p><\/div>\n<p>Stort tack till v\u00e5ra sponsorer som gjorde v\u00e5ra vinnare extra lyckliga och sponsrade med ett fint prisbord<\/p>\n<div id=\"attachment_2534\" style=\"width: 484px\" class=\"wp-caption aligncenter\"><a href=\"https:\/\/blogg.fisheco.se\/flugfiskaren\/wp-content\/uploads\/sites\/3\/2016\/10\/bgf22.jpg\"><img loading=\"lazy\" decoding=\"async\" aria-describedby=\"caption-attachment-2534\" class=\"wp-image-2534 size-large\" src=\"https:\/\/blogg.fisheco.se\/flugfiskaren\/wp-content\/uploads\/sites\/3\/2016\/10\/bgf22.jpg?w=474\" alt=\"bgf22\" width=\"474\" height=\"277\" \/><\/a><p id=\"caption-attachment-2534\" class=\"wp-caption-text\">Min flugcombo under t\u00e4vlingen<\/p><\/div>\n<p><a class=\"profileLink\" href=\"https:\/\/www.facebook.com\/BiosAb\/\" target=\"_blank\" rel=\"noopener\">BIOS AB<\/a>\u00a0(IFISH),\u00a0<a class=\"profileLink\" href=\"https:\/\/www.facebook.com\/gaddfabriken.se\/\" target=\"_blank\" rel=\"noopener\">G\u00e4ddfabriken<\/a>,\u00a0<a class=\"profileLink\" href=\"https:\/\/www.facebook.com\/mayfly.se\/\" target=\"_blank\" rel=\"noopener\">MayFly.se<\/a>, <a href=\"http:\/\/www.flugfiskeonline.se\" target=\"_blank\" rel=\"noopener\">Flugfiskeonline<\/a>,\u00a0<a class=\"profileLink\" href=\"https:\/\/www.facebook.com\/rubberbait\/\" target=\"_blank\" rel=\"noopener\">Rubberbait.com<\/a>,\u00a0<a class=\"profileLink\" href=\"https:\/\/www.facebook.com\/nettelbaits\/\" target=\"_blank\" rel=\"noopener\">Nettel Baits<\/a>,<\/p>\n<div id=\"attachment_2524\" style=\"width: 370px\" class=\"wp-caption aligncenter\"><a href=\"https:\/\/blogg.fisheco.se\/flugfiskaren\/wp-content\/uploads\/sites\/3\/2016\/10\/14055790_1103147233097035_1230071706_n.jpg\"><img loading=\"lazy\" decoding=\"async\" aria-describedby=\"caption-attachment-2524\" class=\"wp-image-2524 size-full\" src=\"https:\/\/blogg.fisheco.se\/flugfiskaren\/wp-content\/uploads\/sites\/3\/2016\/10\/14055790_1103147233097035_1230071706_n.jpg\" alt=\"14055790_1103147233097035_1230071706_n\" width=\"360\" height=\"480\" srcset=\"https:\/\/blogg.fisheco.se\/flugfiskaren\/wp-content\/uploads\/sites\/3\/2016\/10\/14055790_1103147233097035_1230071706_n.jpg 360w, https:\/\/blogg.fisheco.se\/flugfiskaren\/wp-content\/uploads\/sites\/3\/2016\/10\/14055790_1103147233097035_1230071706_n-225x300.jpg 225w\" sizes=\"auto, (max-width: 360px) 100vw, 360px\" \/><\/a><p id=\"caption-attachment-2524\" class=\"wp-caption-text\">Peter Svensson med en fin g\u00e4dda fr\u00e5n t\u00e4vlingen<\/p><\/div>\n<p>Samt ett stort tack till\u00a0<a class=\"profileLink\" href=\"https:\/\/www.facebook.com\/dalskars\/\" target=\"_blank\" rel=\"noopener\">Dalsk\u00e4rs Camping<\/a>\u00a0och\u00a0<a class=\"profileLink\" href=\"https:\/\/www.facebook.com\/Bergkvara-B%C3%A5tklubb-1580478362240767\/\" target=\"_blank\" rel=\"noopener\">Bergkvara B\u00e5tklubb<\/a><br \/>\nTotalt kommer vi dessutom att sk\u00e4nka 960:- till cancerfonden.<\/p>\n<p>Jag vill ocks\u00e5 passa p\u00e5 att gratulera mina v\u00e4nner i Team Guldmunkarna som kom p\u00e5 en imponerande 5:e plats ! Stort grattis !<\/p>\n<div id=\"attachment_2536\" style=\"width: 484px\" class=\"wp-caption aligncenter\"><a href=\"https:\/\/blogg.fisheco.se\/flugfiskaren\/wp-content\/uploads\/sites\/3\/2016\/10\/14716072_10153973838721778_89350650904093482_n.jpg\"><img loading=\"lazy\" decoding=\"async\" aria-describedby=\"caption-attachment-2536\" class=\"wp-image-2536 size-large\" src=\"https:\/\/blogg.fisheco.se\/flugfiskaren\/wp-content\/uploads\/sites\/3\/2016\/10\/14716072_10153973838721778_89350650904093482_n.jpg?w=474\" alt=\"14716072_10153973838721778_89350650904093482_n\" width=\"474\" height=\"474\" srcset=\"https:\/\/blogg.fisheco.se\/flugfiskaren\/wp-content\/uploads\/sites\/3\/2016\/10\/14716072_10153973838721778_89350650904093482_n.jpg 960w, https:\/\/blogg.fisheco.se\/flugfiskaren\/wp-content\/uploads\/sites\/3\/2016\/10\/14716072_10153973838721778_89350650904093482_n-300x300.jpg 300w, https:\/\/blogg.fisheco.se\/flugfiskaren\/wp-content\/uploads\/sites\/3\/2016\/10\/14716072_10153973838721778_89350650904093482_n-150x150.jpg 150w, https:\/\/blogg.fisheco.se\/flugfiskaren\/wp-content\/uploads\/sites\/3\/2016\/10\/14716072_10153973838721778_89350650904093482_n-768x768.jpg 768w\" sizes=\"auto, (max-width: 474px) 100vw, 474px\" \/><\/a><p id=\"caption-attachment-2536\" class=\"wp-caption-text\">Stort grattis till Team Guldmunkarna som slutade p\u00e5 5:plats i SM och till Richard Thunberg som kom p\u00e5 8:e plats i den individuella klassen<\/p><\/div>\n<\/div>\n","protected":false},"excerpt":{"rendered":"<p>Nu var det dags att summera \u00e5ret t\u00e4vling Bergkvara G\u00e4ddfestival 2016! L\u00f6rdagen var det ett rej\u00e4lt &#8221;skitv\u00e4der&#8221; med regn, bl\u00e5st och ordentligt l\u00e5gvatten. Men trots detta och att SM i g\u00e4ddfiske p\u00e5gick s\u00e5 kom det 48 fiskare till start. Totalt &hellip; <a href=\"https:\/\/blogg.fisheco.se\/flugfiskaren\/2016\/10\/23\/bergkvara-gaddfestival-2016-3\/\">Forts\u00e4tt l\u00e4sa <span class=\"meta-nav\">&rarr;<\/span><\/a><\/p>\n","protected":false},"author":10,"featured_media":0,"comment_status":"open","ping_status":"open","sticky":false,"template":"","format":"standard","meta":{"footnotes":""},"categories":[185,96,3,4,72,167,1],"tags":[184,254,117,255,139,256,205,257,147,233,180],"class_list":["post-2522","post","type-post","status-publish","format-standard","hentry","category-bergkvara","category-fisheco","category-flugfiskarenismaland","category-flugfiske","category-gadda","category-gaddfestival","category-okategoriserade","tag-bergkvara-gaddfestival","tag-bios","tag-flugfiskaren-i-smaland","tag-flugfiskeonline","tag-gaddflugfiske","tag-ifish","tag-mayfly-se","tag-nettlebaits","tag-tavling-2","tag-torsasbygdens-sportfiskeklubb","tag-visionflyfishing"],"_links":{"self":[{"href":"https:\/\/blogg.fisheco.se\/flugfiskaren\/wp-json\/wp\/v2\/posts\/2522","targetHints":{"allow":["GET"]}}],"collection":[{"href":"https:\/\/blogg.fisheco.se\/flugfiskaren\/wp-json\/wp\/v2\/posts"}],"about":[{"href":"https:\/\/blogg.fisheco.se\/flugfiskaren\/wp-json\/wp\/v2\/types\/post"}],"author":[{"embeddable":true,"href":"https:\/\/blogg.fisheco.se\/flugfiskaren\/wp-json\/wp\/v2\/users\/10"}],"replies":[{"embeddable":true,"href":"https:\/\/blogg.fisheco.se\/flugfiskaren\/wp-json\/wp\/v2\/comments?post=2522"}],"version-history":[{"count":0,"href":"https:\/\/blogg.fisheco.se\/flugfiskaren\/wp-json\/wp\/v2\/posts\/2522\/revisions"}],"wp:attachment":[{"href":"https:\/\/blogg.fisheco.se\/flugfiskaren\/wp-json\/wp\/v2\/media?parent=2522"}],"wp:term":[{"taxonomy":"category","embeddable":true,"href":"https:\/\/blogg.fisheco.se\/flugfiskaren\/wp-json\/wp\/v2\/categories?post=2522"},{"taxonomy":"post_tag","embeddable":true,"href":"https:\/\/blogg.fisheco.se\/flugfiskaren\/wp-json\/wp\/v2\/tags?post=2522"}],"curies":[{"name":"wp","href":"https:\/\/api.w.org\/{rel}","templated":true}]}}