{"id":2499,"date":"2016-10-05T23:54:59","date_gmt":"2016-10-05T21:54:59","guid":{"rendered":"http:\/\/flugfiskarenismaland.com\/?p=2499"},"modified":"2016-10-05T23:54:59","modified_gmt":"2016-10-05T21:54:59","slug":"torsasbygdens-sportfiskeklubb-2","status":"publish","type":"post","link":"https:\/\/blogg.fisheco.se\/flugfiskaren\/2016\/10\/05\/torsasbygdens-sportfiskeklubb-2\/","title":{"rendered":"Tors\u00e5sbygdens Sportfiskeklubb"},"content":{"rendered":"<p>Flugorna f\u00f6r rosa bandet var ett lyckat intiativ verkade som. Flugorna \u00e4r s\u00e5lda och pengarna sk\u00e4nks till <a href=\"https:\/\/www.cancerfonden.se\/rosabandet\" target=\"_blank\" rel=\"noopener\">Rosa Bandet<\/a>. \u00a0Alla kan g\u00f6ra n\u00e5t. S\u00e5 jag och min v\u00e4n Amir som ocks\u00e5 \u00e4r kass\u00f6r i f\u00f6reningen <a href=\"http:\/\/torsassportfiske.blogspot.se\" target=\"_blank\" rel=\"noopener\">Tors\u00e5sbygdens Sportfiskeklubb<\/a> som jag \u00e4r ordf\u00f6rande i b\u00f6rjade fundera p\u00e5 om inte f\u00f6reningen kunde hj\u00e4lpa till p\u00e5 n\u00e5got s\u00e4tt. 1 av 3\u00a0f\u00e5r cancer men alla ber\u00f6rs och kan vi g\u00f6ra n\u00e5got i kampen mot denna sjukdom s\u00e5 \u00e4r det sj\u00e4lvklart.<\/p>\n<p><a href=\"https:\/\/blogg.fisheco.se\/flugfiskaren\/wp-content\/uploads\/sites\/3\/2016\/10\/den-nya-rosa.jpg\"><img loading=\"lazy\" decoding=\"async\" class=\"aligncenter wp-image-2500 size-large\" src=\"https:\/\/blogg.fisheco.se\/flugfiskaren\/wp-content\/uploads\/sites\/3\/2016\/10\/den-nya-rosa.jpg?w=474\" alt=\"den-nya-rosa\" width=\"474\" height=\"700\" srcset=\"https:\/\/blogg.fisheco.se\/flugfiskaren\/wp-content\/uploads\/sites\/3\/2016\/10\/den-nya-rosa.jpg 1084w, https:\/\/blogg.fisheco.se\/flugfiskaren\/wp-content\/uploads\/sites\/3\/2016\/10\/den-nya-rosa-203x300.jpg 203w, https:\/\/blogg.fisheco.se\/flugfiskaren\/wp-content\/uploads\/sites\/3\/2016\/10\/den-nya-rosa-694x1024.jpg 694w, https:\/\/blogg.fisheco.se\/flugfiskaren\/wp-content\/uploads\/sites\/3\/2016\/10\/den-nya-rosa-768x1134.jpg 768w, https:\/\/blogg.fisheco.se\/flugfiskaren\/wp-content\/uploads\/sites\/3\/2016\/10\/den-nya-rosa-1041x1536.jpg 1041w\" sizes=\"auto, (max-width: 474px) 100vw, 474px\" \/><\/a><\/p>\n<p>F\u00f6reningen skall snart anordna en g\u00e4ddfisket\u00e4vling, <a href=\"http:\/\/torsassportfiske.blogspot.se\/p\/bergkvara-gaddfestival-2015.html\" target=\"_blank\" rel=\"noopener\">Bergkvara G\u00e4ddfestival<\/a> 22-23 oktober. Vi var f\u00f6rra \u00e5ret 63 deltagare och i \u00e5r hoppas vi n\u00e5 100 deltagare. Anm\u00e4lningsavgiften f\u00f6r varje deltagare \u00e4r 150:- och utav de 150:- sk\u00e4nker vi 20:- per deltagare som g\u00e5r direkt till cancerfonden.<\/p>\n","protected":false},"excerpt":{"rendered":"<p>Flugorna f\u00f6r rosa bandet var ett lyckat intiativ verkade som. Flugorna \u00e4r s\u00e5lda och pengarna sk\u00e4nks till Rosa Bandet. \u00a0Alla kan g\u00f6ra n\u00e5t. S\u00e5 jag och min v\u00e4n Amir som ocks\u00e5 \u00e4r kass\u00f6r i f\u00f6reningen Tors\u00e5sbygdens Sportfiskeklubb som jag \u00e4r &hellip; <a href=\"https:\/\/blogg.fisheco.se\/flugfiskaren\/2016\/10\/05\/torsasbygdens-sportfiskeklubb-2\/\">Forts\u00e4tt l\u00e4sa <span class=\"meta-nav\">&rarr;<\/span><\/a><\/p>\n","protected":false},"author":10,"featured_media":0,"comment_status":"open","ping_status":"open","sticky":false,"template":"","format":"standard","meta":{"footnotes":""},"categories":[72,167,1,132],"tags":[184,117,244,245,233,246],"class_list":["post-2499","post","type-post","status-publish","format-standard","hentry","category-gadda","category-gaddfestival","category-okategoriserade","category-torsasbygdens-sportfiskeklubb","tag-bergkvara-gaddfestival","tag-flugfiskaren-i-smaland","tag-fuckcancer","tag-rosabandet","tag-torsasbygdens-sportfiskeklubb","tag-valgorenhet"],"_links":{"self":[{"href":"https:\/\/blogg.fisheco.se\/flugfiskaren\/wp-json\/wp\/v2\/posts\/2499","targetHints":{"allow":["GET"]}}],"collection":[{"href":"https:\/\/blogg.fisheco.se\/flugfiskaren\/wp-json\/wp\/v2\/posts"}],"about":[{"href":"https:\/\/blogg.fisheco.se\/flugfiskaren\/wp-json\/wp\/v2\/types\/post"}],"author":[{"embeddable":true,"href":"https:\/\/blogg.fisheco.se\/flugfiskaren\/wp-json\/wp\/v2\/users\/10"}],"replies":[{"embeddable":true,"href":"https:\/\/blogg.fisheco.se\/flugfiskaren\/wp-json\/wp\/v2\/comments?post=2499"}],"version-history":[{"count":0,"href":"https:\/\/blogg.fisheco.se\/flugfiskaren\/wp-json\/wp\/v2\/posts\/2499\/revisions"}],"wp:attachment":[{"href":"https:\/\/blogg.fisheco.se\/flugfiskaren\/wp-json\/wp\/v2\/media?parent=2499"}],"wp:term":[{"taxonomy":"category","embeddable":true,"href":"https:\/\/blogg.fisheco.se\/flugfiskaren\/wp-json\/wp\/v2\/categories?post=2499"},{"taxonomy":"post_tag","embeddable":true,"href":"https:\/\/blogg.fisheco.se\/flugfiskaren\/wp-json\/wp\/v2\/tags?post=2499"}],"curies":[{"name":"wp","href":"https:\/\/api.w.org\/{rel}","templated":true}]}}