{"id":2275,"date":"2016-05-08T22:54:02","date_gmt":"2016-05-08T20:54:02","guid":{"rendered":"http:\/\/flugfiskarenismaland.com\/?p=2275"},"modified":"2016-05-08T22:54:02","modified_gmt":"2016-05-08T20:54:02","slug":"kustfiskedag","status":"publish","type":"post","link":"https:\/\/blogg.fisheco.se\/flugfiskaren\/2016\/05\/08\/kustfiskedag\/","title":{"rendered":"Kustfiskedag"},"content":{"rendered":"<p><a href=\"https:\/\/flugfiskarenismaland.files.wordpress.com\/2016\/05\/or3.jpg\" target=\"_blank\" rel=\"noopener\"><img loading=\"lazy\" decoding=\"async\" class=\"aligncenter wp-image-2276 size-large\" src=\"https:\/\/flugfiskarenismaland.files.wordpress.com\/2016\/05\/or3.jpg?w=474\" alt=\"or3\" width=\"474\" height=\"233\" \/><\/a><\/p>\n<p>Idag har jag varit p\u00e5 kustfiskedag med <a href=\"http:\/\/www.torsassportfiske.blogspot.se\" target=\"_blank\" rel=\"noopener\">f\u00f6reningen<\/a>. En av \u00e5rets om inte den varmaste dagen f\u00f6r \u00e5ret gjorde att man kunde fiska i t-shirt denna dagen. Gassande sol och n\u00e4stan stiltje var inga optimala f\u00f6ruts\u00e4ttningar. Men vi var 6 st fiskare som gav oss ut f\u00f6r att n\u00f6ta l\u00e4ngs kusten i v\u00e5rt hemmavatten \u00d6rarevet. Fokus p\u00e5 n\u00e4bbg\u00e4dda framf\u00f6rallt men havs\u00f6ring finns det h\u00e4r ocks\u00e5 och s\u00e5 mycket rapporter om havs\u00f6ring som jag f\u00e5tt i \u00e5r har jag nog aldrig tidigare f\u00e5tt fr\u00e5n detta omr\u00e5det.<\/p>\n<p><img loading=\"lazy\" decoding=\"async\" class=\"aligncenter wp-image-2277 size-large\" src=\"https:\/\/flugfiskarenismaland.files.wordpress.com\/2016\/05\/or2.jpg?w=474\" alt=\"or2\" width=\"474\" height=\"190\" \/><\/p>\n<p>N\u00e4bbg\u00e4ddorna har inte kommit in riktigt \u00e4nnu, ett f\u00e5tal n\u00e4bbg\u00e4ddor hade vi som f\u00f6ljde v\u00e5ra beten men inget mer. N\u00e4r n\u00e4bbg\u00e4ddan \u00e4r inne brukar det se ut som att det koka p\u00e5 vattenytan och det \u00e4r nog inte mer \u00e4n en vecka bort innan vi kan se det h\u00e4r. Vi hade ocks\u00e5 f\u00f6ljen av b\u00e5de havs\u00f6ring och en Id hade jag som f\u00f6ljde min fluga.<\/p>\n<p>Under dagen f\u00e5ngades tv\u00e5 st havs\u00f6ringar men inga krokade n\u00e4bbg\u00e4ddor. Det f\u00e5r bli en runda till i veckan.<\/p>\n<p>Skitfiske!<br \/>\n<a href=\"https:\/\/flugfiskarenismaland.files.wordpress.com\/2016\/05\/or1.jpg\" target=\"_blank\" rel=\"noopener\"><img loading=\"lazy\" decoding=\"async\" class=\"aligncenter wp-image-2278 size-large\" src=\"https:\/\/flugfiskarenismaland.files.wordpress.com\/2016\/05\/or1.jpg?w=474\" alt=\"or1\" width=\"474\" height=\"243\" \/><\/a><\/p>\n","protected":false},"excerpt":{"rendered":"<p>Idag har jag varit p\u00e5 kustfiskedag med f\u00f6reningen. En av \u00e5rets om inte den varmaste dagen f\u00f6r \u00e5ret gjorde att man kunde fiska i t-shirt denna dagen. Gassande sol och n\u00e4stan stiltje var inga optimala f\u00f6ruts\u00e4ttningar. Men vi var 6 &hellip; <a href=\"https:\/\/blogg.fisheco.se\/flugfiskaren\/2016\/05\/08\/kustfiskedag\/\">Forts\u00e4tt l\u00e4sa <span class=\"meta-nav\">&rarr;<\/span><\/a><\/p>\n","protected":false},"author":10,"featured_media":0,"comment_status":"open","ping_status":"open","sticky":false,"template":"","format":"standard","meta":{"footnotes":""},"categories":[57,58,59],"tags":[142,150],"class_list":["post-2275","post","type-post","status-publish","format-standard","hentry","category-kusten","category-nabgadda","category-orarevet","tag-oring","tag-torsasbygdens-sportfiskeklubb-2"],"_links":{"self":[{"href":"https:\/\/blogg.fisheco.se\/flugfiskaren\/wp-json\/wp\/v2\/posts\/2275","targetHints":{"allow":["GET"]}}],"collection":[{"href":"https:\/\/blogg.fisheco.se\/flugfiskaren\/wp-json\/wp\/v2\/posts"}],"about":[{"href":"https:\/\/blogg.fisheco.se\/flugfiskaren\/wp-json\/wp\/v2\/types\/post"}],"author":[{"embeddable":true,"href":"https:\/\/blogg.fisheco.se\/flugfiskaren\/wp-json\/wp\/v2\/users\/10"}],"replies":[{"embeddable":true,"href":"https:\/\/blogg.fisheco.se\/flugfiskaren\/wp-json\/wp\/v2\/comments?post=2275"}],"version-history":[{"count":0,"href":"https:\/\/blogg.fisheco.se\/flugfiskaren\/wp-json\/wp\/v2\/posts\/2275\/revisions"}],"wp:attachment":[{"href":"https:\/\/blogg.fisheco.se\/flugfiskaren\/wp-json\/wp\/v2\/media?parent=2275"}],"wp:term":[{"taxonomy":"category","embeddable":true,"href":"https:\/\/blogg.fisheco.se\/flugfiskaren\/wp-json\/wp\/v2\/categories?post=2275"},{"taxonomy":"post_tag","embeddable":true,"href":"https:\/\/blogg.fisheco.se\/flugfiskaren\/wp-json\/wp\/v2\/tags?post=2275"}],"curies":[{"name":"wp","href":"https:\/\/api.w.org\/{rel}","templated":true}]}}