{"id":1875,"date":"2015-05-16T00:02:59","date_gmt":"2015-05-15T22:02:59","guid":{"rendered":"http:\/\/flugfiskarenismaland.com\/?p=1875"},"modified":"2015-05-16T00:02:59","modified_gmt":"2015-05-15T22:02:59","slug":"forsta-metardagen-pa-odevata-fiskecamp","status":"publish","type":"post","link":"https:\/\/blogg.fisheco.se\/flugfiskaren\/2015\/05\/16\/forsta-metardagen-pa-odevata-fiskecamp\/","title":{"rendered":"F\u00f6rsta metardagen p\u00e5 \u00d6devata Fiskecamp"},"content":{"rendered":"<p><a href=\"https:\/\/flugfiskarenismaland.files.wordpress.com\/2015\/05\/metardagen9.jpg\" target=\"_blank\" rel=\"noopener\"><img loading=\"lazy\" decoding=\"async\" class=\"aligncenter wp-image-1873 size-large\" src=\"https:\/\/flugfiskarenismaland.files.wordpress.com\/2015\/05\/metardagen8.jpg?w=474\" alt=\"metardagen8\" width=\"474\" height=\"321\" \/><\/a><\/p>\n<p>&nbsp;<\/p>\n<p>Str\u00e5lande v\u00e4der och ledig dag f\u00f6r de flesta. Kristihimmelsf\u00e4rdsdagen \u00a0\u00e4r enligt svensk tradition ocks\u00e5 kallad f\u00f6r f\u00f6rsta metardagen. Anledningen till det \u00e4r att det sas att det inte l\u00f6nade sig att meta tidigare, fiskarna nappade \u00e4nd\u00e5n inte.<\/p>\n<div id=\"attachment_1866\" style=\"width: 484px\" class=\"wp-caption aligncenter\"><a href=\"https:\/\/flugfiskarenismaland.files.wordpress.com\/2015\/05\/metardagen1.jpg\" target=\"_blank\" rel=\"noopener\"><img loading=\"lazy\" decoding=\"async\" aria-describedby=\"caption-attachment-1866\" class=\"wp-image-1866 size-large\" src=\"https:\/\/flugfiskarenismaland.files.wordpress.com\/2015\/05\/metardagen1.jpg?w=474\" alt=\"metardagen1\" width=\"474\" height=\"299\" \/><\/a><p id=\"caption-attachment-1866\" class=\"wp-caption-text\">De nya dammarna som \u00e4r perfekta f\u00f6r nyb\u00f6rjaren<\/p><\/div>\n<p>&nbsp;<\/p>\n<p>P\u00e5 \u00d6devata fiskecamp firas f\u00f6rsta metardagen varje \u00e5r och det \u00e4r f\u00f6rutom en stor metart\u00e4vling mycket andra aktiviteter. I \u00e5r var Cecilia Gr\u00f6nberg d\u00e4r \u00e4ven k\u00e4nd som &#8221;G\u00f6sdrottningen&#8221;, Jonas och Johan fr\u00e5n svenska flugfiskelandslaget, David Axelsson fr\u00e5n rapala och s\u00e5 var ju Flugfiskaren i Sm\u00e5land d\u00e4r. Jag blev inbjuden att vara p\u00e5 plats och binda flugor och &#8221;<span style=\"text-decoration:underline\">nappade<\/span>&#8221; givetvis p\u00e5 det.<\/p>\n<div id=\"attachment_1867\" style=\"width: 484px\" class=\"wp-caption aligncenter\"><a href=\"https:\/\/flugfiskarenismaland.files.wordpress.com\/2015\/05\/metardagen2.jpg\" target=\"_blank\" rel=\"noopener\"><img loading=\"lazy\" decoding=\"async\" aria-describedby=\"caption-attachment-1867\" class=\"wp-image-1867 size-large\" src=\"https:\/\/flugfiskarenismaland.files.wordpress.com\/2015\/05\/metardagen2.jpg?w=474\" alt=\"metardagen2\" width=\"474\" height=\"258\" \/><\/a><p id=\"caption-attachment-1867\" class=\"wp-caption-text\">Jonas hade fullt upp med att visa de nyfikna bes\u00f6karna hur man fiskar med flugsp\u00f6<\/p><\/div>\n<p>&nbsp;<\/p>\n<p>Jag satt inne i butiken tillsammans med Jan fr\u00e5n <a href=\"http:\/\/www.emmabodafiskeklubb.se\" target=\"_blank\" rel=\"noopener\">Emmabodabygdens sportfiskeklubb<\/a>, en mycket duktig och v\u00e4ldigt trevlig flugbindare. Tiden gick fort n\u00e4r man band flugor med han som s\u00e4llskap, mycket historier och med fisket som gemensamt intresse s\u00e5 fanns det mycket att prata om. Jag hade ocks\u00e5 ett par extra st\u00e4d p\u00e5 plats s\u00e5 bes\u00f6kare kunde pr\u00f6va p\u00e5 att binda en fluga om de ville.<\/p>\n<div id=\"attachment_1870\" style=\"width: 484px\" class=\"wp-caption aligncenter\"><img loading=\"lazy\" decoding=\"async\" aria-describedby=\"caption-attachment-1870\" class=\"wp-image-1870 size-large\" src=\"https:\/\/flugfiskarenismaland.files.wordpress.com\/2015\/05\/metardagen5.jpg?w=474\" alt=\"metardagen5\" width=\"474\" height=\"656\" \/><p id=\"caption-attachment-1870\" class=\"wp-caption-text\">Jan fr\u00e5n Emmabodabygdens sportfiskeklubb<\/p><\/div>\n<p>&nbsp;<\/p>\n<p>Det var mycket bes\u00f6kare, m\u00e5nga som var nyfikna och ville se vad vi pysslade med. Ett par stycken var det som testade p\u00e5 att binda flugor, de flesta i \u00e5ldrarna 7 &#8211; 15 \u00e5r och det var mycket roligt att se dem g\u00f6ra sina f\u00f6rsta flugor.<\/p>\n<div id=\"attachment_1869\" style=\"width: 484px\" class=\"wp-caption aligncenter\"><img loading=\"lazy\" decoding=\"async\" aria-describedby=\"caption-attachment-1869\" class=\"wp-image-1869 size-large\" src=\"https:\/\/flugfiskarenismaland.files.wordpress.com\/2015\/05\/metardagen4.jpg?w=474\" alt=\"metardagen4\" width=\"474\" height=\"629\" \/><p id=\"caption-attachment-1869\" class=\"wp-caption-text\">Mycket grejer blir det<\/p><\/div>\n<p>&nbsp;<\/p>\n<p>Jag och Jan tog en kort paus f\u00f6r att kolla runt bland de andra aktiviteterna och vi tog oss givetvis bort till Jonas och Johan som stod vid de nya dammarna d\u00e4r de har planterat in regnb\u00e5ge. H\u00e4r fick de som ville pr\u00f6va p\u00e5 att flugfiska och de var m\u00e5nga som fick k\u00e4nna p\u00e5 hur det k\u00e4nns att f\u00e5 en fisk p\u00e5 kroken. Vi kom i lagom tid f\u00f6r att se en flicka i 7-8 \u00e5rs \u00e5ldern f\u00e5 p\u00e5 en regnb\u00e5ge p\u00e5 fluga. Jonas hj\u00e4lpte till och det var riktigt kul att se gl\u00e4djen p\u00e5 tjejen n\u00e4r hon fick upp fisken, en framtida flugfiskare som f\u00f6ddes d\u00e4r det \u00e4r jag \u00f6vertygad om.<\/p>\n<p><img loading=\"lazy\" decoding=\"async\" class=\"aligncenter wp-image-1871 size-large\" src=\"https:\/\/flugfiskarenismaland.files.wordpress.com\/2015\/05\/metardagen6.jpg?w=474\" alt=\"metardagen6\" width=\"474\" height=\"321\" \/><\/p>\n<p>N\u00e4r klockan n\u00e4rmade sig 15.00 s\u00e5 var det dags att packa ihop och en fantastiskt trevlig dag var till \u00e4nda. \u00d6devata fiskecamp har gjort ett kanonjobb med denna dagen och anordnat massor med aktiviteter. Det var inte bara fiske, det var h\u00f6ns och h\u00e4star d\u00e4r, drilluppvisning och bes\u00f6karna kunde \u00e5ka h\u00e4st och vagn n\u00e5got som min dotter tyckte var j\u00e4tteroligt. En riktig familjedag.<\/p>\n<p>S\u00e5 missa inte det n\u00e4sta \u00e5r, det finns n\u00e5got f\u00f6r alla h\u00e4r. \u00d6devata fiskecamp har j\u00e4ttefin anl\u00e4ggning med mycket fina\u00a0fiskevatten, trevlig och hj\u00e4lpsam personal. Kika in p\u00e5 deras sida och \u00e5k dit och pr\u00f6va fiskelyckan med familjen. <a href=\"http:\/\/www.odevata.se\" target=\"_blank\" rel=\"noopener\">\u00d6devata Fiskecamp<\/a><\/p>\n<div id=\"attachment_1868\" style=\"width: 484px\" class=\"wp-caption aligncenter\"><a href=\"https:\/\/flugfiskarenismaland.files.wordpress.com\/2015\/05\/metardagen3.jpg\" target=\"_blank\" rel=\"noopener\"><img loading=\"lazy\" decoding=\"async\" aria-describedby=\"caption-attachment-1868\" class=\"wp-image-1868 size-large\" src=\"https:\/\/flugfiskarenismaland.files.wordpress.com\/2015\/05\/metardagen3.jpg?w=474\" alt=\"metardagen3\" width=\"474\" height=\"207\" \/><\/a><p id=\"caption-attachment-1868\" class=\"wp-caption-text\">Kaffe och korvgrillning h\u00f6r till<\/p><\/div>\n<p>&nbsp;<\/p>\n","protected":false},"excerpt":{"rendered":"<p>&nbsp; Str\u00e5lande v\u00e4der och ledig dag f\u00f6r de flesta. Kristihimmelsf\u00e4rdsdagen \u00a0\u00e4r enligt svensk tradition ocks\u00e5 kallad f\u00f6r f\u00f6rsta metardagen. Anledningen till det \u00e4r att det sas att det inte l\u00f6nade sig att meta tidigare, fiskarna nappade \u00e4nd\u00e5n inte. &nbsp; P\u00e5 &hellip; <a href=\"https:\/\/blogg.fisheco.se\/flugfiskaren\/2015\/05\/16\/forsta-metardagen-pa-odevata-fiskecamp\/\">Forts\u00e4tt l\u00e4sa <span class=\"meta-nav\">&rarr;<\/span><\/a><\/p>\n","protected":false},"author":10,"featured_media":0,"comment_status":"open","ping_status":"open","sticky":false,"template":"","format":"standard","meta":{"footnotes":""},"categories":[79,99,136,8,3,112,165],"tags":[109,137,118,142,129],"class_list":["post-1875","post","type-post","status-publish","format-standard","hentry","category-emmaboda","category-farsdag","category-fishline","category-flugbindning","category-flugfiskarenismaland","category-odevata","category-odevata-fiskecamp","tag-emmaboda-fiskeklubb","tag-fishline-2","tag-flugfiskeblogg","tag-oring","tag-regnbage"],"_links":{"self":[{"href":"https:\/\/blogg.fisheco.se\/flugfiskaren\/wp-json\/wp\/v2\/posts\/1875","targetHints":{"allow":["GET"]}}],"collection":[{"href":"https:\/\/blogg.fisheco.se\/flugfiskaren\/wp-json\/wp\/v2\/posts"}],"about":[{"href":"https:\/\/blogg.fisheco.se\/flugfiskaren\/wp-json\/wp\/v2\/types\/post"}],"author":[{"embeddable":true,"href":"https:\/\/blogg.fisheco.se\/flugfiskaren\/wp-json\/wp\/v2\/users\/10"}],"replies":[{"embeddable":true,"href":"https:\/\/blogg.fisheco.se\/flugfiskaren\/wp-json\/wp\/v2\/comments?post=1875"}],"version-history":[{"count":0,"href":"https:\/\/blogg.fisheco.se\/flugfiskaren\/wp-json\/wp\/v2\/posts\/1875\/revisions"}],"wp:attachment":[{"href":"https:\/\/blogg.fisheco.se\/flugfiskaren\/wp-json\/wp\/v2\/media?parent=1875"}],"wp:term":[{"taxonomy":"category","embeddable":true,"href":"https:\/\/blogg.fisheco.se\/flugfiskaren\/wp-json\/wp\/v2\/categories?post=1875"},{"taxonomy":"post_tag","embeddable":true,"href":"https:\/\/blogg.fisheco.se\/flugfiskaren\/wp-json\/wp\/v2\/tags?post=1875"}],"curies":[{"name":"wp","href":"https:\/\/api.w.org\/{rel}","templated":true}]}}