{"id":146,"date":"2016-01-23T17:45:36","date_gmt":"2016-01-23T16:45:36","guid":{"rendered":"http:\/\/www.fisheco.se\/blogg\/fiskesyndrom\/?p=146"},"modified":"2016-01-23T17:45:36","modified_gmt":"2016-01-23T16:45:36","slug":"kapten-haddock-och-108an","status":"publish","type":"post","link":"https:\/\/blogg.fisheco.se\/fiskesyndrom\/2016\/01\/23\/kapten-haddock-och-108an\/","title":{"rendered":"Kapten Haddock och 108:an"},"content":{"rendered":"<p>Det \u00e4r \u00e4nnu vinter. Fler sportfiskare verkar ha accepterat detta faktum d\u00e5 klagos\u00e5ngerna\u00a0p\u00e5 sociala medier har mattats av. S\u00e5ngerna om uteblivet spinnfiske\/flugfiske, fr\u00e4mst efter g\u00e4dda.\u00a0Personligen har jag sjungit f\u00f6r full hals de senaste veckorna men\u00a0nu har \u00e4ven min s\u00e5ng tystnat. F\u00f6r f\u00f6rsta g\u00e5ngen p\u00e5 tre veckor var n\u00e4mligen\u00a0inte minusgraderna s\u00e5 m\u00e5nga och det blev ismete, \u00e4ntligen!!!<\/p>\n<p>N\u00e4r m\u00f6rkret \u00e4nnu l\u00e5g tungt \u00f6ver sj\u00f6n masade jag och Aleksander oss ut p\u00e5 isen med varsin ombyggd snowracer bakom oss. Pannlampornas ljusk\u00e4glor dansade \u00f6ver det vita och en p\u00e5taglig f\u00f6rv\u00e4ntan h\u00e4ngde i luften. Nu skulle det bli g\u00e4dda!<\/p>\n<p>Vi var ute i god tid, redo f\u00f6r gryningshugget, det som n\u00e4stan alltid kommer. S\u00e5 \u00e4ven idag. Strax innan alla femton sp\u00f6n satt ute, agnade med str\u00f6mming och sill, h\u00f6rdes; &#8211; F\u00e4ll! P\u00e5 sill! Denna sista information inneb\u00e4r ofta st\u00f6rre fisk.<\/p>\n<div style=\"width: 346px\" class=\"wp-caption aligncenter\"><a href=\"http:\/\/www.fisheco.se\/blogg\/fiskesyndrom\/files\/2016\/01\/img_4902.jpeg\" target=\"_blank\" rel=\"noopener\"><img loading=\"lazy\" decoding=\"async\" src=\"http:\/\/www.fisheco.se\/blogg\/fiskesyndrom\/files\/2016\/01\/img_4902.jpeg\" alt=\"\" width=\"336\" height=\"444\" \/><\/a><p class=\"wp-caption-text\">Men den f\u00f6rsta fisken var inte s\u00e5 stor. 90 cm+ och strax \u00f6ver 4 kg. Min jaktlabrador\/springer spaniel Iso var med p\u00e5 isen och hans nyfikenhet likas\u00e5.<\/p><\/div>\n<p>Inom femton minuter, n\u00e4r Aleksander monterade upp sitt sista sp\u00f6 f\u00e4llde det igen. Nu var det b\u00e4ttre fisk.<\/p>\n<div style=\"width: 347px\" class=\"wp-caption aligncenter\"><a href=\"http:\/\/www.fisheco.se\/blogg\/fiskesyndrom\/files\/2016\/01\/img_4906-1.jpeg\" target=\"_blank\" rel=\"noopener\"><img loading=\"lazy\" decoding=\"async\" src=\"http:\/\/www.fisheco.se\/blogg\/fiskesyndrom\/files\/2016\/01\/img_4906-1.jpeg\" alt=\"\" width=\"337\" height=\"447\" \/><\/a><p class=\"wp-caption-text\">108 cm ov\u00e4gd fisk p\u00e5 \u00e5tminstone 7+<\/p><\/div>\n<p>Riktigt bra start p\u00e5 detta ispass! Och \u00e4ven en beh\u00f6vlig start!? P\u00e5 v\u00e4gen till sj\u00f6n blev det n\u00e4mligen lite bekymmer. Aleksander svor som kapten Haddock bakom mig \u00f6ver sin \u00f6verlastade snowracer som v\u00e4lte g\u00e5ng p\u00e5 g\u00e5ng. Det kom sn\u00f6 i packningen och p\u00e5 rullarna. V\u00e4l framme vid fiskeplatsen r\u00e5kade en av hans rullar ocks\u00e5 bada i h\u00e5let och m\u00f6rkret i hans blick var av s\u00e5dan sort att man gjorde b\u00e4st i att inte st\u00f6ra, att g\u00e5 bort till basl\u00e4gret en stund. M\u00e4rkligt hur en g\u00e4dda p\u00e5 108 cm kan p\u00e5verka en vuxen mans sinnesst\u00e4mning. Trots att han kanske inte ser s\u00e5 glad ut p\u00e5 bilden ovan s\u00e5 sj\u00f6ng han som en l\u00e4rka efter den fisken&#8230;<\/p>\n<p>Efter den goda starten s\u00e5 upph\u00f6rde det hela tyv\u00e4rr, f\u00f6r en bra stund fram\u00f6ver. Kaffe, eldning, skitsnack och isrensning i h\u00e5len var melodin i tv\u00e5 och en halv timme efter 108:an.<\/p>\n<p><img loading=\"lazy\" decoding=\"async\" class=\"wp-image-179 aligncenter\" src=\"http:\/\/www.fisheco.se\/blogg\/fiskesyndrom\/files\/2016\/01\/IMG_6861-584x328.jpg\" alt=\"IMG_6861\" width=\"488\" height=\"280\" \/> <img loading=\"lazy\" decoding=\"async\" class=\"wp-image-180 aligncenter\" src=\"http:\/\/www.fisheco.se\/blogg\/fiskesyndrom\/files\/2016\/01\/IMG_6857-584x328.jpg\" alt=\"IMG_6857\" width=\"478\" height=\"274\" \/><\/p>\n<p>Det var f\u00f6rst n\u00e4r Aleksanders son kom p\u00e5 bes\u00f6k p\u00e5 isen som det f\u00e4llde p\u00e5 ett av mina sp\u00f6n, ett av dem med sill! Med adrenalinp\u00e5slag rusade jag fram och m\u00f6ttes av lina som l\u00e4mnade rullen i maklig takt. Nu s\u00e5! Mothugg, k\u00e4nslan av mindre fisk, f\u00f6r en stund k\u00e4nslan av att den var lite st\u00f6rre och slutligen mindre igen.<\/p>\n<div style=\"width: 354px\" class=\"wp-caption aligncenter\"><a href=\"http:\/\/www.fisheco.se\/blogg\/fiskesyndrom\/files\/2016\/01\/img_4911.jpeg\" target=\"_blank\" rel=\"noopener\"><img loading=\"lazy\" decoding=\"async\" src=\"http:\/\/www.fisheco.se\/blogg\/fiskesyndrom\/files\/2016\/01\/img_4911.jpeg\" alt=\"\" width=\"344\" height=\"454\" \/><\/a><p class=\"wp-caption-text\">Liten fisk och min enda f\u00f6r dagen. Redigt glupsk rackare som svalde en sill p\u00e5 30+ cm och en bit \u00f6ver 300 g&#8230; Iso \u00e5ter med p\u00e5 ett h\u00f6rn.<\/p><\/div>\n<p>En ny period av v\u00e4ntan infann sig. Tur d\u00e5 att man \u00e4r i gott s\u00e4llskap. Det blev korvgrillning ist\u00e4llet, kabanoss med sauerkraut &#8211; surk\u00e5l omkokt med bacon, ankfett, kummin och enb\u00e4r. Gudagott!<\/p>\n<p><img loading=\"lazy\" decoding=\"async\" class=\"wp-image-183 aligncenter\" src=\"http:\/\/www.fisheco.se\/blogg\/fiskesyndrom\/files\/2016\/01\/IMG_4915-584x365.jpg\" alt=\"IMG_4915\" width=\"426\" height=\"271\" \/><\/p>\n<div id=\"attachment_182\" style=\"width: 455px\" class=\"wp-caption aligncenter\"><img loading=\"lazy\" decoding=\"async\" aria-describedby=\"caption-attachment-182\" class=\"wp-image-182\" src=\"http:\/\/www.fisheco.se\/blogg\/fiskesyndrom\/files\/2016\/01\/IMG_4916-584x438.jpg\" alt=\"IMG_4916\" width=\"445\" height=\"337\" \/><p id=\"caption-attachment-182\" class=\"wp-caption-text\">Vila p\u00e5 maten? Jag och Iso i hans portabla hundkoja. Lika tr\u00e5ngt som mysigt.<\/p><\/div>\n<p>Denna trevliga dag p\u00e5 sj\u00f6n bj\u00f6d p\u00e5 tv\u00e5 f\u00e4ll till, ett sillf\u00e4ll d\u00e4r betesfisken lirkats av kroken redan innan mothugget samt en till mindre fisk, den enda som tog p\u00e5 str\u00f6mming denna dag. Aleksanders sex\u00e5riga son fick \u00e4ran att drilla och det gjorde han galant.<\/p>\n<div id=\"attachment_184\" style=\"width: 469px\" class=\"wp-caption aligncenter\"><img loading=\"lazy\" decoding=\"async\" aria-describedby=\"caption-attachment-184\" class=\"wp-image-184\" src=\"http:\/\/www.fisheco.se\/blogg\/fiskesyndrom\/files\/2016\/01\/IMG_4913-584x365.jpg\" alt=\"IMG_4913\" width=\"459\" height=\"291\" \/><p id=\"caption-attachment-184\" class=\"wp-caption-text\">En framtida g\u00e4ddn\u00f6rd? F\u00f6ruts\u00e4ttningarna finns&#8230;<\/p><\/div>\n<p>Klockan blev snabbt eftermiddag och d\u00e4rmed det ofr\u00e5nkomligt obehagliga; att packa ihop och avsluta. Ett efterl\u00e4ngtat ispass var \u00f6ver och vi k\u00e4nde oss alla n\u00f6jda trots att fisket var rej\u00e4lt tr\u00f6gt stundvis. Det \u00e4r ju inte varje dag man kan l\u00e4gga en landad 108:a till handlingarna. Gr\u00e4dden p\u00e5 moset!<\/p>\n<p>Skitfiske p\u00e5 er, s\u00e5 l\u00e4nge!<\/p>\n<p>&nbsp;<\/p>\n","protected":false},"excerpt":{"rendered":"<p>Det \u00e4r \u00e4nnu vinter. Fler sportfiskare verkar ha accepterat detta faktum d\u00e5 klagos\u00e5ngerna\u00a0p\u00e5 sociala medier har mattats av. S\u00e5ngerna om uteblivet spinnfiske\/flugfiske, fr\u00e4mst efter g\u00e4dda.\u00a0Personligen har jag sjungit f\u00f6r full hals de senaste veckorna men\u00a0nu har \u00e4ven min s\u00e5ng tystnat. &hellip; <a href=\"https:\/\/blogg.fisheco.se\/fiskesyndrom\/2016\/01\/23\/kapten-haddock-och-108an\/\">Forts\u00e4tt l\u00e4sa <span class=\"meta-nav\">&rarr;<\/span><\/a><\/p>\n","protected":false},"author":17,"featured_media":0,"comment_status":"open","ping_status":"closed","sticky":false,"template":"","format":"standard","meta":{"footnotes":""},"categories":[5],"tags":[],"class_list":["post-146","post","type-post","status-publish","format-standard","hentry","category-ismete"],"_links":{"self":[{"href":"https:\/\/blogg.fisheco.se\/fiskesyndrom\/wp-json\/wp\/v2\/posts\/146","targetHints":{"allow":["GET"]}}],"collection":[{"href":"https:\/\/blogg.fisheco.se\/fiskesyndrom\/wp-json\/wp\/v2\/posts"}],"about":[{"href":"https:\/\/blogg.fisheco.se\/fiskesyndrom\/wp-json\/wp\/v2\/types\/post"}],"author":[{"embeddable":true,"href":"https:\/\/blogg.fisheco.se\/fiskesyndrom\/wp-json\/wp\/v2\/users\/17"}],"replies":[{"embeddable":true,"href":"https:\/\/blogg.fisheco.se\/fiskesyndrom\/wp-json\/wp\/v2\/comments?post=146"}],"version-history":[{"count":0,"href":"https:\/\/blogg.fisheco.se\/fiskesyndrom\/wp-json\/wp\/v2\/posts\/146\/revisions"}],"wp:attachment":[{"href":"https:\/\/blogg.fisheco.se\/fiskesyndrom\/wp-json\/wp\/v2\/media?parent=146"}],"wp:term":[{"taxonomy":"category","embeddable":true,"href":"https:\/\/blogg.fisheco.se\/fiskesyndrom\/wp-json\/wp\/v2\/categories?post=146"},{"taxonomy":"post_tag","embeddable":true,"href":"https:\/\/blogg.fisheco.se\/fiskesyndrom\/wp-json\/wp\/v2\/tags?post=146"}],"curies":[{"name":"wp","href":"https:\/\/api.w.org\/{rel}","templated":true}]}}